{"id":52014,"date":"2022-02-05T11:31:34","date_gmt":"2022-02-05T10:31:34","guid":{"rendered":"http:\/\/miradordeatarfe.es\/?p=52014"},"modified":"2022-02-01T16:03:36","modified_gmt":"2022-02-01T15:03:36","slug":"52014","status":"publish","type":"post","link":"https:\/\/miradordeatarfe.es\/?p=52014","title":{"rendered":"\u00abCOMPENDIO DE LA BEATA DE SIERRA ELVIRA\u00bb por Jos\u00e9 Enrique Granados"},"content":{"rendered":"<div class=\"\" dir=\"auto\">\n<div id=\"jsc_c_3kn\" class=\"ecm0bbzt hv4rvrfc ihqw7lf3 dati1w0a\" data-ad-comet-preview=\"message\" data-ad-preview=\"message\">\n<div class=\"j83agx80 cbu4d94t ew0dbk1b irj2b8pg\">\n<div class=\"qzhwtbm6 knvmm38d\">\n<div class=\"kvgmc6g5 cxmmr5t8 oygrvhab hcukyx3x c1et5uql ii04i59q\">\n<h3 dir=\"auto\" style=\"text-align: justify;\">Recientemente<strong> Francisco Javier Pardo Pedrosa<\/strong> ha localizado y trabajado el documento original depositado y custodiado en el monasterio de Santa Isabel la Real de Granada. Fruto de esta labor ha sido la publicaci\u00f3n del libro titulado<strong> \u201cCompendio de la beata de Sierra Elvira\u201d.<\/strong><\/h3>\n<div dir=\"auto\">\u00a0<\/div>\n<div dir=\"auto\" style=\"text-align: justify;\">Tanto el art\u00edculo de los hermanos Pino Ortega en el especial de las fiestas de IDEAL de 2008, como esta Gacetilla (1 de enero de 2015) hac\u00edamos alusi\u00f3n al manuscrito titulado \u201cVida de la Azucena Rosa Mercenaria, la Venerable Mar\u00eda de Santa Rosa o por otro nombre la Santa de la Sierra de Elvira, Beata de la Orden de Mar\u00eda Sant\u00edsima de la Merced, Redenci\u00f3n de Cautivos de la Ciudad de Granada: escrita por el R.P.M.F. Diego Serrano, Religioso del Real Convento de la misma Orden de la dicha ciudad\u201d, en el a\u00f1o 1769, copia de otro que posiblemente est\u00e9 conservado en un convento de religiosas de Granada, y que don\u00f3 a la Biblioteca de la Universidad de Granada Don Manuel G\u00f3mez Moreno.<\/div>\n<div dir=\"auto\" style=\"text-align: justify;\">\u00a0<\/div>\n<\/div>\n<div class=\"cxmmr5t8 oygrvhab hcukyx3x c1et5uql o9v6fnle ii04i59q\" style=\"text-align: justify;\">\n<div dir=\"auto\"><a href=\"https:\/\/i0.wp.com\/miradordeatarfe.es\/wp-content\/uploads\/2022\/02\/1643719109277.jpg?ssl=1\"><img data-recalc-dims=\"1\" loading=\"lazy\" decoding=\"async\" class=\"size-full wp-image-52016 alignleft\" src=\"https:\/\/i0.wp.com\/miradordeatarfe.es\/wp-content\/uploads\/2022\/02\/1643719109277.jpg?resize=413%2C633&#038;ssl=1\" alt=\"\" width=\"413\" height=\"633\" srcset=\"https:\/\/i0.wp.com\/miradordeatarfe.es\/wp-content\/uploads\/2022\/02\/1643719109277.jpg?w=413&amp;ssl=1 413w, https:\/\/i0.wp.com\/miradordeatarfe.es\/wp-content\/uploads\/2022\/02\/1643719109277.jpg?resize=196%2C300&amp;ssl=1 196w\" sizes=\"auto, (max-width: 413px) 100vw, 413px\" \/><\/a>Recientemente<strong> Francisco Javier Pardo Pedrosa<\/strong> ha localizado y trabajado el documento original depositado y custodiado en el monasterio de Santa Isabel la Real de Granada. Fruto de esta labor ha sido la publicaci\u00f3n del libro titulado<strong> \u201cCompendio de la beata de Sierra Elvira\u201d.<\/strong><\/div>\n<div dir=\"auto\">\u00a0<\/div>\n<\/div>\n<div class=\"cxmmr5t8 oygrvhab hcukyx3x c1et5uql o9v6fnle ii04i59q\" style=\"text-align: justify;\">\n<div dir=\"auto\">Del documento original podemos extraer:<\/div>\n<div dir=\"auto\">\u00a0<\/div>\n<div dir=\"auto\"><em>&lt;&lt;Est\u00e1 este sitio en un monte que se levanta en la hermosa y dilatada vega de Granada, casi al poniente aunque m\u00e1s est\u00e1 al norte de dicha ciudad, distante de ella dos leguas. Tiene en su circunferencia y espacio como tres leguas, est\u00e1 cercada en un llano de tres lugares, Atarfe y Albolote al septentri\u00f3n y a la parte occidental tiene a Pinos-Puente.Estaba dividido el terreno y su distrito tanto en lo civil como en lo espiritual en las tres jurisdicciones y t\u00e9rminos de dichos lugares. Se hallan en este risco diversas y util\u00edsimas canteras. En una parte sacan todas las piedras para los molinos de pan y aceite; en otra sacan la piedra que sirve para la f\u00e1brica de edificios, que es hermosa y de mucha duraci\u00f3n, y de otra sacan los jaspes pardos, que bru\u00f1idos compiten con el m\u00e1s fino cristal. Cerca de esta sierra, y aun en ella, se descubren cimientos de haber habido en lo antiguo una gran poblaci\u00f3n, y arando y labrando se descubren piedras como columnas y pilares para los edificios.<\/em><\/div>\n<div dir=\"auto\">\u00a0<\/div>\n<\/div>\n<div class=\"cxmmr5t8 oygrvhab hcukyx3x c1et5uql o9v6fnle ii04i59q\" style=\"text-align: justify;\">\n<div dir=\"auto\"><em>A una de aquellas cuevas llaman La Santa, por tener raros adornos y figuras; y en otra se descubri\u00f3 a\u00f1os pasados una bell\u00edsima imagen de Jes\u00fas atado a una columna, que se traslad\u00f3 a la iglesia de la villa de Albolote, para ser venerada.<\/em><\/div>\n<div dir=\"auto\">\u00a0<\/div>\n<\/div>\n<div class=\"cxmmr5t8 oygrvhab hcukyx3x c1et5uql o9v6fnle ii04i59q\" style=\"text-align: justify;\">\n<div dir=\"auto\"><em>La cueva que habit\u00f3 parece haber sido una que hay junto al Pe\u00f1\u00f3n Bermejo, t\u00e9rmino de Atarfe, en un sitio que llaman la Cuna junto al pago que dicen de Los Pozos; que tiene la puerta y entrada hacia el poniente y a la parte que est\u00e1 mirando a Pinos-Puente vueltas las espaldas a Granada; as\u00ed lo declaran D. Pedro Antonio Mazuecos, cura que fue tres a\u00f1os de Atarfe, y despu\u00e9s Beneficiado de la villa de \u00cdllora, Comisario del Santo Oficio, y D. Jos\u00e9 de Hita y Rienda, Beneficiado del dicho Atarfe.&gt;&gt;<\/em><\/div>\n<\/div>\n<div class=\"cxmmr5t8 oygrvhab hcukyx3x c1et5uql o9v6fnle ii04i59q\">\n<div dir=\"auto\" style=\"text-align: justify;\">\u00a0<\/div>\n<div dir=\"auto\">FOTO DE PORTADA: Oquedad en el monte de Sierra Elvira. \u00bfSer\u00e1 la cueva que habit\u00f3 la beata?<\/div>\n<div dir=\"auto\">\u00a0<\/div>\n<div dir=\"auto\">\u00a0<\/div>\n<\/div>\n<div class=\"cxmmr5t8 oygrvhab hcukyx3x c1et5uql o9v6fnle ii04i59q\">\n<div dir=\"auto\"><a href=\"https:\/\/www.facebook.com\/profile.php?id=100063704734064\">Curiosidades elvirenses.<\/a><\/div>\n<\/div>\n<\/div>\n<\/div>\n<\/div>\n<\/div>\n","protected":false},"excerpt":{"rendered":"<p>Recientemente Francisco Javier Pardo Pedrosa ha localizado y trabajado el documento original depositado y custodiado&#8230;<\/p>\n","protected":false},"author":1,"featured_media":52017,"comment_status":"closed","ping_status":"closed","sticky":false,"template":"","format":"standard","meta":{"_coblocks_attr":"","_coblocks_dimensions":"","_coblocks_responsive_height":"","_coblocks_accordion_ie_support":"","jetpack_post_was_ever_published":false,"_jetpack_newsletter_access":"","_jetpack_dont_email_post_to_subs":false,"_jetpack_newsletter_tier_id":0,"_jetpack_memberships_contains_paywalled_content":false,"_jetpack_memberships_contains_paid_content":false,"footnotes":"","jetpack_publicize_message":"","jetpack_publicize_feature_enabled":true,"jetpack_social_post_already_shared":true,"jetpack_social_options":{"image_generator_settings":{"template":"highway","default_image_id":0,"enabled":false},"version":2}},"categories":[2,12,1161,38,44,15],"tags":[8915],"class_list":["post-52014","post","type-post","status-publish","format-standard","has-post-thumbnail","hentry","category-atarfe","category-cultura","category-ciudadania","category-opinion-de-jose-enrique-granados","category-noticias-de-hoy","category-ultimas-noticias","tag-beata-de-la-sierra"],"jetpack_publicize_connections":[],"jetpack_featured_media_url":"https:\/\/i0.wp.com\/miradordeatarfe.es\/wp-content\/uploads\/2022\/02\/272883866_331064759027013_8763395886684345270_n-1.jpg?fit=810%2C540&ssl=1","jetpack_likes_enabled":true,"jetpack_sharing_enabled":true,"_links":{"self":[{"href":"https:\/\/miradordeatarfe.es\/index.php?rest_route=\/wp\/v2\/posts\/52014","targetHints":{"allow":["GET"]}}],"collection":[{"href":"https:\/\/miradordeatarfe.es\/index.php?rest_route=\/wp\/v2\/posts"}],"about":[{"href":"https:\/\/miradordeatarfe.es\/index.php?rest_route=\/wp\/v2\/types\/post"}],"author":[{"embeddable":true,"href":"https:\/\/miradordeatarfe.es\/index.php?rest_route=\/wp\/v2\/users\/1"}],"replies":[{"embeddable":true,"href":"https:\/\/miradordeatarfe.es\/index.php?rest_route=%2Fwp%2Fv2%2Fcomments&post=52014"}],"version-history":[{"count":3,"href":"https:\/\/miradordeatarfe.es\/index.php?rest_route=\/wp\/v2\/posts\/52014\/revisions"}],"predecessor-version":[{"id":52020,"href":"https:\/\/miradordeatarfe.es\/index.php?rest_route=\/wp\/v2\/posts\/52014\/revisions\/52020"}],"wp:featuredmedia":[{"embeddable":true,"href":"https:\/\/miradordeatarfe.es\/index.php?rest_route=\/wp\/v2\/media\/52017"}],"wp:attachment":[{"href":"https:\/\/miradordeatarfe.es\/index.php?rest_route=%2Fwp%2Fv2%2Fmedia&parent=52014"}],"wp:term":[{"taxonomy":"category","embeddable":true,"href":"https:\/\/miradordeatarfe.es\/index.php?rest_route=%2Fwp%2Fv2%2Fcategories&post=52014"},{"taxonomy":"post_tag","embeddable":true,"href":"https:\/\/miradordeatarfe.es\/index.php?rest_route=%2Fwp%2Fv2%2Ftags&post=52014"}],"curies":[{"name":"wp","href":"https:\/\/api.w.org\/{rel}","templated":true}]}}