{"id":5202,"date":"2015-12-06T09:30:00","date_gmt":"2015-12-06T09:30:00","guid":{"rendered":"http:\/\/miradordeatarfe.es\/?p=5202"},"modified":"2015-12-08T17:01:04","modified_gmt":"2015-12-08T17:01:04","slug":"las-reformas-de-la-constitucion-de-psoe-ciudadanos-podemos-e-iu-exigen-disolver-las-cortes","status":"publish","type":"post","link":"https:\/\/miradordeatarfe.es\/?p=5202","title":{"rendered":"Las reformas de la Constituci\u00f3n de PSOE, Ciudadanos, Podemos e IU exigen disolver las Cortes"},"content":{"rendered":"<div class=\"subtitle bkn mce sk2\">\n<p>S\u00f3lo el PP de Mariano Rajoy no lleva en su programa ninguna reforma constitucional, y el \u00fanico que apuesta por un proceso constituyente y republicano es el candidato de IU-UP, Alberto Garz\u00f3n. Ciudadanos es el \u00fanico partido que reclama cerrar el Senado, las diputaciones provinciales y el CGPJ; mientras que el PSOE apuesta por el modelo federal, reformar el Senado y llevarlo a Barcelona. Podemos sintetiza su propuesta en cinco acuerdos centrados en los derechos sociales, la profundizaci\u00f3n democr\u00e1tica, la despolitizaci\u00f3n de la justicia, la lucha contra la corrupci\u00f3n y el derecho a decidir de las comunidades<\/p>\n<\/div>\n<p><!--more--><\/p>\n<div class=\"pg-body\">\n<div id=\"edi-body\" class=\"mce-body mce no-sticky-adv-socios\">\n<p class=\"mce\" style=\"text-align: justify;\">La Constituci\u00f3n cumple 37 a\u00f1os. Y s\u00f3lo el Partido Popular quiere dejarla como est\u00e1. Ni siquiera lleva en su\u00a0 programa el cambio la supresi\u00f3n de la preeminencia del var\u00f3n en la sucesi\u00f3n de la corona. \u00abEl texto es plenamente vigente\u00bb, repiten como una jaculatoria los dirigentes populares. Pero en la pr\u00f3xima legislatura puede que ni siquiera tengan una mayor\u00eda de bloqueo, seg\u00fan las encuestas publicadas, y el resto de partidos puedan sumar los dos tercios necesarios para modificar la Constituci\u00f3n, es decir, 234 esca\u00f1os.<\/p>\n<p class=\"mce\" style=\"text-align: justify;\">Pero, \u00bfqu\u00e9 propone el resto? PSOE, Ciudadanos,\u00a0 Podemos e\u00a0 IU-UP llevan en sus programas diferentes propuestas. S\u00ed. Pero los cuatro coinciden en una cosa: lo que proponen exige, por su calado, adem\u00e1s de los dos tercios en la C\u00e1mara, su disoluci\u00f3n, la aprobaci\u00f3n de las reformas por mayor\u00eda de dos tercios de las nuevas Cortes y, en \u00faltimo t\u00e9rmino, en un refer\u00e9ndum.<\/p>\n<div class=\"no-adv-socios\" style=\"text-align: justify;\"><\/div>\n<p class=\"mce\" style=\"text-align: justify;\">Quien llega m\u00e1s lejos es el candidato de IU-UP, Alberto Garz\u00f3n, quien propone el inicio de un proceso constituyente \u00abque devuelva la voz y el poder de decisi\u00f3n de la ciudadan\u00eda para avanzar en un modelo de Estado republicano y federal\u00bb: es el \u00fanico que lleva en su programa que la jefatura del Estado sea elegida por sufragio universal.<\/p>\n<p class=\"mce\" style=\"text-align: justify;\">Podemos, que en su d\u00eda tuvo una secretar\u00eda de Proceso Constituyente, dirigida por Juan Carlos Monedero, ahora prefiere hablar de \u00abreforma constitucional\u00bb y de \u00abcinco acuerdos para un nuevo pa\u00eds\u00bb centrados en los derechos sociales, la profundizaci\u00f3n democr\u00e1tica, la despolitizaci\u00f3n de la justicia, la lucha contra la corrupci\u00f3n y el derecho a decidir de las comunidades.<\/p>\n<h3 style=\"text-align: justify;\">Encaje territorial<\/h3>\n<p class=\"mce\" style=\"text-align: justify;\">Quien se queda m\u00e1s corto, descontando al PP, es Pedro S\u00e1nchez. El PSOE fundamentalmente propone un modelo federal que descarta la posibilidad de un refer\u00e9ndum sobre la independencia: se centra en la mejora de la determinaci\u00f3n de las competencias y en que el modelo de financiaci\u00f3n auton\u00f3mica se someta a votaci\u00f3n. La propuesta de reforma constitucional de los socialistas abarca cambios en cap\u00edtulos que requieren la disoluci\u00f3n de las Cortes y la celebraci\u00f3n de un refer\u00e9ndum.<\/p>\n<p class=\"mce\" style=\"text-align: justify;\">En este \u00e1mbito, el territorial, tambi\u00e9n entra el resto de partidos. Mientras Pablo Iglesias, el candidato de Podemos, abandera el derecho a decidir de las comunidades \u2013\u00bbyo no quiero que se vayan, pero ya es hora de que los catalanes voten lo que quieren ser\u00bb, suele decir Igleisas\u2013 y Garz\u00f3n habla del derecho de autodeterminaci\u00f3n de los pueblos \u00abbasado en la libre voluntad de las partes en unirse en un proyecto com\u00fan\u00bb; Ciudadanos quiere cerrar\u00a0ya \u2013\u00bbconsolidar\u00bb, dicen ellos\u2013 el Estado auton\u00f3mico: pide suprimir la cl\u00e1usula constitucional por la que Navarra puede anexionarse al Pa\u00eds Vasco, la enumeraci\u00f3n de competencias y terminar con la posbilidad de que puedan ampliarse en las Comunidades.<\/p>\n<p class=\"mce\" style=\"text-align: justify;\">La apuesta del PSOE es tender a un modelo federal que, seg\u00fan Pedro S\u00e1nchez, no supone una \u00abruptura con el actual estado auton\u00f3mico\u00bb sino que es su \u00abperfeccionamiento\u00bb porque \u00abclarifica las competencias, no deja al albur del Gobierno de turno la financiaci\u00f3n auton\u00f3mica y aborda la reforma del Senado\u00bb \u2013que Ciudadanos pide suprimir para ser sustituido por un consejo de presidentes auton\u00f3micos\u2013. Adem\u00e1s de llevarlo a Barcelona, los socialistas pretenden vincular definitivamente sus funciones a las que \u00abderivan de la dimensi\u00f3n territorial\u00bb y que su composici\u00f3n tambi\u00e9n lo sea: o bien mediante un modelo intergubernamental o representativo de las comunidades. Reflejar en la Carta Magna de la entrada de Espa\u00f1a en la UE es otra de las aspiraciones del PSOE.<\/p>\n<h3 style=\"text-align: justify;\">Blindaje social<\/h3>\n<p class=\"mce\" style=\"text-align: justify;\">La propuesta de Ciudadanos, si bien afirman que se trata s\u00f3lo de \u00abreformar algunos preceptos, imprescindibles para resolver determinados problemas institucionales\u00bb, reconocen que es \u00abambiciosa\u00bb, \u00abaunque no se trata de cambiar el sistema, sino de mejorar su funcionamiento\u00bb. Es decir, afecta a numerosos art\u00edculos, hasta el punto de que una de sus banderas es compartida con Podemos e IU-UP: el blindaje de los derechos sociales en la Constituci\u00f3n: sanidad, educaci\u00f3n, vivienda&#8230; Derechos que quedaron supeditados al cumplimiento del d\u00e9ficit tras la reforma del art\u00edculo 135 pactada por Rajoy y Rodr\u00edguez Zapatero en agosto de 2011.<\/p>\n<p class=\"mce\" style=\"text-align: justify;\">Sin ir tan lejos, el \u00abblindaje del Estado del Bienestar\u00bb es otro eje de la propuesta de S\u00e1nchez, que busca enmendar el \u00aberror\u00bb de la reforma del art\u00edculo 135. Lo que pretenden ahora los socialistas es incluir un apartado en la redacci\u00f3n de manera que se mantenga el principio de estabilidad presupuestaria pero que se proteja con nivel de derechos fundamentales la sanidad y la protecci\u00f3n de la Seguridad Social.<\/p>\n<p class=\"mce\" style=\"text-align: justify;\">El \u00faltimo bloque de reformas que quieren acometer los socialistas tiene que ver con la mejora de la calidad democr\u00e1tica. S\u00e1nchez ha prometido cambiar el sistema electoral para que haya una \u00abmejor representatividad\u00bb dado que el actual refuerza al bipartidismo, aunque no ha detallado c\u00f3mo lo har\u00e1. Lo que s\u00ed figura en el texto es la posibilidad de desbloquear las listas para que se vote a las personas y no a una plancha. Otra novedad es que el PSOE \u2013que incluy\u00f3 las primarias para elegir a su secretario general hace apenas un a\u00f1o\u2013 quiere obligar a los partidos a trav\u00e9s de la Constituci\u00f3n a que seleccionen a sus candidatos a trav\u00e9s de ese sistema. Adem\u00e1s, el PSOE plantea incorporar al texto constitucional su promesa de un ingreso m\u00ednimo vital.<\/p>\n<p class=\"mce\" style=\"text-align: justify;\">Tambi\u00e9n Ciudadanos propone la oblilgatoriedad de las primarias y la rebaja a 250.000 las firmas necesarias para registrar una Iniciativa Legislativa Popular. En esto, coincide con Podemos e IU-UP, que adem\u00e1s reclaman revocatorios para cargos p\u00fablicos que no cumplan sus compromisos.<\/p>\n<p class=\"mce\" style=\"text-align: justify;\">El otro gran eje de reforma tiene que ver con la independencia de la justicia, en el que tanto Podemos como Ciudadanos e IU son prolijos en iniciativas. Podemos, por ejemplo propone medidas para despolitizar el Tribunal Constitucional y \u00abconstituir un poder Judicial abierto a la elecci\u00f3n directa de la ciudadan\u00eda\u00bb. Ciudadanos, por su parte, reclama la supresi\u00f3n del CGPJ y que sus funciones sean asignadas al presidente del Supremo y del poder Judicial, asistido por dos adjuntos; as\u00ed como que el procedimiento de nombramiento del fiscal general est\u00e9 regulado por la Constituci\u00f3n.<\/p>\n<h3 style=\"text-align: justify;\">Inmovilismo &#8216;popular&#8217;<\/h3>\n<p class=\"mce\" style=\"text-align: justify;\">Y, mientras tanto, \u00bfalguien se mueve en el PP? El partido de Rajoy mantiene que no es necesaria una reforma constitucional ya que sigue \u00abplenamente vigente\u00bb en una legislatura en la que va a cumplir 40 a\u00f1os. De hecho, no forma parte de su programa electoral para el 20D. Y eso que en verano Rajoy dijo que estaba \u00ababierto\u00bb al debate, pero la pol\u00e9mica que desat\u00f3 fue zanjada r\u00e1pidamente por boca de Pablo Casado: \u00abEn un momento en que se desaf\u00eda la unidad de Espa\u00f1a no conviene cuestionarse el marco de convivencia, que ha dado el periodo de mayor prosperidad en Espa\u00f1a\u00bb.<\/p>\n<p class=\"mce\" style=\"text-align: justify;\">El presidente ha llegado a la campa\u00f1a con el mensaje de que no se niega a ello, pero no ve consenso entre los partidos, no cree que sea la soluci\u00f3n para Catalunya ni que sea una preocupaci\u00f3n de la sociedad. S\u00ed acepta que es necesario actualizar la sucesi\u00f3n a la Corona e incluir los nombres de las Comunidades Auton\u00f3mas, pero no lo ha introducido en su programa: simplemente se declara dispuesto a escuchar las propuestas de los dem\u00e1s partidos.<\/p>\n<p class=\"mce\" style=\"text-align: justify;\">Quien s\u00ed ha abundado algo m\u00e1s\u00a0en este asunto es el ministro de Exteriores en funciones, Jos\u00e9 Manuel Garc\u00eda Margallo: dice tener una reforma preparada en un caj\u00f3n desde hace tiempo y la defendi\u00f3 con ocasi\u00f3n de las \u00faltimas catalanas, donde particip\u00f3 en un debate con Oriol Junqueras (ERC). En su propuesta se muestra dispuesto a ceder casi todo el IRPF.<\/p>\n<p class=\"mce\" style=\"text-align: justify;\"><em class=\"mce\"> Con informaci\u00f3n de Irene Castro, Aitor Riveiro, Luz Sanchis y Carmen Moraga<\/em><\/p>\n<\/div>\n<\/div>\n","protected":false},"excerpt":{"rendered":"<p>S\u00f3lo el PP de Mariano Rajoy no lleva en su programa ninguna reforma constitucional, y&#8230;<\/p>\n","protected":false},"author":1,"featured_media":5203,"comment_status":"closed","ping_status":"closed","sticky":false,"template":"","format":"standard","meta":{"_coblocks_attr":"","_coblocks_dimensions":"","_coblocks_responsive_height":"","_coblocks_accordion_ie_support":"","jetpack_post_was_ever_published":false,"_jetpack_newsletter_access":"","_jetpack_dont_email_post_to_subs":false,"_jetpack_newsletter_tier_id":0,"_jetpack_memberships_contains_paywalled_content":false,"_jetpack_memberships_contains_paid_content":false,"footnotes":"","jetpack_publicize_message":"","jetpack_publicize_feature_enabled":true,"jetpack_social_post_already_shared":false,"jetpack_social_options":{"image_generator_settings":{"template":"highway","default_image_id":0,"enabled":false},"version":2}},"categories":[1161,186,15],"tags":[1120,905,1778],"class_list":["post-5202","post","type-post","status-publish","format-standard","has-post-thumbnail","hentry","category-ciudadania","category-instituciones","category-ultimas-noticias","tag-constitucion","tag-partidos","tag-reformas"],"jetpack_publicize_connections":[],"jetpack_featured_media_url":"https:\/\/i0.wp.com\/miradordeatarfe.es\/wp-content\/uploads\/2015\/12\/Delegacion-Gobierno-participantes-Rodea-Congreso_EDIIMA20120925_0517_13.jpg?fit=643%2C362&ssl=1","jetpack_likes_enabled":true,"jetpack_sharing_enabled":true,"_links":{"self":[{"href":"https:\/\/miradordeatarfe.es\/index.php?rest_route=\/wp\/v2\/posts\/5202","targetHints":{"allow":["GET"]}}],"collection":[{"href":"https:\/\/miradordeatarfe.es\/index.php?rest_route=\/wp\/v2\/posts"}],"about":[{"href":"https:\/\/miradordeatarfe.es\/index.php?rest_route=\/wp\/v2\/types\/post"}],"author":[{"embeddable":true,"href":"https:\/\/miradordeatarfe.es\/index.php?rest_route=\/wp\/v2\/users\/1"}],"replies":[{"embeddable":true,"href":"https:\/\/miradordeatarfe.es\/index.php?rest_route=%2Fwp%2Fv2%2Fcomments&post=5202"}],"version-history":[{"count":1,"href":"https:\/\/miradordeatarfe.es\/index.php?rest_route=\/wp\/v2\/posts\/5202\/revisions"}],"predecessor-version":[{"id":5204,"href":"https:\/\/miradordeatarfe.es\/index.php?rest_route=\/wp\/v2\/posts\/5202\/revisions\/5204"}],"wp:featuredmedia":[{"embeddable":true,"href":"https:\/\/miradordeatarfe.es\/index.php?rest_route=\/wp\/v2\/media\/5203"}],"wp:attachment":[{"href":"https:\/\/miradordeatarfe.es\/index.php?rest_route=%2Fwp%2Fv2%2Fmedia&parent=5202"}],"wp:term":[{"taxonomy":"category","embeddable":true,"href":"https:\/\/miradordeatarfe.es\/index.php?rest_route=%2Fwp%2Fv2%2Fcategories&post=5202"},{"taxonomy":"post_tag","embeddable":true,"href":"https:\/\/miradordeatarfe.es\/index.php?rest_route=%2Fwp%2Fv2%2Ftags&post=5202"}],"curies":[{"name":"wp","href":"https:\/\/api.w.org\/{rel}","templated":true}]}}