{"id":52046,"date":"2022-02-02T12:46:37","date_gmt":"2022-02-02T11:46:37","guid":{"rendered":"https:\/\/miradordeatarfe.es\/?p=52046"},"modified":"2022-02-02T12:46:37","modified_gmt":"2022-02-02T11:46:37","slug":"se-busca-personas-atarfenas-dedicadas-a-la-ciencia","status":"publish","type":"post","link":"https:\/\/miradordeatarfe.es\/?p=52046","title":{"rendered":"SE BUSCA: PERSONAS ATARFE\u00d1AS DEDICADAS A LA CIENCIA"},"content":{"rendered":"<p>Querid@ amig@,<\/p>\n<p style=\"text-align: justify;\">\n<strong>La Asociaci\u00f3n CienciAtarfe, el Ayuntamiento de Atarfe, la Asociaci\u00f3n Atarfe Sostenible y la Asociaci\u00f3n Cultural \u201cCora de Ilbira\u201d,<\/strong> hemos puesto en marcha el proyecto \u201cUn espejo en que so\u00f1ar\u201d, cuyo objetivo es dar visibilidad a todas las cient\u00edficas y cient\u00edficos de nuestra localidad para que se\u00e1is referente para nuestro alumnado ya que no nos resignamos a asomarnos a las cifras de fracaso escolar, de desmotivaci\u00f3n, y en algunos casos de abandono.<\/p>\n<p style=\"text-align: justify;\">La situaci\u00f3n sanitaria, desastres climatol\u00f3gicos, fen\u00f3menos de erupci\u00f3n volc\u00e1nica, enjambres s\u00edsmicos\u2026etc.nos hacen ver la necesidad de Ciencia, de investigaci\u00f3n, de divulgaci\u00f3n, de creaci\u00f3n de vocaciones cient\u00edficas\u2026para avanzar y seguir adelante.Necesitamos, ahora m\u00e1s que nunca trabajar juntos.<\/p>\n<p style=\"text-align: justify;\">Consideramos que frente al conformismo que nos puede costar el futuro de este pa\u00eds, es imprescindible fomentar el trabajo coordinado, la implicaci\u00f3n, el compromiso y mucha m\u00e1s Ciencia. As\u00ed es como conseguiremos incidir en la mejora de resultados del alumnado en situaciones de vulnerabilidad social. Somos conscientes, que la Educaci\u00f3n es la herramienta que puede salvar al alumnado que est\u00e1 m\u00e1s cerca de la marginaci\u00f3n y el fracaso escolar y nos preocupa de manera especial la situaci\u00f3n de las ni\u00f1as, que abandonan antes su formaci\u00f3n acad\u00e9mica y muestran una manifiesta desafecci\u00f3n con respeto a las disciplinas cient\u00edficas.<\/p>\n<p style=\"text-align: justify;\">El objetivo del Proyecto \u201cUn espejo en el que so\u00f1ar\u201d es que nuestro alumnado se acerque a la ciencia, al conocimiento y al m\u00e9todo cient\u00edfico como posiblemente lo hiciste en tu vida escolar, en uno de los magn\u00edficos centros educativos de nuestro pueblo hace a\u00f1os.<\/p>\n<p style=\"text-align: justify;\">Es por todo ello que te proponemos participar de forma activa:<br \/>\n1. Envi\u00e1ndonos tu foto con alta resoluci\u00f3n, a la siguiente direcci\u00f3n de correo electr\u00f3nico: <a href=\"mailto:asociacioncienciatarfe@gmail.com\">asociacioncienciatarfe@gmail.com<\/a><br \/>\nAdjunta un breve texto dirigido a nuestro alumnado invit\u00e1ndolo, retando a abrazar la ciencia, a pelear por ser m\u00e1s grandes, m\u00e1s sabios, m\u00e1s libres gracias a m\u00e1s Educaci\u00f3n, a m\u00e1s ciencia, abri\u00e9ndose las puertas a lo mejor que han dado hombres y mujeres en miles de a\u00f1os de desarrollo, de investigaci\u00f3n cient\u00edfica en nuestra localidad.<\/p>\n<p style=\"text-align: justify;\">No sobra ni una mano, ni un empuj\u00f3n, desde la mano de catedr\u00e1tic@s a cient\u00edfic@s que pelean d\u00eda a d\u00eda en cientos de laboratorios y departamentos por sacar adelante sus investigaciones superando recortes y bastante desinter\u00e9s por la ciencia, por falta de apoyos p\u00fablicos o privados.<\/p>\n<p style=\"text-align: justify;\">\n2. Rellenando el siguiente formulario: <a href=\"https:\/\/forms.gle\/1UfZqCFXCsrv2RR67.\">https:\/\/forms.gle\/1UfZqCFXCsrv2RR67.<\/a><\/p>\n<p style=\"text-align: justify;\">Te pedimos que nos mandes toda esta documentaci\u00f3n antes del 15 de febrero. Con toda la informaci\u00f3n recibida realizaremos un spot publicitario y unas pancartas para la celebraci\u00f3n del 8 de marzo (d\u00eda internacional de los derechos de las mujeres) y posteriormente os convocaremos para tener un encuentro con toda la comunidad cient\u00edfica el pr\u00f3ximo <strong>jueves, 7 de abril, en la clausura de la XIII Feria de la Ciencia <\/strong>de Atarfe, en horario de tarde, en el Centro Cultural Medina Elvira.<\/p>\n<p style=\"text-align: justify;\">\u00a1Ya pod\u00e9is reservarlo en la agenda!<\/p>\n<p style=\"text-align: justify;\">M\u00e1s adelante os enviaremos m\u00e1s detalles del evento. T\u00fa contribuci\u00f3n ser\u00eda incalculable. \u00a1GRACIAS!<\/p>\n","protected":false},"excerpt":{"rendered":"<p>Querid@ amig@, La Asociaci\u00f3n CienciAtarfe, el Ayuntamiento de Atarfe, la Asociaci\u00f3n Atarfe Sostenible y la&#8230;<\/p>\n","protected":false},"author":1,"featured_media":52049,"comment_status":"closed","ping_status":"closed","sticky":false,"template":"","format":"standard","meta":{"_coblocks_attr":"","_coblocks_dimensions":"","_coblocks_responsive_height":"","_coblocks_accordion_ie_support":"","jetpack_post_was_ever_published":false,"_jetpack_newsletter_access":"","_jetpack_dont_email_post_to_subs":false,"_jetpack_newsletter_tier_id":0,"_jetpack_memberships_contains_paywalled_content":false,"_jetpack_memberships_contains_paid_content":false,"footnotes":"","jetpack_publicize_message":"","jetpack_publicize_feature_enabled":true,"jetpack_social_post_already_shared":true,"jetpack_social_options":{"image_generator_settings":{"template":"highway","default_image_id":0,"enabled":false},"version":2}},"categories":[2,12,7725,6916,44,15],"tags":[],"class_list":["post-52046","post","type-post","status-publish","format-standard","has-post-thumbnail","hentry","category-atarfe","category-cultura","category-atarfe-sostenible","category-ayuntamiento-de-atarfe","category-noticias-de-hoy","category-ultimas-noticias"],"jetpack_publicize_connections":[],"jetpack_featured_media_url":"https:\/\/i0.wp.com\/miradordeatarfe.es\/wp-content\/uploads\/2022\/02\/indice.png?fit=188%2C123&ssl=1","jetpack_likes_enabled":true,"jetpack_sharing_enabled":true,"_links":{"self":[{"href":"https:\/\/miradordeatarfe.es\/index.php?rest_route=\/wp\/v2\/posts\/52046","targetHints":{"allow":["GET"]}}],"collection":[{"href":"https:\/\/miradordeatarfe.es\/index.php?rest_route=\/wp\/v2\/posts"}],"about":[{"href":"https:\/\/miradordeatarfe.es\/index.php?rest_route=\/wp\/v2\/types\/post"}],"author":[{"embeddable":true,"href":"https:\/\/miradordeatarfe.es\/index.php?rest_route=\/wp\/v2\/users\/1"}],"replies":[{"embeddable":true,"href":"https:\/\/miradordeatarfe.es\/index.php?rest_route=%2Fwp%2Fv2%2Fcomments&post=52046"}],"version-history":[{"count":1,"href":"https:\/\/miradordeatarfe.es\/index.php?rest_route=\/wp\/v2\/posts\/52046\/revisions"}],"predecessor-version":[{"id":52048,"href":"https:\/\/miradordeatarfe.es\/index.php?rest_route=\/wp\/v2\/posts\/52046\/revisions\/52048"}],"wp:featuredmedia":[{"embeddable":true,"href":"https:\/\/miradordeatarfe.es\/index.php?rest_route=\/wp\/v2\/media\/52049"}],"wp:attachment":[{"href":"https:\/\/miradordeatarfe.es\/index.php?rest_route=%2Fwp%2Fv2%2Fmedia&parent=52046"}],"wp:term":[{"taxonomy":"category","embeddable":true,"href":"https:\/\/miradordeatarfe.es\/index.php?rest_route=%2Fwp%2Fv2%2Fcategories&post=52046"},{"taxonomy":"post_tag","embeddable":true,"href":"https:\/\/miradordeatarfe.es\/index.php?rest_route=%2Fwp%2Fv2%2Ftags&post=52046"}],"curies":[{"name":"wp","href":"https:\/\/api.w.org\/{rel}","templated":true}]}}