{"id":52086,"date":"2022-02-04T14:08:50","date_gmt":"2022-02-04T13:08:50","guid":{"rendered":"https:\/\/miradordeatarfe.es\/?p=52086"},"modified":"2022-02-04T14:08:50","modified_gmt":"2022-02-04T13:08:50","slug":"no-todos-somos-iguales-frente-al-cancer","status":"publish","type":"post","link":"https:\/\/miradordeatarfe.es\/?p=52086","title":{"rendered":"No todos somos iguales frente al c\u00e1ncer"},"content":{"rendered":"<div class=\"cuerpo_infoup_right\">El c\u00e1ncer es igual para todos, pero no todos somos iguales frente al c\u00e1ncer. Descubre a continuaci\u00f3n nuestras diferencias y \u00fanete al #acuerdocontraelcancer para luchar contra las desigualdades frente al c\u00e1ncer.<\/div>\n<div>\u00a0<\/div>\n<h1 class=\"pie_right\"><a href=\"https:\/\/acuerdocontraelcancer.com\/#for_datos\">\u00daNETE<\/a><\/h1>\n<p>(pincha aqu\u00ed )<\/p>\n<h3>Liberamos 22 espacios del humo de tabaco en distintas provincias, logrando que m\u00e1s de 125 mil personas respiren en ellos libremente.<\/h3>\n<h3>Gracias al proyecto \u201cRutas Saludables\u201d, m\u00e1s de 3.000 personas incrementaron su actividad f\u00edsica, disminuyendo as\u00ed su riesgo de c\u00e1ncer.<\/h3>\n<h3>Adjudicamos cerca de 20 millones de euros en m\u00e1s de 180 ayudas nuevas a la investigaci\u00f3n en c\u00e1ncer.<\/h3>\n<p><a href=\"https:\/\/i0.wp.com\/miradordeatarfe.es\/wp-content\/uploads\/2022\/02\/Screenshot-2022-02-04-at-13-58-09-Acuerdo-contra-el-cancer-AECC.png?ssl=1\"><img data-recalc-dims=\"1\" loading=\"lazy\" decoding=\"async\" class=\"alignnone size-full wp-image-52087\" src=\"https:\/\/i0.wp.com\/miradordeatarfe.es\/wp-content\/uploads\/2022\/02\/Screenshot-2022-02-04-at-13-58-09-Acuerdo-contra-el-cancer-AECC.png?resize=640%2C353&#038;ssl=1\" alt=\"\" width=\"640\" height=\"353\" srcset=\"https:\/\/i0.wp.com\/miradordeatarfe.es\/wp-content\/uploads\/2022\/02\/Screenshot-2022-02-04-at-13-58-09-Acuerdo-contra-el-cancer-AECC.png?w=1216&amp;ssl=1 1216w, https:\/\/i0.wp.com\/miradordeatarfe.es\/wp-content\/uploads\/2022\/02\/Screenshot-2022-02-04-at-13-58-09-Acuerdo-contra-el-cancer-AECC.png?resize=300%2C165&amp;ssl=1 300w, https:\/\/i0.wp.com\/miradordeatarfe.es\/wp-content\/uploads\/2022\/02\/Screenshot-2022-02-04-at-13-58-09-Acuerdo-contra-el-cancer-AECC.png?resize=1024%2C564&amp;ssl=1 1024w, https:\/\/i0.wp.com\/miradordeatarfe.es\/wp-content\/uploads\/2022\/02\/Screenshot-2022-02-04-at-13-58-09-Acuerdo-contra-el-cancer-AECC.png?resize=768%2C423&amp;ssl=1 768w\" sizes=\"auto, (max-width: 640px) 100vw, 640px\" \/><\/a><\/p>\n<p>&nbsp;<\/p>\n<p><a href=\"https:\/\/i0.wp.com\/miradordeatarfe.es\/wp-content\/uploads\/2022\/02\/cancer.png?ssl=1\"><img data-recalc-dims=\"1\" loading=\"lazy\" decoding=\"async\" class=\"alignnone size-full wp-image-52088\" src=\"https:\/\/i0.wp.com\/miradordeatarfe.es\/wp-content\/uploads\/2022\/02\/cancer.png?resize=640%2C408&#038;ssl=1\" alt=\"\" width=\"640\" height=\"408\" srcset=\"https:\/\/i0.wp.com\/miradordeatarfe.es\/wp-content\/uploads\/2022\/02\/cancer.png?w=1243&amp;ssl=1 1243w, https:\/\/i0.wp.com\/miradordeatarfe.es\/wp-content\/uploads\/2022\/02\/cancer.png?resize=300%2C191&amp;ssl=1 300w, https:\/\/i0.wp.com\/miradordeatarfe.es\/wp-content\/uploads\/2022\/02\/cancer.png?resize=1024%2C652&amp;ssl=1 1024w, https:\/\/i0.wp.com\/miradordeatarfe.es\/wp-content\/uploads\/2022\/02\/cancer.png?resize=768%2C489&amp;ssl=1 768w\" sizes=\"auto, (max-width: 640px) 100vw, 640px\" \/><\/a><\/p>\n<p>&nbsp;<\/p>\n<h1><span style=\"font-family: times new roman, times, serif;\">Informe: <a href=\"https:\/\/observatorio.contraelcancer.es\/informes\/impacto-del-cancer-en-espana-una-aproximacion-a-la-inequidad-y-los-determinantes-sociales?_ga=2.122856075.148348832.1643979206-2105570857.1643979206\">https:\/\/observatorio.contraelcancer.es\/informes\/impacto-del-cancer-en-espana-una-aproximacion-a-la-inequidad-y-los-determinantes-sociales?_ga=2.122856075.148348832.1643979206-2105570857.1643979206<\/a><\/span><\/h1>\n<p>&nbsp;<\/p>\n<p><div class=\"jetpack-video-wrapper\"><iframe loading=\"lazy\" title=\"D\u00eda Mundial Contra el C\u00e1ncer. No todos somos iguales frente al c\u00e1ncer.\" width=\"640\" height=\"360\" src=\"https:\/\/www.youtube.com\/embed\/Pw8Shssu8kM?feature=oembed\" frameborder=\"0\" allow=\"accelerometer; autoplay; clipboard-write; encrypted-media; gyroscope; picture-in-picture; web-share\" referrerpolicy=\"strict-origin-when-cross-origin\" allowfullscreen><\/iframe><\/div>\n<\/p>\n<p>&nbsp;<\/p>\n","protected":false},"excerpt":{"rendered":"<p>El c\u00e1ncer es igual para todos, pero no todos somos iguales frente al c\u00e1ncer. Descubre&#8230;<\/p>\n","protected":false},"author":1,"featured_media":52089,"comment_status":"closed","ping_status":"closed","sticky":false,"template":"","format":"standard","meta":{"_coblocks_attr":"","_coblocks_dimensions":"","_coblocks_responsive_height":"","_coblocks_accordion_ie_support":"","jetpack_post_was_ever_published":false,"_jetpack_newsletter_access":"","_jetpack_dont_email_post_to_subs":false,"_jetpack_newsletter_tier_id":0,"_jetpack_memberships_contains_paywalled_content":false,"_jetpack_memberships_contains_paid_content":false,"footnotes":"","jetpack_publicize_message":"","jetpack_publicize_feature_enabled":true,"jetpack_social_post_already_shared":true,"jetpack_social_options":{"image_generator_settings":{"template":"highway","default_image_id":0,"enabled":false},"version":2}},"categories":[1],"tags":[277,8916],"class_list":["post-52086","post","type-post","status-publish","format-standard","has-post-thumbnail","hentry","category-uncategorized","tag-cancer","tag-unete"],"jetpack_publicize_connections":[],"jetpack_featured_media_url":"https:\/\/i0.wp.com\/miradordeatarfe.es\/wp-content\/uploads\/2022\/02\/nueva_marca1.jpg?fit=1080%2C675&ssl=1","jetpack_likes_enabled":true,"jetpack_sharing_enabled":true,"_links":{"self":[{"href":"https:\/\/miradordeatarfe.es\/index.php?rest_route=\/wp\/v2\/posts\/52086","targetHints":{"allow":["GET"]}}],"collection":[{"href":"https:\/\/miradordeatarfe.es\/index.php?rest_route=\/wp\/v2\/posts"}],"about":[{"href":"https:\/\/miradordeatarfe.es\/index.php?rest_route=\/wp\/v2\/types\/post"}],"author":[{"embeddable":true,"href":"https:\/\/miradordeatarfe.es\/index.php?rest_route=\/wp\/v2\/users\/1"}],"replies":[{"embeddable":true,"href":"https:\/\/miradordeatarfe.es\/index.php?rest_route=%2Fwp%2Fv2%2Fcomments&post=52086"}],"version-history":[{"count":2,"href":"https:\/\/miradordeatarfe.es\/index.php?rest_route=\/wp\/v2\/posts\/52086\/revisions"}],"predecessor-version":[{"id":52091,"href":"https:\/\/miradordeatarfe.es\/index.php?rest_route=\/wp\/v2\/posts\/52086\/revisions\/52091"}],"wp:featuredmedia":[{"embeddable":true,"href":"https:\/\/miradordeatarfe.es\/index.php?rest_route=\/wp\/v2\/media\/52089"}],"wp:attachment":[{"href":"https:\/\/miradordeatarfe.es\/index.php?rest_route=%2Fwp%2Fv2%2Fmedia&parent=52086"}],"wp:term":[{"taxonomy":"category","embeddable":true,"href":"https:\/\/miradordeatarfe.es\/index.php?rest_route=%2Fwp%2Fv2%2Fcategories&post=52086"},{"taxonomy":"post_tag","embeddable":true,"href":"https:\/\/miradordeatarfe.es\/index.php?rest_route=%2Fwp%2Fv2%2Ftags&post=52086"}],"curies":[{"name":"wp","href":"https:\/\/api.w.org\/{rel}","templated":true}]}}