{"id":52093,"date":"2022-02-06T10:46:02","date_gmt":"2022-02-06T09:46:02","guid":{"rendered":"https:\/\/miradordeatarfe.es\/?p=52093"},"modified":"2022-02-04T17:46:50","modified_gmt":"2022-02-04T16:46:50","slug":"el-desmontaje-pieza-a-pieza-del-historico-lavadero-del-sol-empezara-el-lunes","status":"publish","type":"post","link":"https:\/\/miradordeatarfe.es\/?p=52093","title":{"rendered":"El desmontaje pieza a pieza del hist\u00f3rico Lavadero del Sol empezar\u00e1 el lunes"},"content":{"rendered":"<div class=\"voc-article-container\">\n<article class=\"voc-article voc-article--detail voc-article--detail--base voc-article--photo-bottom\">\n<div class=\"voc-info-container\">\n<h2 class=\"voc-sub-title\" style=\"text-align: justify;\"><span style=\"font-family: times new roman, times, serif;\">Cada elemento se restaurar\u00e1 en un taller mientras se corrige el firme de la plaza para reforzar la estructura.<\/span><\/h2>\n<p class=\"voc-sub-title\" style=\"text-align: justify;\"><span style=\"font-family: times new roman, times, serif;\">El hist\u00f3rico lavadero del Sol, un icono del Realejo, pasar\u00e1 por taller pieza a pieza a partir del pr\u00f3ximo lunes. Dentro de cinco meses habr\u00e1 concluido una restauraci\u00f3n integral que acabar\u00e1 con los problemas estructurales y los da\u00f1os por actos vand\u00e1licos durante las \u00faltimas d\u00e9cadas. Una c\u00e1mara de seguridad vigilar\u00e1 la plaza para evitar nuevas pintadas y da\u00f1os en las columnas.<\/span><\/p>\n<\/div>\n<\/article>\n<\/div>\n<div class=\"voc-detail\" data-voc-share-selection=\"\">\n<p class=\"voc-paragraph\" style=\"text-align: justify;\"><span style=\"font-family: times new roman, times, serif;\">La intervenci\u00f3n, sufragada por la Junta de Andaluc\u00eda gracias al Plan Alhambra, tendr\u00e1 un presupuesto de 122.000 euros y est\u00e1 proyectada por los arquitectos del Ayuntamiento de Granada, un ejemplo, han se\u00f1alado representantes institucionales, de colaboraci\u00f3n entre administraciones.<\/span><\/p>\n<div class=\"voc-detail__cmp voc-detail__cmp--summary voc-detail__cmp--pad-lr\" style=\"text-align: justify;\">\n<div class=\"voc-article-container\">\n<article class=\"voc-article voc-article--cmp-summary \">\n<div class=\"voc-info-container\">\n<h3 class=\"voc-title\"><span style=\"font-family: times new roman, times, serif;\">Se instalar\u00e1 una c\u00e1mara de vigilancia -similar a las que supervisan los enclaves hist\u00f3ricos del Albaic\u00edn- para evitar que el lavadero sea de nuevo objeto de actos vand\u00e1licos<\/span><\/h3>\n<\/div>\n<\/article>\n<\/div>\n<\/div>\n<p class=\"voc-paragraph\" style=\"text-align: justify;\"><span style=\"font-family: times new roman, times, serif;\">Comenzar\u00e1 el lunes con el desmontaje de todas las piezas -incluidas las hist\u00f3ricas columnas-, restos de edificios del siglo XVI que se aprovecharon para ensamblar el lavadero en el XIX Ir\u00e1n a un taller para su restauraci\u00f3n. En paralelo, se reforzar\u00e1n los pilares y la estructura del lavadero, que se hab\u00eda desequilibrado -es visible- por el movimiento del terreno y la humedad del aljibe que lo alimentaba. Por \u00faltimo, cuando la Subdelegaci\u00f3n del Gobierno d\u00e9 el visto bueno, se instalar\u00e1 una c\u00e1mara de vigilancia -similar a las que supervisan los enclaves hist\u00f3ricos del Albaic\u00edn- para evitar que el lavadero sea de nuevo objeto de actos vand\u00e1licos.<\/span><\/p>\n<p class=\"voc-paragraph\" style=\"text-align: justify;\"><span style=\"font-family: times new roman, times, serif;\">Ser\u00e1, ha dicho el alcalde de Granada, Paco Cuenca, un espacio \u00abdignificado\u00bb. \u00abLos granadinos vamos a volver a disfrutar de uno de los mejores vestigios de lavaderos p\u00fablicos en toda Espa\u00f1a, cuidamos nuestra historia y nuestros barrios\u00bb, ha se\u00f1alado durante la presentaci\u00f3n del proyecto.<\/span><\/p>\n<p class=\"voc-paragraph\" style=\"text-align: justify;\"><span style=\"font-family: times new roman, times, serif;\">El delegado de Cultura y Patrimonio Hist\u00f3rico, Antonio Granados, ha destacado el \u00abcompromiso pol\u00edtico\u00bb de la Junta con el patrimonio granadino, aprovechando el remanente de la Alhambra para desarrollar en colaboraci\u00f3n con el Ayuntamiento los proyectos de restauraci\u00f3n en Granada. \u00abReiteramos el compromiso de trabajo y lealtad institucional a primer nivel\u00bb, ha dicho. El Plan Alhambra supondr\u00e1 la inversi\u00f3n de 20 millones para actuaciones de restauraci\u00f3n de espacios hist\u00f3ricos de la ciudad. Al acto ha asistido tambi\u00e9n la directora del Patronato de la Alhambra, Roc\u00edo D\u00edaz.<\/span><\/p>\n<p class=\"voc-paragraph\" style=\"text-align: justify;\"><span style=\"font-family: times new roman, times, serif;\">Por su parte, el presidente de la asociaci\u00f3n de vecinos del Realejo, Alejandro Corral, ha destacado la importancia de la recuperaci\u00f3n de este patrimonio para el barrio. \u00abLos vecinos han pedido varias veces la restauraci\u00f3n, porque hay problemas estructurales. Nunca le hab\u00eda llegado el momento, se hab\u00eda pospuesto, nunca se hab\u00edan limpiado las columnas en s\u00ed, ha recordado\u00bb.<\/span><\/p>\n<div class=\"voc-detail__cmp voc-detail__cmp--pad-lr \">\n<div class=\"voc-ficha-detail__wrapper\">\n<section class=\"voc-ficha-detail\">\n<div class=\"voc-article-container\">\n<article class=\"voc-article voc-article--cmp-despiece voc-article--photo-top\">\n<div class=\"voc-img-container  \" style=\"text-align: justify;\">\n<div class=\"voc-horizontal voc-img-icon-link\"><span style=\"font-family: times new roman, times, serif;\"><img data-recalc-dims=\"1\" decoding=\"async\" title=\"\" src=\"https:\/\/i0.wp.com\/static1.ideal.es\/www\/multimedia\/202202\/04\/media\/cortadas\/lavadero1-kxkE-U1607860415211SB-532x325%40Ideal.jpg?w=640&#038;ssl=1\" alt=\"\" \/><\/span><\/div>\n<p class=\"figure-caption\"><span class=\"voc-photo-author\" style=\"font-family: times new roman, times, serif;\">A. AGUILAR<\/span><\/p>\n<\/div>\n<div class=\"voc-info-container\">\n<h3 class=\"voc-title\" style=\"text-align: justify;\"><span style=\"font-family: times new roman, times, serif;\">As\u00ed ser\u00e1n las obras<\/span><\/h3>\n<p class=\"voc-paragraph\" style=\"text-align: justify;\"><em><span style=\"font-family: times new roman, times, serif;\">La intervenci\u00f3n propone la rehabilitaci\u00f3n integral de lavadero, que se iniciar\u00e1 con el desmotado, pieza a pieza, de todos los elementos que conforman el lavadero, para su posterior traslado a almac\u00e9n donde se les aplicar\u00e1 el tratamiento especifico que necesite cada pieza.<\/span><\/em><\/p>\n<p class=\"voc-paragraph\" style=\"text-align: justify;\"><em><span style=\"font-family: times new roman, times, serif;\">Finalizado el desmotado, y con el objeto de resolver el problema del hundimiento del terreno, que ha provocado el desplome del lavadero, se ejecutar\u00e1 una nueva cimentaci\u00f3n mediante losa de hommig\u00f3n armado que se apoyar\u00e1 sobre un entramado de micropilotes.<\/span><\/em><\/p>\n<p class=\"voc-paragraph\" style=\"text-align: justify;\"><em><span style=\"font-family: times new roman, times, serif;\">Las basas de ladrillo de las columnas se limpiar\u00e1n y se les aplicar\u00e1 un tratamiento superficial de tapado de poros para su consolidaci\u00f3n. Similar tratamiento se les aplicar\u00e1 a las columnas. El pil\u00f3n central se retirar\u00e1 por piezas y para su restauraci\u00f3n o su reemplazo en caso de que est\u00e9n muy deterioradas.<\/span><\/em><\/p>\n<p class=\"voc-paragraph\" style=\"text-align: justify;\"><em><span style=\"font-family: times new roman, times, serif;\">Con el mismo criterio de restauraci\u00f3n y sustituci\u00f3n de piezas muy da\u00f1adas, se intervendr\u00e1 sobre al pavimento de ladrillo que rodea el pil\u00f3n y los muretes de mamposter\u00eda que conforman al perimetro del lavadero.<\/span><\/em><\/p>\n<p class=\"voc-paragraph\" style=\"text-align: justify;\"><em><span style=\"font-family: times new roman, times, serif;\">Se reparar\u00e1 la estructura de madera de cubierta con el criterio de mantener el m\u00e1ximo de elementos originales. Las piezas que deban ser sustituidas se reemplazar\u00e1n por otras de madera de pino tratada. Se finaliza la intervenci\u00f3n con la reparaci\u00f3n del pavimento de empedrado que rodea al lavadero y con la mejora de las instalaciones de electricidad, alumbrado, sanea<\/span>mienta y fontaner\u00eda.<\/em><\/p>\n<div class=\"voc-author-timesocial__signature\">\n<div class=\"voc-author-timesocial__info\">\n<div class=\"voc-author-info\"><a class=\"voc-author\" title=\"JAVIER MORALES\">JAVIER MORALES <\/a><\/div>\n<div>foto: <span class=\"voc-photo-caption\">Visita al Lavadero del Sol este viernes. \/ <\/span><span class=\"voc-photo-author\">A. AGUILAR<\/span><\/div>\n<div>https:\/\/www.ideal.es\/granada\/desmontaje-pieza-pieza-lavadero-sol-realejo-20220204105719-nt.html<\/div>\n<\/div>\n<\/div>\n<\/div>\n<\/article>\n<\/div>\n<\/section>\n<\/div>\n<\/div>\n<\/div>\n","protected":false},"excerpt":{"rendered":"<p>Cada elemento se restaurar\u00e1 en un taller mientras se corrige el firme de la plaza&#8230;<\/p>\n","protected":false},"author":1,"featured_media":52094,"comment_status":"closed","ping_status":"closed","sticky":false,"template":"","format":"standard","meta":{"_coblocks_attr":"","_coblocks_dimensions":"","_coblocks_responsive_height":"","_coblocks_accordion_ie_support":"","jetpack_post_was_ever_published":false,"_jetpack_newsletter_access":"","_jetpack_dont_email_post_to_subs":false,"_jetpack_newsletter_tier_id":0,"_jetpack_memberships_contains_paywalled_content":false,"_jetpack_memberships_contains_paid_content":false,"footnotes":"","jetpack_publicize_message":"","jetpack_publicize_feature_enabled":true,"jetpack_social_post_already_shared":true,"jetpack_social_options":{"image_generator_settings":{"template":"highway","default_image_id":0,"enabled":false},"version":2}},"categories":[1161,44,6937,15],"tags":[8918],"class_list":["post-52093","post","type-post","status-publish","format-standard","has-post-thumbnail","hentry","category-ciudadania","category-noticias-de-hoy","category-sociedad","category-ultimas-noticias","tag-lavadero-del-sol"],"jetpack_publicize_connections":[],"jetpack_featured_media_url":"https:\/\/i0.wp.com\/miradordeatarfe.es\/wp-content\/uploads\/2022\/02\/lavadero-kxkE-U160786041521P2G-624x385%40Ideal.jpg?fit=624%2C385&ssl=1","jetpack_likes_enabled":true,"jetpack_sharing_enabled":true,"_links":{"self":[{"href":"https:\/\/miradordeatarfe.es\/index.php?rest_route=\/wp\/v2\/posts\/52093","targetHints":{"allow":["GET"]}}],"collection":[{"href":"https:\/\/miradordeatarfe.es\/index.php?rest_route=\/wp\/v2\/posts"}],"about":[{"href":"https:\/\/miradordeatarfe.es\/index.php?rest_route=\/wp\/v2\/types\/post"}],"author":[{"embeddable":true,"href":"https:\/\/miradordeatarfe.es\/index.php?rest_route=\/wp\/v2\/users\/1"}],"replies":[{"embeddable":true,"href":"https:\/\/miradordeatarfe.es\/index.php?rest_route=%2Fwp%2Fv2%2Fcomments&post=52093"}],"version-history":[{"count":1,"href":"https:\/\/miradordeatarfe.es\/index.php?rest_route=\/wp\/v2\/posts\/52093\/revisions"}],"predecessor-version":[{"id":52095,"href":"https:\/\/miradordeatarfe.es\/index.php?rest_route=\/wp\/v2\/posts\/52093\/revisions\/52095"}],"wp:featuredmedia":[{"embeddable":true,"href":"https:\/\/miradordeatarfe.es\/index.php?rest_route=\/wp\/v2\/media\/52094"}],"wp:attachment":[{"href":"https:\/\/miradordeatarfe.es\/index.php?rest_route=%2Fwp%2Fv2%2Fmedia&parent=52093"}],"wp:term":[{"taxonomy":"category","embeddable":true,"href":"https:\/\/miradordeatarfe.es\/index.php?rest_route=%2Fwp%2Fv2%2Fcategories&post=52093"},{"taxonomy":"post_tag","embeddable":true,"href":"https:\/\/miradordeatarfe.es\/index.php?rest_route=%2Fwp%2Fv2%2Ftags&post=52093"}],"curies":[{"name":"wp","href":"https:\/\/api.w.org\/{rel}","templated":true}]}}