{"id":52096,"date":"2022-02-08T08:51:07","date_gmt":"2022-02-08T07:51:07","guid":{"rendered":"https:\/\/miradordeatarfe.es\/?p=52096"},"modified":"2022-02-04T19:33:24","modified_gmt":"2022-02-04T18:33:24","slug":"tras-un-ejercicio-intenso-no-te-pares","status":"publish","type":"post","link":"https:\/\/miradordeatarfe.es\/?p=52096","title":{"rendered":"Tras un ejercicio intenso \u00a1no te pares!"},"content":{"rendered":"<h2 class=\"voc-sub-title\" style=\"text-align: justify;\"><span style=\"font-family: times new roman, times, serif;\">Veinte minutos de paseo, bicicleta est\u00e1tica o nataci\u00f3n suave aceleran la recuperaci\u00f3n.<\/span><\/h2>\n<p class=\"voc-paragraph\" style=\"text-align: justify;\">Esta semana los gimnasios, canchas deportivas, pistas de tenis, piscinas&#8230; han notado el &#8216;efecto Nadal&#8217;: apretar los dientes y, a pesar del sufrimiento, hacer diez largos de m\u00e1s, cincuenta abdominales extra o a\u00f1adir unos kil\u00f3metros de propina al footing diario. Seguro que muchos deportistas de a pie han copiado la escena que contemplamos con asombro tras la final del Open de Australia y, despu\u00e9s de hacer su rutina de ejercicio f\u00edsico, por muy cansados que se encuentren, se han subido a una bici est\u00e1tica, como hizo Rafa Nadal el domingo. Con \u00e9l, mucha gente ha descubierto la t\u00e9cnica de la recuperaci\u00f3n activa y al lactato como la causa de dolores musculares despu\u00e9s de un esfuerzo intenso. Pero \u00bfes recomendable para todo el mundo?, \u00bfc\u00f3mo se hace?, \u00bfcu\u00e1nto tiempo debemos emplear?<\/p>\n<p class=\"voc-paragraph\" style=\"text-align: justify;\">Un avance: lo peor es pararnos tras un esfuerzo intenso. \u00abLo que nos pide el cuerpo despu\u00e9s de hacer deporte es tirarnos en el sof\u00e1, a lo sumo una tabla de estiramientos. Pero las investigaciones realizadas han demostrado que la recuperaci\u00f3n activa, esto es, hacer un ejercicio f\u00edsico ligero, permite aumentar el flujo de sangre y eliminar el lactato y otros residuos que libera la musculatura durante un esfuerzo intenso y acelerar de ese modo la recuperaci\u00f3n\u00bb, detalla Be\u00f1at Larrinaga, profesor de Planificaci\u00f3n del Entrenamiento y Remo de la Universidad de Deusto e investigador.<\/p>\n<p class=\"voc-paragraph\" style=\"text-align: justify;\">El lactato es un compuesto org\u00e1nico que se encuentra en los m\u00fasculos, sangre y algunos \u00f3rganos. \u00abEn ejercicios de mucha intensidad, cuando no hay ox\u00edgeno el organismo usa la glucosa como si fuera la gasolina de un coche para poder funcionar. Pero se va gastando y degradando y llega a un nivel en el que acaba convirti\u00e9ndose en \u00e1cido l\u00e1ctico. Los m\u00fasculos se quedan sin gasolina y aparece la fatiga\u00bb, destaca Sara Tabares, m\u00e1ster en Fisiolog\u00eda del Ejercicio y directora deportiva de Performa. El tiempo que pasa desde que iniciamos la actividad hasta que aparece el lactato depende \u00abdel estado de forma de cada deportista\u00bb.<\/p>\n<div class=\"voc-detail__cmp voc-detail__cmp--title voc-detail__cmp--no-margin\" style=\"text-align: justify;\">\n<h3 class=\"voc-detail__title\">Frecuencia card\u00edaca<\/h3>\n<\/div>\n<p class=\"voc-paragraph\" style=\"text-align: justify;\">El ejercicio suave se puede hacer \u00abcon bicicleta est\u00e1tica pero tambi\u00e9n con un paseo, nataci\u00f3n&#8230;\u00bb, detalla Larrinaga. Un truco: no superar el 60% o 65% de frecuencia card\u00edaca m\u00e1xima, que nos permita hablar mientras nos movemos. \u00abSe trata de ejercicio de muy baja intensidad durante unos veinte minutos, que te hace sentir mejor al terminarlo. Al ser muy suave, sin pr\u00e1cticamente contracciones exc\u00e9ntricas, reduce el tono muscular y, por tanto, las contracturas\u00bb, destaca Tabares. \u00abDeber\u00eda realizarse casi de forma inmediata tras la competici\u00f3n\u00bb, a\u00f1ade esta experta de la plataforma de entrenadores personales de Valencia &#8216;performa.es&#8217;.<\/p>\n<p class=\"voc-paragraph\" style=\"text-align: justify;\">La especialista detalla que es una t\u00e9cnica conocida desde hace ya a\u00f1os, pero que solo suelen utilizar deportistas profesionales. Es habitual entre los ciclistas tras el enorme desgaste que realizan cada jornada de competici\u00f3n. \u00abIgual no lo vemos porque se hace ya en los vestuarios. Al acabar la etapa, se suben a la bici con rodillo y pedalean\u00bb, explica David Barranco, miembro del comit\u00e9 t\u00e9cnico de salud del Consejo General de la Educaci\u00f3n F\u00edsica y Deportiva.<\/p>\n<p class=\"voc-paragraph\" style=\"text-align: justify;\">Es una \u00abvuelta a la calma\u00bb despu\u00e9s del ejercicio. \u00abEl proceso es: calentamiento, actividad intensa y la recuperaci\u00f3n, que puede ser activa o pasiva, como masajes, crioterapia, presoterapia&#8230; Pero la ventaja de la primera es que elimina el lactato y reduce el dolor muscular\u00bb, incide Barranco, profesor de Ciclismo e investigador en la Universidad Europea de Madrid. \u00abLos ensayos que hemos hecho en el laboratorio muestran que los deportistas se recuperan mejor y m\u00e1s r\u00e1pido\u00bb. Y elegir la bici est\u00e1tica tiene ventajas, ya que \u00abno hay impacto contra el suelo y es un ejercicio suave y sencillo. Si nadamos para recuperar, por ejemplo, tendr\u00edamos que hacerlo con una buena t\u00e9cnica para que sea beneficioso\u00bb, advierte.<\/p>\n<p class=\"voc-paragraph\" style=\"text-align: justify;\">El m\u00e9todo que ha popularizado Nadal no solo est\u00e1 indicado para la competici\u00f3n profesional, es \u00fatil para cualquier deportista aficionado. \u00abLa actividad y la intensidad deben ajustarse a la condici\u00f3n f\u00edsica de cada persona. En muchos casos, con un paseo puede ser suficiente. Por eso es importante contar con el asesoramiento de un preparador f\u00edsico\u00bb, completa Larrinaga.<\/p>\n<p class=\"voc-paragraph\" style=\"text-align: justify;\">Aunque ojo, los expertos aclaran que la recuperaci\u00f3n activa no va evitar que tengamos agujetas ni calambres tras un ejercicio intenso. \u00abLos calambres est\u00e1n m\u00e1s relacionados con una falta de hidrataci\u00f3n o con realizar esfuerzos para los que no est\u00e1s preparado f\u00edsicamente\u00bb, advierte David Barranco.<\/p>\n<p class=\"voc-paragraph\" style=\"text-align: justify;\">.<em><strong>Otros m\u00e9todos de recuperaci\u00f3n pasiva<\/strong><\/em><\/p>\n<div class=\"voc-detail__cmp voc-detail__cmp--pad-lr \" style=\"text-align: justify;\">\n<div class=\"voc-ficha-detail__wrapper\">\n<section class=\"voc-ficha-detail\">\n<div class=\"voc-list__wrapper\">\n<ul class=\"voc-list\">\n<li class=\"voc-list__item\">\n<p class=\"voc-list__paragraph\"><em><span class=\"voc-list__item-cp\">Hidroterapia<\/span> Inmersi\u00f3n en agua fr\u00eda o caliente y el m\u00e9todo de contraste donde se alterna una y otra. La hidroterapia puede ser beneficiosa tras esfuerzos de alta intensidad<\/em><\/p>\n<\/li>\n<li class=\"voc-list__item\">\n<p class=\"voc-list__paragraph\"><em><span class=\"voc-list__item-cp\">Crioterapia<\/span> La crioterapia de cuerpo completo consiste en una exposici\u00f3n corta, de dos o tres minutos, a aire muy fr\u00edo y seco. Se utiliza para acelerar la recuperaci\u00f3n de lesiones y tambi\u00e9n en el tratamiento de enfermedades como: artritis, espondilitis anquilosante.<\/em><\/p>\n<\/li>\n<li class=\"voc-list__item\">\n<p class=\"voc-list__paragraph\"><em><span class=\"voc-list__item-cp\">Sauna<\/span> La temperatura recomendada de la sauna debe ser de 80 a 100 grados y 10-20% de humedad relativa. La utilizaci\u00f3n de ba\u00f1os de sauna despu\u00e9s del ejercicio puede ser beneficiosa para evitar la fatiga.<\/em><\/p>\n<\/li>\n<li class=\"voc-list__item\">\n<p class=\"voc-list__paragraph\"><em><span class=\"voc-list__item-cp\">Compresi\u00f3n<\/span> El uso de prendas de compresi\u00f3n \u2013medias en las piernas, por ejemplo\u2013 mejora el retorno venoso y facilita, as\u00ed, que la sangre riegue los m\u00fasculos tras el esfuerzo<\/em><\/p>\n<\/li>\n<li class=\"voc-list__item\">\n<p class=\"voc-list__paragraph\"><em><span class=\"voc-list__item-cp\">,Masaje<\/span> Los masajes son muy utilizados por los deportistas para recuperarse tras el esfuerzo. Entre los beneficios de esta t\u00e9cnica, que rehabilita y previene lesiones.<\/em><\/p>\n<\/li>\n<li class=\"voc-list__item\">\n<p class=\"voc-list__paragraph\"><em><span class=\"voc-list__item-cp\">Estiramientos<\/span> Los estiramientos son la t\u00e9cnica de recuperaci\u00f3n m\u00e1s utilizada. Los hay espec\u00edficos para cada modalidad deportiva<\/em><\/p>\n<\/li>\n<li class=\"voc-list__item\">\n<p class=\"voc-list__paragraph\"><em><span class=\"voc-list__item-cp\">Tanque de flotaci\u00f3n<\/span> La utilizaci\u00f3n de tanques de flotaci\u00f3n puede mejorar la recuperaci\u00f3n a trav\u00e9s de la reducci\u00f3n del estr\u00e9s, tanto fisiol\u00f3gico como psicol\u00f3gico, junto a otros como la mejora de la relajaci\u00f3n<\/em><\/p>\n<\/li>\n<\/ul>\n<\/div>\n<\/section>\n<\/div>\n<\/div>\n<p class=\"voc-paragraph\" style=\"text-align: justify;\">Es una \u00abvuelta a la calma\u00bb despu\u00e9s del ejercicio. \u00abEl proceso es: calentamiento, ejercicio de intensidad y la recuperaci\u00f3n, que puede ser activa o pasiva, como masajes, crioterapia, presoterapia&#8230; Pero la ventaja de la primera es que elimina el lactato y reduce el dolor muscular\u00bb, incide Barranco, profesor de ciclismo e investigador en la Universidad Europea de Madrid. \u00abLos ensayos que hemos hecho en el laboratorio muestran que los deportistas se recuperan mejor y m\u00e1s r\u00e1pido\u00bb. Y elegir la bici est\u00e1tica tiene ventajas, ya que \u00abno hay impacto contra el suelo y es un ejercicio suave y sencillo. Si nadamos para recuperar, por ejemplo, tendr\u00edamos que hacerlo con una buena t\u00e9cnica para que sea beneficioso\u00bb, advierte.<\/p>\n<p class=\"voc-paragraph\" style=\"text-align: justify;\">El m\u00e9todo que ha popularizado Nadal no solo est\u00e1 indicado para la competici\u00f3n profesional, es \u00fatil para cualquier deportista aficionado. \u00abLa actividad y la intensidad deben ajustarse a la condici\u00f3n f\u00edsica de cada persona. En muchos casos, con un paseo puede ser suficiente. Por eso es importante contar con el asesoramiento de un preparador f\u00edsico\u00bb, completa Larrinaga.<\/p>\n<p class=\"voc-paragraph\" style=\"text-align: justify;\">Aunque ojo, los expertos aclaran que la recuperaci\u00f3n activa no va evitar que tengamos agujetas ni calambres tras un ejercicio intenso. \u00abLos calambres est\u00e1n m\u00e1s relacionados con una falta de hidrataci\u00f3n o con realizar esfuerzos para los que no est\u00e1s preparado f\u00edsicamente\u00bb, advierte David Barranco.<\/p>\n<div class=\"links-interest accordion\" data-voc-seahorse=\"accordion\">\n<div class=\"accordion-card\">\n<div class=\"links-interest__header-item accordion-header\"><a class=\"links-interest__header-link accordion-link\" href=\"https:\/\/www.ideal.es\/vivir\/salud\/tras-ejercicio-intenso-20220203112511-ntrc.html#\"> Tendencias <\/a><\/div>\n<\/div>\n<\/div>\n<p>&nbsp;<\/p>\n<p>&nbsp;<\/p>\n<p><strong><a class=\"voc-author\" title=\"MARTA FDEZ. VALLEJO\" href=\"https:\/\/www.ideal.es\/autor\/marta-fdez-vallejo-170.html\">MARTA FDEZ. VALLEJO <\/a><\/strong><\/p>\n","protected":false},"excerpt":{"rendered":"<p>Veinte minutos de paseo, bicicleta est\u00e1tica o nataci\u00f3n suave aceleran la recuperaci\u00f3n. Esta semana los&#8230;<\/p>\n","protected":false},"author":1,"featured_media":52097,"comment_status":"closed","ping_status":"closed","sticky":false,"template":"","format":"standard","meta":{"_coblocks_attr":"","_coblocks_dimensions":"","_coblocks_responsive_height":"","_coblocks_accordion_ie_support":"","jetpack_post_was_ever_published":false,"_jetpack_newsletter_access":"","_jetpack_dont_email_post_to_subs":false,"_jetpack_newsletter_tier_id":0,"_jetpack_memberships_contains_paywalled_content":false,"_jetpack_memberships_contains_paid_content":false,"footnotes":"","jetpack_publicize_message":"","jetpack_publicize_feature_enabled":true,"jetpack_social_post_already_shared":true,"jetpack_social_options":{"image_generator_settings":{"template":"highway","default_image_id":0,"enabled":false},"version":2}},"categories":[1161,44,15,10],"tags":[4462,8917],"class_list":["post-52096","post","type-post","status-publish","format-standard","has-post-thumbnail","hentry","category-ciudadania","category-noticias-de-hoy","category-ultimas-noticias","category-salud","tag-ejercicios","tag-frecuencia-cardiaca"],"jetpack_publicize_connections":[],"jetpack_featured_media_url":"https:\/\/i0.wp.com\/miradordeatarfe.es\/wp-content\/uploads\/2022\/02\/piernas.jpg-kitC-U160749904637DJD-624x385%40RC.jpg?fit=624%2C385&ssl=1","jetpack_likes_enabled":true,"jetpack_sharing_enabled":true,"_links":{"self":[{"href":"https:\/\/miradordeatarfe.es\/index.php?rest_route=\/wp\/v2\/posts\/52096","targetHints":{"allow":["GET"]}}],"collection":[{"href":"https:\/\/miradordeatarfe.es\/index.php?rest_route=\/wp\/v2\/posts"}],"about":[{"href":"https:\/\/miradordeatarfe.es\/index.php?rest_route=\/wp\/v2\/types\/post"}],"author":[{"embeddable":true,"href":"https:\/\/miradordeatarfe.es\/index.php?rest_route=\/wp\/v2\/users\/1"}],"replies":[{"embeddable":true,"href":"https:\/\/miradordeatarfe.es\/index.php?rest_route=%2Fwp%2Fv2%2Fcomments&post=52096"}],"version-history":[{"count":1,"href":"https:\/\/miradordeatarfe.es\/index.php?rest_route=\/wp\/v2\/posts\/52096\/revisions"}],"predecessor-version":[{"id":52098,"href":"https:\/\/miradordeatarfe.es\/index.php?rest_route=\/wp\/v2\/posts\/52096\/revisions\/52098"}],"wp:featuredmedia":[{"embeddable":true,"href":"https:\/\/miradordeatarfe.es\/index.php?rest_route=\/wp\/v2\/media\/52097"}],"wp:attachment":[{"href":"https:\/\/miradordeatarfe.es\/index.php?rest_route=%2Fwp%2Fv2%2Fmedia&parent=52096"}],"wp:term":[{"taxonomy":"category","embeddable":true,"href":"https:\/\/miradordeatarfe.es\/index.php?rest_route=%2Fwp%2Fv2%2Fcategories&post=52096"},{"taxonomy":"post_tag","embeddable":true,"href":"https:\/\/miradordeatarfe.es\/index.php?rest_route=%2Fwp%2Fv2%2Ftags&post=52096"}],"curies":[{"name":"wp","href":"https:\/\/api.w.org\/{rel}","templated":true}]}}