{"id":5211,"date":"2015-12-09T07:20:45","date_gmt":"2015-12-09T07:20:45","guid":{"rendered":"http:\/\/miradordeatarfe.es\/?p=5211"},"modified":"2015-12-09T10:05:04","modified_gmt":"2015-12-09T10:05:04","slug":"los-refugiados-que-llegan-a-berlin-sufren-aglomeraciones-y-caos-en-los-centros-de-registro","status":"publish","type":"post","link":"https:\/\/miradordeatarfe.es\/?p=5211","title":{"rendered":"Los refugiados que llegan a Berl\u00edn sufren aglomeraciones y caos en los centros de registro"},"content":{"rendered":"<p><strong><\/strong><\/p>\n<div class=\"subtitle bkn mce sk2\">\n<p>Colas de doce horas y malos tratos de algunos \u00a0vigilantes a las puertas de un centro de registro de refugiados en Berl\u00edn.Eldiario.es visita el centro y habla con refugiados que aguardan recostados en plena calle, con el fr\u00edo nocturn.\u00bbSi un perro tiene un accidente aqu\u00ed, seguro que la polic\u00eda corta la calle, pero est\u00e1 claro que nosotros somos menos importantes que ellos\u00bb, protestan<\/p>\n<\/div>\n<p><!--more--><\/p>\n<div class=\"pg-body\">\n<div id=\"edi-body\" class=\"mce-body mce no-sticky-adv-socios\">\n<p class=\"mce\">Mahmud Ali, iraqu\u00ed de unos 20 a\u00f1os de edad, sostiene en una mano una solicitud de intervenci\u00f3n quir\u00fargica para una operaci\u00f3n urgente de sus\u00a0v\u00edas respiratorias en el hospital de la capital alemana Charit\u00e9. En la otra, muestra una denuncia que interpuso la semana pasada ante el juzgado de lo social de Berl\u00edn con ayuda de varios activistas por los derechos humanos.<\/p>\n<p class=\"mce\">En la denuncia Mahmud describe c\u00f3mo lleg\u00f3 el pasado septiembre solo hasta la capital alemana. Su mujer y su beb\u00e9 de cuatro meses permanecen\u00a0bajo la amenaza de ISIS en su pa\u00eds. Desde entonces, y seg\u00fan su documentaci\u00f3n, no ha recibido m\u00e1s que 133 euros de la oficina de salud y asuntos sociales. Seg\u00fan las normas alemanas, le corresponden unos 350 euros al mes, adem\u00e1s del alojamiento. En los albergues donde hay comida, les descuentan de dicho monto la cantidad correspondiente.<\/p>\n<div class=\"no-adv-socios\"><\/div>\n<p class=\"mce\">Como su solicitud de asilo a\u00fan no ha sido aprobada, tampoco lo ha sido su seguro m\u00e9dico. A Mahmud solo le atienden en caso de emergencia. En su atestado m\u00e9dico, el especialista describe la \u00abdificultad para respirar\u00bb del paciente, pero el joven se ve obligado a esperar toda la noche al raso en la calle Turmstra\u00dfe, en el barrio berlin\u00e9s de Moabit, frente a la oficina donde se tramita su solicitud de asilo. <a class=\"mce\" href=\"http:\/\/www.eldiario.es\/desalambre\/claves-sistema-aleman-preferido-refugiados_0_429407835.html\" target=\"_blank\"> En eldiario.es contamos hace tres meses la ca\u00f3tica situaci\u00f3n que se viv\u00eda frente a dicha oficina<\/a>. Desde entonces poco ha cambiado, salvo el mal tiempo. Las temperaturas rozan los cero grados cent\u00edgrados por la noche.<\/p>\n<p class=\"mce\">Aquellos que tienen una cita, o que vienen a registrarse por primera vez, se colocan en la fila a las ocho de la tarde. A partir de entonces se trata de aguantar. Los m\u00e1s d\u00e9biles son quienes primero desisten. A las cuatro de la ma\u00f1ana abren la verja y les dejan entrar. Ah\u00ed comienza una carrera por el jard\u00edn de las dependencias oficiales hasta la siguiente cola, justo delante del edificio, que se forma hasta las ocho de la ma\u00f1ana, cuando los empleados comienzan a trabajar.<\/p>\n<p class=\"mce\">Aunque Mahmud Ali fue el primero de la fila ayer, \u00abllegaron unas 150 personas antes que yo\u00bb puede leerse en el escrito de la denuncia. Varios de los refugiados presentes aseveran con la cabeza: \u00abS\u00ed, cuando abren las puertas, dejan entrar a muchas personas que no estaban esperando aqu\u00ed en la cola\u00bb. En\u00a0diferentes peri\u00f3dicos alemanes han aparecido denuncias de este tipo contra la empresa de seguridad que vigila el edificio, acusando a sus trabajadores de aceptar sobornos de hasta 50 euros por dejar entrar a unos antes que a otros, pero este medio no ha podido comprobar la veracidad de dichas acusaciones.<\/p>\n<h3>Malos tratos de los vigilantes<\/h3>\n<p class=\"mce\">Los vigilantes de seguridad han estado en el punto de mira de la prensa, adem\u00e1s, por un pol\u00e9mico v\u00eddeo en el que dos de ellos mantienen una conversaci\u00f3n en la que\u00a0hablan de \u00abcoger una pistola cada uno\u00bb o mejor \u00abuna ametralladora\u00bb y acabar \u00abcon todos estos zombies\u00bb. Seg\u00fan sus planes, \u00aben dos a\u00f1os tendremos una revoluci\u00f3n y acabaremos con toda esta escoria\u00bb.<\/p>\n<p class=\"mce\">Por si quedaba alguna duda de a qu\u00e9 se refer\u00edan, uno de ellos explica que \u00abhay suficientes campings donde encerrar a todos los que les ayudan, esos van a ser los primeros que desaparezcan\u00bb. Y remata: \u00abAbramos la puerta. El trabajo os har\u00e1 libres\u00bb. Este era el lema que rezaba sobre los portales de entrada de los campos de concentraci\u00f3n nazis.<\/p>\n<p class=\"mce\">No es la primera vez que la empresa de seguridad es objeto de cr\u00edticas. En otro v\u00eddeo hecho p\u00fablico el mes pasado, varios trabajadores de dicha empresa propinaban una paliza a un refugiado que se encontraba en el suelo. El trabajador ha sido suspendido de su empleo y la empresa ha perdido la adjudicaci\u00f3n, aunque contin\u00faan vigilando el edificio hasta que se encuentre una nueva firma capaz de llevar a cabo el trabajo que hac\u00edan hasta el momento.<\/p>\n<div class=\"inset inset-lt\">\n<div class=\"media-holder\">\n<div class=\"mg \"><img data-recalc-dims=\"1\" loading=\"lazy\" decoding=\"async\" src=\"https:\/\/i0.wp.com\/images.eldiario.es\/internacional\/oficina_registro-Berlin-refugiados_EDIIMA20151203_0666_4.jpg?resize=619%2C464\" alt=\"Varios refugiados esperando en el interior de la oficina de registro por la tarde en la capital berlinesa. FOTO: UNAI ARANZADI \/ BERL\u00cdN\" width=\"619\" height=\"464\" \/><\/div>\n<div class=\"caption-inside\">\n<p>Varios refugiados esperando en el interior de la oficina de registro por la tarde en la capital berlinesa. FOTO: UNAI ARANZADI \/ BERL\u00cdN<\/p>\n<\/div>\n<\/div>\n<\/div>\n<p class=\"mce\">De vuelta en la fr\u00eda noche berlinesa, unos 200 refugiados se encuentran en la cola esperando. Preguntamos a un vigilante de seguridad cu\u00e1l es el protocolo a seguir en el caso de hombres enfermos como Mahmud Ali. \u00abEn ese caso se les permite entrar a la tienda de campa\u00f1a donde esperan las mujeres y los ni\u00f1os\u00bb, asegura. Pero tienen que demostrarlo mediante un certificado m\u00e9dico, \u00abhay muchos que quieren enga\u00f1ar, \u00bfsabe usted?\u00bb.<\/p>\n<p class=\"mce\">Mahmud Ali acude con su documento m\u00e9dico a una de las tiendas con calefacci\u00f3n. \u00abUsted no puede entrar, s\u00f3lo las mujeres y los ni\u00f1os\u00bb, le asegura otro vigilante despu\u00e9s de ver el papel. \u00abPara los hombres hay tres autobuses ah\u00ed con calefacci\u00f3n, \u00bflos ve usted?\u00bb. Los autobuses est\u00e1n ah\u00ed, con la calefacci\u00f3n y calientes, completamente vac\u00edos. Los hombres esperan fuera en la fila. Tienen demasiado miedo a no conseguir ser atendidos al d\u00eda siguiente. Y as\u00ed indirectamente se obliga a personas enfermas y de avanzada edad a esperar por la noche en la calle, bajo la lluvia, la nieve o el viento.<\/p>\n<p class=\"mce\">Como el iraqu\u00ed Nuri, de unos 50 a\u00f1os, que tiene fuertes dolores en la rodilla, pero aguanta en el fr\u00edo suelo. No hay quien lo mueva de su sitio. Desde el pasado 22 de septiembre no ha recibido m\u00e1s de 150 euros de la oficina de salud y asuntos sociales. \u00abNadie nos ayuda. Usted como periodista viene aqu\u00ed, y seguro que lo siente mucho, pero despu\u00e9s nada cambia. Pasan los d\u00edas y aqu\u00ed seguimos\u00bb. Nuri vive desde hace dos meses en un albergue de emergencia en el barrio de Spandau donde no hay privacidad porque las personas duermen en camas unas al lado de las otras. Su mujer y los cuatro ni\u00f1os tienen miedo, debido a las frecuentes peleas entre los hombres que viven all\u00ed apelotonados. \u00abMuchas veces se van a la cama llorando\u00bb, explica.<\/p>\n<p class=\"mce\">Cerca de Nuri est\u00e1 Aselmann Fisass, otro iraqu\u00ed tambi\u00e9n algo mayor que la mayor\u00eda de los refugiados. Su familia no cree que est\u00e9 en Alemania. Aselmann tiene una dolorosa hernia discal y en este momento est\u00e1 sentado en el pavimento. \u00abLes he enviado fotos de c\u00f3mo la gente duerme al raso aqu\u00ed para hacer gestiones en una oficina y nadie me cree\u00bb.<\/p>\n<p class=\"mce\">Un hombre joven interrumpe la conversaci\u00f3n: \u00ab\u00a1Perros, perros!\u00bb \u00ab\u00a1Nosotros, aqu\u00ed, (somos) perros!\u00bb. Dice en \u00e1rabe. Y prosigue: \u00abSi un perro tiene un accidente aqu\u00ed, seguro que la polic\u00eda corta la calle, pero est\u00e1 claro que nosotros somos menos importantes que ellos\u00bb.<\/p>\n<p class=\"mce\">El muchacho es sirio y se llama Makdam Alhamud. Vino a Alemania solo y despu\u00e9s llegaron su mujer, sus dos hijos y su hermano. A pesar de que los cuatro vinieron juntos, no quisieron registrar a uno de sus hijos. Nos muestra un documento donde efectivamente solo aparece un beb\u00e9 registrado. \u00abMe dicen que no es mi hijo, pues que me hagan una prueba de ADN cuando quieran\u00bb. Mientras tanto, ambos hijos viven con su madre en un refugio de emergencia y el estado alem\u00e1n solamente le paga la manutenci\u00f3n del hijo que le reconoce como suyo. El otro es ignorado por la administraci\u00f3n.<\/p>\n<p class=\"mce\">Makdam, en todo caso, ha tenido suerte, dice, y ha encontrado una casa de alquiler en un pueblo lejos de Berl\u00edn. Sin embargo, y seg\u00fan \u00e9l cuenta, la administraci\u00f3n ahora no cree que su mujer sea su mujer y no le han autorizado la mudanza. Desde hace dos noches espera aqu\u00ed en la fila. Makdam tiene dolor de vientre y diarrea. El m\u00e9dico le ha prescrito un medicamento pero asegura no tener con qu\u00e9 comprarlo. En el albergue le han dado cuatro pastillas. \u00abEspero que con esto ya se me pase, porque me han dicho que cuando se acaben esas pastillas no me corresponden m\u00e1s\u00bb.<\/p>\n<p class=\"mce\">En las tiendas de campa\u00f1a donde se encuentran las mujeres y los ni\u00f1os la situaci\u00f3n tambi\u00e9n es m\u00e1s que complicada: solamente tienen el pl\u00e1stico blanco sobre la cabeza, la calefacci\u00f3n y unos bancos de madera. Tambi\u00e9n tienen que dormir sobre el pavimento. Los ni\u00f1os y las ni\u00f1as se alinean en el suelo de madera. Las luces permanecen encendidas toda la noche, a diferencia de los mercados navide\u00f1os donde los berlineses beben vino caliente estos d\u00edas y que ya apagaron hace varias horas.<\/p>\n<p class=\"mce\"><a class=\"mg fl lnk\" href=\"http:\/\/www.eldiario.es\/autores\/carmela_negrete\/\"> <img data-recalc-dims=\"1\" loading=\"lazy\" decoding=\"async\" src=\"https:\/\/i0.wp.com\/static2.eldiario.es\/bbtfile\/3007_20130314I24VwE.jpg?resize=48%2C48\" alt=\"\" width=\"48\" height=\"48\" \/> <\/a> <small class=\"byline iblk\"><a class=\"lnk\" title=\"Carmela Negrete\" href=\"http:\/\/www.eldiario.es\/autores\/carmela_negrete\/\">Carmela Negrete<\/a><\/small> <span class=\"location\">&#8211; Berl\u00edn<\/span><\/p>\n<\/div>\n<\/div>\n","protected":false},"excerpt":{"rendered":"<p>Colas de doce horas y malos tratos de algunos \u00a0vigilantes a las puertas de un&#8230;<\/p>\n","protected":false},"author":1,"featured_media":5212,"comment_status":"closed","ping_status":"closed","sticky":false,"template":"","format":"standard","meta":{"_coblocks_attr":"","_coblocks_dimensions":"","_coblocks_responsive_height":"","_coblocks_accordion_ie_support":"","jetpack_post_was_ever_published":false,"_jetpack_newsletter_access":"","_jetpack_dont_email_post_to_subs":false,"_jetpack_newsletter_tier_id":0,"_jetpack_memberships_contains_paywalled_content":false,"_jetpack_memberships_contains_paid_content":false,"footnotes":"","jetpack_publicize_message":"","jetpack_publicize_feature_enabled":true,"jetpack_social_post_already_shared":false,"jetpack_social_options":{"image_generator_settings":{"template":"highway","default_image_id":0,"enabled":false},"version":2}},"categories":[1161,186,44,15],"tags":[254,679,1136],"class_list":["post-5211","post","type-post","status-publish","format-standard","has-post-thumbnail","hentry","category-ciudadania","category-instituciones","category-noticias-de-hoy","category-ultimas-noticias","tag-guerra","tag-refugiados","tag-siria"],"jetpack_publicize_connections":[],"jetpack_featured_media_url":"https:\/\/i0.wp.com\/miradordeatarfe.es\/wp-content\/uploads\/2015\/12\/carpa-suelo-oficina-Berlin-refugiados_EDIIMA20151203_0657_4.jpg?fit=643%2C362&ssl=1","jetpack_likes_enabled":true,"jetpack_sharing_enabled":true,"_links":{"self":[{"href":"https:\/\/miradordeatarfe.es\/index.php?rest_route=\/wp\/v2\/posts\/5211","targetHints":{"allow":["GET"]}}],"collection":[{"href":"https:\/\/miradordeatarfe.es\/index.php?rest_route=\/wp\/v2\/posts"}],"about":[{"href":"https:\/\/miradordeatarfe.es\/index.php?rest_route=\/wp\/v2\/types\/post"}],"author":[{"embeddable":true,"href":"https:\/\/miradordeatarfe.es\/index.php?rest_route=\/wp\/v2\/users\/1"}],"replies":[{"embeddable":true,"href":"https:\/\/miradordeatarfe.es\/index.php?rest_route=%2Fwp%2Fv2%2Fcomments&post=5211"}],"version-history":[{"count":1,"href":"https:\/\/miradordeatarfe.es\/index.php?rest_route=\/wp\/v2\/posts\/5211\/revisions"}],"predecessor-version":[{"id":5213,"href":"https:\/\/miradordeatarfe.es\/index.php?rest_route=\/wp\/v2\/posts\/5211\/revisions\/5213"}],"wp:featuredmedia":[{"embeddable":true,"href":"https:\/\/miradordeatarfe.es\/index.php?rest_route=\/wp\/v2\/media\/5212"}],"wp:attachment":[{"href":"https:\/\/miradordeatarfe.es\/index.php?rest_route=%2Fwp%2Fv2%2Fmedia&parent=5211"}],"wp:term":[{"taxonomy":"category","embeddable":true,"href":"https:\/\/miradordeatarfe.es\/index.php?rest_route=%2Fwp%2Fv2%2Fcategories&post=5211"},{"taxonomy":"post_tag","embeddable":true,"href":"https:\/\/miradordeatarfe.es\/index.php?rest_route=%2Fwp%2Fv2%2Ftags&post=5211"}],"curies":[{"name":"wp","href":"https:\/\/api.w.org\/{rel}","templated":true}]}}