{"id":52114,"date":"2022-02-07T09:06:14","date_gmt":"2022-02-07T08:06:14","guid":{"rendered":"https:\/\/miradordeatarfe.es\/?p=52114"},"modified":"2022-02-04T18:12:15","modified_gmt":"2022-02-04T17:12:15","slug":"los-expertos-explican-como-discutir-con-un-antivacunas","status":"publish","type":"post","link":"https:\/\/miradordeatarfe.es\/?p=52114","title":{"rendered":"Los expertos explican c\u00f3mo discutir con un antivacunas"},"content":{"rendered":"<div class=\"td-post-header td-image-gradient-style8\">\n<div class=\"td-post-header-holder\">\n<header class=\"td-post-title\">\n<h3 class=\"td-post-sub-title\" style=\"text-align: justify;\">Beatriz Mothe y Antoni Trilla rebaten uno a uno los argumentos m\u00e1s defendidos por los antivacunas<\/h3>\n<\/header>\n<\/div>\n<\/div>\n<div class=\"td-post-template-8-box\">\n<div class=\"td-container\">\n<div class=\"td-pb-row\">\n<div class=\"td-pb-span8 td-main-content\" role=\"main\">\n<div class=\"td-ss-main-content\">\n<div class=\"td-post-content\">\n<p style=\"text-align: justify;\" data-gtm-element-container=\"modulo-texto-link\">Son muchos los lugares en donde te puedes encontrar con alguien que ha decidido no vacunarse. Entrados en debate, ambos bandos expondr\u00e1n sus posturas que ser\u00e1n totalmente contrarias unas de las otras.<\/p>\n<p style=\"text-align: justify;\" data-gtm-element-container=\"modulo-texto-link\">Beatriz Mothe, investigadora del IrsiCaixa y de la Fundaci\u00f3 Lluita contra la Sida i les Malalties Infeccioses de Can Ruti; y Antoni Trilla, jefe de medicina preventiva del Hospital Cl\u00ednic, han decido replicar algunos de los argumentos m\u00e1s defendidos por los antivacunas, tal y como informa <a href=\"https:\/\/www.lavanguardia.com\/vida\/20220201\/8016328\/covid-argumentos-discutir-antivacunas.html\" rel=\"external noopener noreferrer\" data-wpel-link=\"external\"><em>La Vanguardia<\/em><\/a>.<\/p>\n<p style=\"text-align: justify;\" data-gtm-element-container=\"modulo-texto-link\">Uno de los argumentos m\u00e1s cl\u00e1sicos de los antivacunas es que las vacunas contra la covid contienen sustancias peligrosas como el aluminio o el mercurio. Sin embargo, y a pesar de que algunas vacunas pueden contener una peque\u00f1a cantidad de aluminio y pr\u00e1cticamente en ning\u00fan caso mercurio, no es el caso de las vacunas contra la covid, tal y como explica el doctor Trilla.<\/p>\n<p style=\"text-align: justify;\" data-gtm-element-container=\"modulo-texto-link\">La doctora Mothe explica que el aluminio est\u00e1 presente en algunos inmun\u00f3genos ya que es una sustancia que se usa para potenciar el efecto de la vacuna, lo que permite reducir la dosis y facilita, en consecuencia, much\u00edsimo la producci\u00f3n a gran escala, pero no est\u00e1 presente en los inmun\u00f3genos que se han desarrollado para combatir el SARS-CoV-2.<\/p>\n<p style=\"text-align: justify;\" data-gtm-element-container=\"modulo-texto-link\">Adem\u00e1s, en los inmun\u00f3genos en los que est\u00e1 presente tanto el aluminio como el mercurio la dosis es muy baja y por lo tanto no son nocivos para la salud ni provocan efectos secundarios graves como el autismo.<\/p>\n<h2 style=\"text-align: justify;\" data-gtm-element-container=\"modulo-texto-link\"><strong>Autismo<\/strong><\/h2>\n<p style=\"text-align: justify;\">Hace muchos a\u00f1os, sobre la vacuna infantil triple v\u00edrica se dijo, de manera err\u00f3nea, que pod\u00edan provocar autismo. Tiempo despu\u00e9s, los cient\u00edficos que lo hab\u00edan publicado se tuvieron que retratar al demostrarse que no hab\u00eda relaci\u00f3n entre ambas cosas.<\/p>\n<p class=\"paragraph\" style=\"text-align: justify;\" data-gtm-element-container=\"modulo-texto-link\">Tal y como explica Antoni Trilla, las nuevas vacunas son monitorizadas por un sistema de farmacovigilancia y todos los m\u00e9dicos que creen que hay una reacci\u00f3n o un evento adverso relacionado con una vacuna lo tienen que notificar. La inmensa mayor\u00eda de los efectos adversos son leves, transitorios y locales, y se resuelven solos, explica el jefe de medicina preventiva del Hospital Cl\u00ednic.<\/p>\n<p style=\"text-align: justify;\" data-gtm-element-container=\"modulo-texto-link\">En relaci\u00f3n a las vacunas contra la covid, de las que se han administrado tantas dosis, Trilla se\u00f1ala que \u00absi hubiera habido alg\u00fan evento m\u00ednimamente grave que hubiera afectado a una parte m\u00ednimamente significativa de la poblaci\u00f3n, lo habr\u00edamos sabido en un segundo y se habr\u00eda mostrado para el escrutinio de todo el mundo\u00bb.<\/p>\n<h2 style=\"text-align: justify;\" data-gtm-element-container=\"modulo-texto-link\"><strong>Efectos secundarios a medio y largo plazo<\/strong><\/h2>\n<p style=\"text-align: justify;\">Los antivacunas tambi\u00e9n insisten en que los sueros pueden provocar consecuencias a medio y largo plazo, sin embargo, los efectos secundarios de las vacunas est\u00e1n asociados al momento en que se genera la respuesta inmunol\u00f3gica, y eso es a corto plazo. De hecho, las vacunas van perdiendo eficacia con el tiempo y por eso no es esperable que haya efectos a largo plazo, defiende la doctora Mothe.<\/p>\n<p style=\"text-align: justify;\">Mothe explica que\u00a0el desarrollo de vacunas es distinto al de los f\u00e1rmacos. Los f\u00e1rmacos son medicamentos que acumula el cuerpo y cuya acumulaci\u00f3n s\u00ed puede generar una toxicidad a largo plazo.<\/p>\n<figure class=\"wp-caption aligncenter\" style=\"text-align: justify;\"><img data-recalc-dims=\"1\" loading=\"lazy\" decoding=\"async\" class=\"td-animation-stack-type0-1\" src=\"https:\/\/i0.wp.com\/www.elfinanciero.com.mx\/resizer\/m892J3H2eu4BkICgHh46UzBP3wQ%3D\/1440x810\/filters%3Aformat%28jpg%29%3Aquality%2870%29\/cloudfront-us-east-1.images.arcpublishing.com\/elfinanciero\/O3KLLBMXCRH27EHOOG5PIHOKYI.jpeg?resize=640%2C360&#038;ssl=1\" alt=\"Imagen: Shutterstock\" width=\"640\" height=\"360\" \/><figcaption class=\"wp-caption-text\">Imagen: Shutterstock<\/figcaption><\/figure>\n<h2 style=\"text-align: justify;\"><strong>Pfizer y la miocarditis<\/strong><\/h2>\n<p style=\"text-align: justify;\">\u00a0<\/p>\n<p class=\"paragraph\" style=\"text-align: justify;\" data-gtm-element-container=\"modulo-texto-link\">Otra de las tesis que defienden los antivacunas es que la propia farmac\u00e9utica Pfizer reconoce que puede aparecer miocarditis durante los cinco a\u00f1os posteriores a la inyecci\u00f3n, sin embargo, lo que dice Pfizer en su estudio es que hay que esperar hasta los cinco a\u00f1os para ver las secuelas que te puede dejar una hipot\u00e9tica miocarditis.<\/p>\n<div class=\"code-block code-block-5\" style=\"text-align: justify;\">\u00a0<\/div>\n<p style=\"text-align: justify;\">Mothe explica que despu\u00e9s de sufrir una miocarditis hay un tiempo de recuperaci\u00f3n, porque es una enfermedad inflamatoria y la secuela que te ha podido dejar no la puedes evaluar en 15 d\u00edas, sino en tres a\u00f1os. Es decir, si alguien ha sufrido alguna, se necesitar\u00e1n tres a\u00f1os para saber realmente c\u00f3mo ha quedado el coraz\u00f3n y eso no quiere decir que te pueda aparecer en los tres a\u00f1os posteriores a recibir la vacuna.<\/p>\n<h2 class=\"paragraph\" style=\"text-align: justify;\" data-gtm-element-container=\"modulo-texto-link\"><strong>Las vacunas que usan la tecnolog\u00eda de ARN mensajero se incorporan al ADN<\/strong><\/h2>\n<p style=\"text-align: justify;\">\u00abEsa es otra mentira\u00bb, dice Mothe. Cuando los investigadores preparan la documentaci\u00f3n de una nueva vacuna hay que demostrar que no hay modificaci\u00f3n gen\u00e9tica. En ese caso se requiere todo un procedimiento adicional a nivel regulatorio.<\/p>\n<h2 style=\"text-align: justify;\"><strong>Los inmun\u00f3genos no sirven para nada\u00a0<\/strong><\/h2>\n<p style=\"text-align: justify;\">El hecho de que muchos vacunados se hayan contagiado en esta sexta ola debido a la alta transmisibilidad de la variante \u00f3micron ha llevado a los antivacunas a afirmar que los inmun\u00f3genos no sirven para nada.<\/p>\n<p class=\"paragraph\" style=\"text-align: justify;\" data-gtm-element-container=\"modulo-texto-link\">La doctora Mothe recuerda que \u201clas vacunas, sin la tercera dosis, contin\u00faan evitando la enfermedad grave por la respuesta celular y con la dosis de refuerzo durante un tiempo se sigue previniendo la infecci\u00f3n, aunque es verdad que \u00f3micron se escapa, y mucho, porque las vacunas actuales est\u00e1n hechas en base a la secuencia de Wuhan\u201d.<\/p>\n<p class=\"paragraph\" style=\"text-align: justify;\" data-gtm-element-container=\"modulo-texto-link\">\u201cAntes, las vacunas del SARS-CoV-2 reduc\u00edan mucho el riesgo de contagio y de transmisi\u00f3n, pero \u00f3micron acumula muchas mutaciones y ya se escapa m\u00e1s a los anticuerpos\u201d, ha dicho. \u00abLa carga viral en caso de infecci\u00f3n es pr\u00e1cticamente igual en vacunados y no vacunados, pero lo que sucede es que los vacunados la eliminan antes, con lo que el tiempo de transmisi\u00f3n es m\u00e1s breve\u201d, ha a\u00f1adido.<\/p>\n<h2 style=\"text-align: justify;\" data-gtm-element-container=\"modulo-texto-link\"><strong>La poblaci\u00f3n tratada como cobayas<\/strong><\/h2>\n<p style=\"text-align: justify;\" data-gtm-element-container=\"modulo-texto-link\">\u201cLas \u00fanicas personas que han sido cobayas son las que han participado en los ensayos cl\u00ednicos. A ellos les explicaron el procedimiento y firmaron un consentimiento de forma voluntaria. Son los verdaderos h\u00e9roes. Nosotros no somos cobayas, sino privilegiados\u201d, agrega Mothe.<\/p>\n<h2 style=\"text-align: justify;\"><strong>Silenciamiento de los m\u00e9dicos<\/strong><\/h2>\n<p class=\"paragraph\" style=\"text-align: justify;\" data-gtm-element-container=\"modulo-texto-link\">Otro de los argumentos defendido por los contrarios a las vacunas es que se est\u00e1 silenciando a m\u00e9dicos que tienen opiniones distintas al discurso oficial. En este sentido, el doctor Antoni Trilla defiende que primero se tendr\u00eda que definir qu\u00e9 es un experto en vacunas y qu\u00e9 cr\u00e9dito tiene desde un punto de vista acad\u00e9mico. \u201cY m\u00e1s importante que la credibilidad est\u00e1 la evidencia cient\u00edfica que hay detr\u00e1s de lo que dice cada persona\u201d. Trilla explica que la ciencia no se discute en Twitter o en una entrevista, sino en medios cient\u00edficos aportando datos.<\/p>\n<h2 style=\"text-align: justify;\" data-gtm-element-container=\"modulo-texto-link\"><strong>El chip<\/strong><\/h2>\n<p style=\"text-align: justify;\">Qui\u00e9n no ha escuchado tambi\u00e9n la teor\u00eda de la conspiraci\u00f3n de que mediante la inoculaci\u00f3n de la vacuna te introducen un chip en el organismo. \u00abEs una absoluta tonter\u00eda\u00bb, afirma Trilla. Las teor\u00edas de la conspiraci\u00f3n que est\u00e1n bien construidas tienen la propiedad de que no pueden ser ni confirmadas ni desmentidas, a\u00f1ade el doctor.<\/p>\n<p class=\"paragraph\" style=\"text-align: justify;\" data-gtm-element-container=\"modulo-texto-link\">Si nos inocularan un chip para controlarnos o para saber qui\u00e9nes somos, cada d\u00eda estamos dando 30.000 datos nuestros gratis a trav\u00e9s del tel\u00e9fono m\u00f3vil o del ordenador, zanja Trilla.<\/p>\n<div class=\"td-author-by\" style=\"text-align: justify;\"><strong>Por <\/strong><a href=\"https:\/\/contrainformacion.es\/author\/luna-izquierdo\/\" data-wpel-link=\"internal\"><strong>Luna Izquierdo<\/strong><\/a><\/div>\n<\/div>\n<div>\u00a0<\/div>\n<div>https:\/\/contrainformacion.es\/expertos-explican-como-discutir-con-un-antivacunas\/?utm_source=mailpoet&amp;utm_medium=email&amp;utm_campaign=boletin-contrainformacion_1<\/div>\n<div>\u00a0<\/div>\n<div>FOTO:Los expertos explican c\u00f3mo discutir con un antivacunas \/ Imagen: AFP<\/div>\n<div>\u00a0<\/div>\n<\/div>\n<\/div>\n<\/div>\n<\/div>\n<\/div>\n","protected":false},"excerpt":{"rendered":"<p>Beatriz Mothe y Antoni Trilla rebaten uno a uno los argumentos m\u00e1s defendidos por los&#8230;<\/p>\n","protected":false},"author":1,"featured_media":52115,"comment_status":"closed","ping_status":"closed","sticky":false,"template":"","format":"standard","meta":{"_coblocks_attr":"","_coblocks_dimensions":"","_coblocks_responsive_height":"","_coblocks_accordion_ie_support":"","jetpack_post_was_ever_published":false,"_jetpack_newsletter_access":"","_jetpack_dont_email_post_to_subs":false,"_jetpack_newsletter_tier_id":0,"_jetpack_memberships_contains_paywalled_content":false,"_jetpack_memberships_contains_paid_content":false,"footnotes":"","jetpack_publicize_message":"","jetpack_publicize_feature_enabled":true,"jetpack_social_post_already_shared":true,"jetpack_social_options":{"image_generator_settings":{"template":"highway","default_image_id":0,"enabled":false},"version":2}},"categories":[1161,7149,44,15,10],"tags":[8865,804],"class_list":["post-52114","post","type-post","status-publish","format-standard","has-post-thumbnail","hentry","category-ciudadania","category-coronavirus","category-noticias-de-hoy","category-ultimas-noticias","category-salud","tag-antivacunas","tag-vacunas"],"jetpack_publicize_connections":[],"jetpack_featured_media_url":"https:\/\/i0.wp.com\/miradordeatarfe.es\/wp-content\/uploads\/2022\/02\/61bc9ff548fb4diseno-sin-titulo-jpg.jpg?fit=1600%2C675&ssl=1","jetpack_likes_enabled":true,"jetpack_sharing_enabled":true,"_links":{"self":[{"href":"https:\/\/miradordeatarfe.es\/index.php?rest_route=\/wp\/v2\/posts\/52114","targetHints":{"allow":["GET"]}}],"collection":[{"href":"https:\/\/miradordeatarfe.es\/index.php?rest_route=\/wp\/v2\/posts"}],"about":[{"href":"https:\/\/miradordeatarfe.es\/index.php?rest_route=\/wp\/v2\/types\/post"}],"author":[{"embeddable":true,"href":"https:\/\/miradordeatarfe.es\/index.php?rest_route=\/wp\/v2\/users\/1"}],"replies":[{"embeddable":true,"href":"https:\/\/miradordeatarfe.es\/index.php?rest_route=%2Fwp%2Fv2%2Fcomments&post=52114"}],"version-history":[{"count":1,"href":"https:\/\/miradordeatarfe.es\/index.php?rest_route=\/wp\/v2\/posts\/52114\/revisions"}],"predecessor-version":[{"id":52116,"href":"https:\/\/miradordeatarfe.es\/index.php?rest_route=\/wp\/v2\/posts\/52114\/revisions\/52116"}],"wp:featuredmedia":[{"embeddable":true,"href":"https:\/\/miradordeatarfe.es\/index.php?rest_route=\/wp\/v2\/media\/52115"}],"wp:attachment":[{"href":"https:\/\/miradordeatarfe.es\/index.php?rest_route=%2Fwp%2Fv2%2Fmedia&parent=52114"}],"wp:term":[{"taxonomy":"category","embeddable":true,"href":"https:\/\/miradordeatarfe.es\/index.php?rest_route=%2Fwp%2Fv2%2Fcategories&post=52114"},{"taxonomy":"post_tag","embeddable":true,"href":"https:\/\/miradordeatarfe.es\/index.php?rest_route=%2Fwp%2Fv2%2Ftags&post=52114"}],"curies":[{"name":"wp","href":"https:\/\/api.w.org\/{rel}","templated":true}]}}