{"id":52117,"date":"2022-02-07T10:25:02","date_gmt":"2022-02-07T09:25:02","guid":{"rendered":"https:\/\/miradordeatarfe.es\/?p=52117"},"modified":"2023-10-20T10:19:45","modified_gmt":"2023-10-20T08:19:45","slug":"germaine-benoit-la-ingeniera-quimica-que-sintetizo-medicamentos-contra-enfermedades-infecciosas","status":"publish","type":"post","link":"https:\/\/miradordeatarfe.es\/?p=52117","title":{"rendered":"Germaine Benoit, la ingeniera qu\u00edmica que sintetiz\u00f3 medicamentos contra enfermedades infecciosas"},"content":{"rendered":"<div class=\"td-post-header td-image-gradient-style8\">\n<div class=\"td-post-header-holder\">\u00a0<\/div>\n<\/div>\n<div class=\"td-post-template-8-box\">\n<div class=\"td-container\">\n<div class=\"td-pb-row\">\n<div class=\"td-pb-span8 td-main-content\" role=\"main\">\n<div class=\"td-ss-main-content\">\n<div class=\"td-post-content\">\n<div class=\"social-rocket-inline-buttons\">\n<div class=\"social-rocket-buttons\">\n<div class=\"social-rocket-button social-rocket-button-square social-rocket-facebook \" style=\"text-align: justify;\" data-network=\"facebook\">\u00a0<strong>Todos estos \u00e9xitos colectivos e individuales necesitaron del trabajo y del talento de muchas personas que han permanecido en el anonimato, y entre las que hay muchas mujeres.<\/strong><\/div>\n<\/div>\n<\/div>\n<p style=\"text-align: justify;\"><strong><em>Marta Macho-Stadler\u00a0<\/em><\/strong><\/p>\n<p style=\"text-align: justify;\">El <a href=\"https:\/\/es.wikipedia.org\/wiki\/Instituto_Pasteur\" rel=\"external noopener noreferrer\" data-wpel-link=\"external\">Instituto Pasteur<\/a> de Par\u00eds fue fundado en 1887; su misi\u00f3n es la de colaborar en la prevenci\u00f3n y el tratamiento de las enfermedades, fundamentalmente las infecciosas. La investigaci\u00f3n realizada en sus laboratorios ha sido una parte esencial en varios descubrimientos que han permitido tratar con \u00e9xito enfermedades tan severas como la difteria, el t\u00e9tanos, la tuberculosis, la poliomielitis, la gripe, la fiebre amarilla o el sida. Nueve hombres y una mujer (Fran\u00e7oise Barr\u00e9-Sinoussi) que han trabajado en este instituto han recibido un Premio Nobel de Fisiolog\u00eda o Medicina.<\/p>\n<p style=\"text-align: justify;\">Todos estos \u00e9xitos colectivos e individuales necesitaron del trabajo y del talento de muchas personas que han permanecido en el anonimato, y entre las que hay muchas mujeres. Germaine Benoit es una de ellas.<\/p>\n<p style=\"text-align: justify;\">Se sabe muy poco de su vida, aunque su contribuci\u00f3n a la lucha contra las enfermedades infecciosas es palpable gracias a las numerosas publicaciones cient\u00edficas que ha dejado.<\/p>\n<\/div>\n<p style=\"text-align: justify;\">Germaine Benoit naci\u00f3 el 9 de octubre de 1901 en Par\u00eds. Hija \u00fanica, qued\u00f3 hu\u00e9rfana de padre, un profesor de alem\u00e1n, que falleci\u00f3 durante la Primera Guerra Mundial.<\/p>\n<p style=\"text-align: justify;\">Entre los a\u00f1os 1918 y 1919, Germaine obtuvo dos bachilleratos y, al a\u00f1o siguiente, consigui\u00f3 el certificado en F\u00edsica, Qu\u00edmica y Ciencias Naturales, una formaci\u00f3n preparatoria para los estudios de Medicina y de Qu\u00edmica. Se matricul\u00f3 posteriormente en el Instituto de Qu\u00edmica Aplicada, la futura <a href=\"https:\/\/fr.wikipedia.org\/wiki\/%C3%89cole_nationale_sup%C3%A9rieure_de_chimie_de_Paris\" rel=\"external noopener noreferrer\" data-wpel-link=\"external\">Escuela Nacional de Qu\u00edmica<\/a>, a la que asisti\u00f3 durante tres a\u00f1os. Graduada en ingenier\u00eda qu\u00edmica en 1923, obtuvo, entre 1922 y 1936, otros cinco t\u00edtulos acad\u00e9micos en qu\u00edmica y en biolog\u00eda.<\/p>\n<p style=\"text-align: justify;\">El 1 de junio de 1924 se incorpor\u00f3 al Instituto Pasteur como asistente en el laboratorio de qu\u00edmica terap\u00e9utica dirigido por el qu\u00edmico-farmac\u00e9utico <a href=\"https:\/\/es.wikipedia.org\/wiki\/Ernest_Fourneau\" rel=\"external noopener noreferrer\" data-wpel-link=\"external\">Ernest Fourneau<\/a> (1872-1949). Este prestigioso investigador particip\u00f3, entre otros, en el descubrimiento de la <a href=\"https:\/\/en.wikipedia.org\/wiki\/Amylocaine\" rel=\"external noopener noreferrer\" data-wpel-link=\"external\">amiloca\u00edna<\/a> (el primer anest\u00e9sico local sint\u00e9tico), en la puesta a punto del <a href=\"https:\/\/es.wikipedia.org\/wiki\/Acetarsol\" rel=\"external noopener noreferrer\" data-wpel-link=\"external\">acetarsol<\/a> (un f\u00e1rmaco antiinfeccioso derivado del ars\u00e9nico) y la s\u00edntesis de la <a href=\"https:\/\/es.wikipedia.org\/wiki\/Suramina\" rel=\"external noopener noreferrer\" data-wpel-link=\"external\">suramina<\/a> (eficaz contra la enfermedad del sue\u00f1o).<\/p>\n<p style=\"text-align: justify;\">La qu\u00edmica terap\u00e9utica es la parte de la qu\u00edmica que trata del estudio de los f\u00e1rmacos y que busca determinar la relaci\u00f3n entre su estructura, su reactividad, sus propiedades fisicoqu\u00edmicas y su actividad biol\u00f3gica. El objetivo de esta especialidad es sentar las bases para el dise\u00f1o de f\u00e1rmacos m\u00e1s seguros y con propiedades curativas m\u00e1s eficaces.<\/p>\n<p style=\"text-align: justify;\">Germaine Benoit progres\u00f3 en su carrera como qu\u00edmica en el Instituto explorando, entre otros, los efectos de algunos productos sobre la estimulaci\u00f3n del <a href=\"https:\/\/es.wikipedia.org\/wiki\/Sistema_nervioso_simp%C3%A1tico\" rel=\"external noopener noreferrer\" data-wpel-link=\"external\">sistema nervioso simp\u00e1tico<\/a>, la parte del <a href=\"https:\/\/es.wikipedia.org\/wiki\/Sistema_nervioso_aut%C3%B3nomo\" rel=\"external noopener noreferrer\" data-wpel-link=\"external\">sistema nervioso aut\u00f3nomo<\/a> que regula de forma involuntaria numerosas acciones, como la contracci\u00f3n de los <a href=\"https:\/\/es.wikipedia.org\/wiki\/M%C3%BAsculo_liso\" rel=\"external noopener noreferrer\" data-wpel-link=\"external\">m\u00fasculos lisos<\/a> o la secreci\u00f3n de algunas gl\u00e1ndulas. Germaine identific\u00f3 mol\u00e9culas que permiten actuar sobre los s\u00edntomas de la malaria y la enfermedad del sue\u00f1o.<\/p>\n<h2 style=\"text-align: justify;\">Sus principales hallazgos<\/h2>\n<p style=\"text-align: justify;\">Entre sus importantes contribuciones a la ingenier\u00eda qu\u00edmica destacan el descubrimiento y desarrollo de medicamentos como la <a href=\"https:\/\/es.frwiki.wiki\/wiki\/Orsanine\" rel=\"external noopener noreferrer\" data-wpel-link=\"external\">orsanina<\/a> (un derivado del <a href=\"https:\/\/es.wikipedia.org\/wiki\/Bioqu%C3%ADmica_del_ars%C3%A9nico#Toxicidad_de_los_compuestos_arsenicales_pentavalentes\" rel=\"external noopener noreferrer\" data-wpel-link=\"external\">ars\u00e9nico pentavalente<\/a>) y la rodoquina (medicamento derivado de la <a href=\"https:\/\/es.wikipedia.org\/wiki\/Quinole%C3%ADna\" rel=\"external noopener noreferrer\" data-wpel-link=\"external\">quinole\u00edna<\/a>), drogas que se utilizaron como tratamiento del paludismo al resultar mucho m\u00e1s eficaces que los medicamentos usados hasta entonces.<\/p>\n<p style=\"text-align: justify;\">Diez a\u00f1os despu\u00e9s, en 1934, recibi\u00f3 el Premio Louis de la Academia de Medicina por su investigaci\u00f3n sobre <a href=\"https:\/\/es.wikipedia.org\/wiki\/Simpaticomim%C3%A9tico\" rel=\"external noopener noreferrer\" data-wpel-link=\"external\">f\u00e1rmacos simpaticomim\u00e9ticos<\/a>, una clase de medicamentos cuyas propiedades imitan la estimulaci\u00f3n del sistema nervioso simp\u00e1tico, es decir, aceleran el ritmo cardiaco, dilatan las v\u00edas respiratorias y contraen los vasos sangu\u00edneos.<\/p>\n<p style=\"text-align: justify;\">Germaine Benoit obtuvo un doctorado en ciencias f\u00edsicas en 1942, con la tesis titulada <em>Pr\u00e9paration et propri\u00e9t\u00e9s physiologiques de quelques Hydroxy-Alcoyl-Hydrazines<\/em> que trataba sobre compuestos de <a href=\"https:\/\/es.wikipedia.org\/wiki\/Hidrazina\" rel=\"external noopener noreferrer\" data-wpel-link=\"external\">hidracina<\/a>, usados por la industria farmac\u00e9utica como medicamentos antituberculosos. Un a\u00f1o m\u00e1s tarde, en 1943, fue nombrada jefa de laboratorio en el Servicio de Qu\u00edmica Terap\u00e9utica del Instituto Pasteur.<\/p>\n<p style=\"text-align: justify;\">Fue nombrada Dama de la <a href=\"https:\/\/es.wikipedia.org\/wiki\/Legi%C3%B3n_de_Honor\" rel=\"external noopener noreferrer\" data-wpel-link=\"external\">Legi\u00f3n de Honor<\/a> en 1947.<\/p>\n<p style=\"text-align: justify;\">En 1960, el farmac\u00f3logo <a href=\"https:\/\/es.wikipedia.org\/wiki\/Daniel_Bovet\" rel=\"external noopener noreferrer\" data-wpel-link=\"external\">Daniel Bovet<\/a> (1907-1992) invit\u00f3 a Germaine Benoit a trabajar junto a \u00e9l en el <a href=\"https:\/\/www.iss.it\/\" rel=\"external noopener noreferrer\" data-wpel-link=\"external\">Instituto Sup\u00e9riore di Sanit\u00e0 de Roma<\/a>. Bovet hab\u00eda coincidido con ella en el Laboratorio de Qu\u00edmica Terap\u00e9utica del Instituto Pasteur entre 1929 y 1936 y, conocedor de sus habilidades investigadoras, quer\u00eda incorporarla a su equipo. En 1957, el farmac\u00f3logo hab\u00eda recibido el Premio Nobel de Fisiolog\u00eda o Medicina \u00abpor sus descubrimientos acerca de algunos <a href=\"https:\/\/es.wikipedia.org\/wiki\/Antihistam%C3%ADnico\" rel=\"external noopener noreferrer\" data-wpel-link=\"external\">compuestos sint\u00e9ticos que inhiben la acci\u00f3n de algunas sustancias corporales<\/a> y especialmente por su acci\u00f3n en los sistemas vasculares y m\u00fasculos esquel\u00e9ticos\u00bb.<\/p>\n<p style=\"text-align: justify;\">Al a\u00f1o siguiente, en 1961, Germaine contrajo matrimonio con el bi\u00f3logo <a href=\"https:\/\/webext.pasteur.fr\/archives\/fnk0.html\" rel=\"external noopener noreferrer\" data-wpel-link=\"external\">Albert Funke<\/a> (1901-1982), tambi\u00e9n jefe de laboratorio del servicio de Qu\u00edmica Terap\u00e9utica del Instituto Pasteur, con quien hab\u00eda trabajado durante a\u00f1os, y que tambi\u00e9n investigaba en Italia con Bovet.<\/p>\n<p style=\"text-align: justify;\">Entre 1927 y 1961, Benoit public\u00f3 unos 30 art\u00edculos en revistas cient\u00edficas en colaboraci\u00f3n con una veintena de investigadoras e investigadores con los que comparti\u00f3 intereses y laboratorio en el Instituto Pasteur y el Instituto Sup\u00e9riore di Sanit\u00e0 de Roma. Entre estas personas hab\u00eda numerosas mujeres que, como ella, aportaron su esfuerzo y talento en la lucha por mejorar la salud de las personas.<\/p>\n<p style=\"text-align: justify;\">Germaine Benoit se jubil\u00f3 en 1962, cuando ella y Albert Funke finalizaron su estancia en Italia. Falleci\u00f3 en Par\u00eds en abril de 1983.<\/p>\n<p><em>Esta es una revisi\u00f3n del <a href=\"https:\/\/mujeresconciencia.com\/2021\/12\/24\/germaine-benoit-la-ingeniera-quimica-que-sintetizo-medicamentos-contra-enfermedades-infecciosas\/\" rel=\"external noopener noreferrer\" data-wpel-link=\"external\">art\u00edculo original <\/a> que se public\u00f3 en el blog Mujeres con ciencia de la C\u00e1tedra de Cultura Cient\u00edfica de la UPV\/EHU.<\/em><\/p>\n<p><strong>CONTRAINFORMACI\u00d3N. ES<\/strong><\/p>\n<blockquote class=\"wp-embedded-content\" data-secret=\"KsGAEGBAl9\"><p><a href=\"https:\/\/contrainformacion.es\/germaine-benoit-la-ingeniera-quimica-que-sintetizo-medicamentos-contra-enfermedades-infecciosas\/\">Germaine Benoit, la ingeniera qu\u00edmica que sintetiz\u00f3 medicamentos contra enfermedades infecciosas<\/a><\/p><\/blockquote>\n<p><iframe loading=\"lazy\" class=\"wp-embedded-content\" sandbox=\"allow-scripts\" security=\"restricted\" style=\"position: absolute; visibility: hidden;\" title=\"\u00abGermaine Benoit, la ingeniera qu\u00edmica que sintetiz\u00f3 medicamentos contra enfermedades infecciosas\u00bb \u2014 Contrainformaci\u00f3n\" src=\"https:\/\/contrainformacion.es\/germaine-benoit-la-ingeniera-quimica-que-sintetizo-medicamentos-contra-enfermedades-infecciosas\/embed\/#?secret=DYCWC6b9zq#?secret=KsGAEGBAl9\" data-secret=\"KsGAEGBAl9\" width=\"600\" height=\"338\" frameborder=\"0\" marginwidth=\"0\" marginheight=\"0\" scrolling=\"no\"><\/iframe><\/p>\n<p>&nbsp;<\/p>\n<\/div>\n<\/div>\n<\/div>\n<\/div>\n<\/div>\n","protected":false},"excerpt":{"rendered":"<p>\u00a0 \u00a0Todos estos \u00e9xitos colectivos e individuales necesitaron del trabajo y del talento de muchas&#8230;<\/p>\n","protected":false},"author":1,"featured_media":52119,"comment_status":"closed","ping_status":"closed","sticky":false,"template":"","format":"standard","meta":{"_coblocks_attr":"","_coblocks_dimensions":"","_coblocks_responsive_height":"","_coblocks_accordion_ie_support":"","jetpack_post_was_ever_published":false,"_jetpack_newsletter_access":"","_jetpack_dont_email_post_to_subs":false,"_jetpack_newsletter_tier_id":0,"_jetpack_memberships_contains_paywalled_content":false,"_jetpack_memberships_contains_paid_content":false,"footnotes":"","jetpack_publicize_message":"","jetpack_publicize_feature_enabled":true,"jetpack_social_post_already_shared":true,"jetpack_social_options":{"image_generator_settings":{"template":"highway","default_image_id":0,"enabled":false},"version":2}},"categories":[1161,7721],"tags":[53,19],"class_list":["post-52117","post","type-post","status-publish","format-standard","has-post-thumbnail","hentry","category-ciudadania","category-mujeres-que-cambiaron-la-historia","tag-ciencia","tag-mujeres"],"jetpack_publicize_connections":[],"jetpack_featured_media_url":"https:\/\/i0.wp.com\/miradordeatarfe.es\/wp-content\/uploads\/2022\/02\/file-20220126-17-10rzhhs-4DEPsO-2.png?fit=220%2C195&ssl=1","jetpack_likes_enabled":true,"jetpack_sharing_enabled":true,"_links":{"self":[{"href":"https:\/\/miradordeatarfe.es\/index.php?rest_route=\/wp\/v2\/posts\/52117","targetHints":{"allow":["GET"]}}],"collection":[{"href":"https:\/\/miradordeatarfe.es\/index.php?rest_route=\/wp\/v2\/posts"}],"about":[{"href":"https:\/\/miradordeatarfe.es\/index.php?rest_route=\/wp\/v2\/types\/post"}],"author":[{"embeddable":true,"href":"https:\/\/miradordeatarfe.es\/index.php?rest_route=\/wp\/v2\/users\/1"}],"replies":[{"embeddable":true,"href":"https:\/\/miradordeatarfe.es\/index.php?rest_route=%2Fwp%2Fv2%2Fcomments&post=52117"}],"version-history":[{"count":1,"href":"https:\/\/miradordeatarfe.es\/index.php?rest_route=\/wp\/v2\/posts\/52117\/revisions"}],"predecessor-version":[{"id":52120,"href":"https:\/\/miradordeatarfe.es\/index.php?rest_route=\/wp\/v2\/posts\/52117\/revisions\/52120"}],"wp:featuredmedia":[{"embeddable":true,"href":"https:\/\/miradordeatarfe.es\/index.php?rest_route=\/wp\/v2\/media\/52119"}],"wp:attachment":[{"href":"https:\/\/miradordeatarfe.es\/index.php?rest_route=%2Fwp%2Fv2%2Fmedia&parent=52117"}],"wp:term":[{"taxonomy":"category","embeddable":true,"href":"https:\/\/miradordeatarfe.es\/index.php?rest_route=%2Fwp%2Fv2%2Fcategories&post=52117"},{"taxonomy":"post_tag","embeddable":true,"href":"https:\/\/miradordeatarfe.es\/index.php?rest_route=%2Fwp%2Fv2%2Ftags&post=52117"}],"curies":[{"name":"wp","href":"https:\/\/api.w.org\/{rel}","templated":true}]}}