{"id":52124,"date":"2022-02-06T09:18:10","date_gmt":"2022-02-06T08:18:10","guid":{"rendered":"https:\/\/miradordeatarfe.es\/?p=52124"},"modified":"2022-02-04T19:23:52","modified_gmt":"2022-02-04T18:23:52","slug":"el-semaforo-para-votar-demasiado-complejo-para-sus-senorias","status":"publish","type":"post","link":"https:\/\/miradordeatarfe.es\/?p=52124","title":{"rendered":"El sem\u00e1foro para votar, demasiado complejo para sus se\u00f1or\u00edas"},"content":{"rendered":"<div class=\"entry-content\">\n<div class=\"main-content\">\n<h3 class=\"content-inside\">Tres botones, como un sem\u00e1foro, para que a sus se\u00f1or\u00edas les resulte a\u00fan m\u00e1s intuitivo: <strong>rojo para el no, verde para el s\u00ed y amarilla para la abstenci\u00f3n<\/strong>.<\/h3>\n<div>\u00a0<\/div>\n<div class=\"content-inside\" style=\"text-align: justify;\">As\u00ed es el sistema de votaci\u00f3n del Congreso. Es sencillo, pero la lista de veces que nuestros representantes en la C\u00e1mara Baja terminan por equivocarse en las votaciones es tan larga como vergonzosa. Es lo que sucedi\u00f3 ayer con la aprobaci\u00f3n de la reforma laboral, cuando <a href=\"https:\/\/www.publico.es\/politica\/pp-niega-equivocacion-diputado-voto-favor-reforma-laboral-achaca-error-informatico.html\">el diputado del PP, Alberto Casero, vot\u00f3 a favor de la reforma laboral<\/a>, aunque en su caso el voto fue telem\u00e1tico.<\/p>\n<p style=\"text-align: justify;\"><strong>El voto telem\u00e1tico se ha de solicitar con antelaci\u00f3n y, una vez hecho, no se puede votar de manera presencial.<\/strong> Es lo que le sucedi\u00f3 a Marisa Saavedra (UP) en julio 2020, cuando el Congreso votaba el bloque econ\u00f3mico de la Comisi\u00f3n de Reconstrucci\u00f3n. Desde UP se hab\u00eda solicitado el voto telem\u00e1tico para Saavedra pero finalmente \u00e9sta acudi\u00f3 a la C\u00e1mara y vot\u00f3 presencialmente. Entonces <strong>la votaci\u00f3n s\u00ed se repiti\u00f3, pero no fue por haberse equivocado en el signo del voto, sino porque el voto presencial no era v\u00e1lido al haberse solicitado el telem\u00e1tico<\/strong> y para cuando esto se comunic\u00f3 a Saavedra no hab\u00eda tiempo material para emitir ese voto electr\u00f3nico.<\/p>\n<p style=\"text-align: justify;\">Aclarado ese asunto de solicitud previa del voto telem\u00e1tico, \u00bfc\u00f3mo se vota de manera remota? Como en cualquier otro proceso electr\u00f3nico de nuestro d\u00eda a d\u00eda, lo primero es autenticarse en el sistema con las correspondientes claves. Como sucede con el voto presencial, en cada votaci\u00f3n aparece el mismo sistema crom\u00e1tico de sem\u00e1foro para votar, tan sencillo que un ni\u00f1o podr\u00eda entenderlo. <strong>La diferencia respecto al voto en el Hemiciclo es que en el telem\u00e1tico se pide confirmaci\u00f3n del voto antes de que sea emitido.<\/strong><\/p>\n<p style=\"text-align: justify;\">A pesar de lo simple del sistema, son muchas las equivocaciones que se han producido en los \u00faltimos a\u00f1os. Corr\u00eda el a\u00f1o 2013 y la vicepresidenta del Gobierno, <strong>Soraya S\u00e1enz de Santamar\u00eda, vot\u00f3 a favor una petici\u00f3n del PSOE para reprobar al ministro de Educaci\u00f3n, Cultura y Deporte, Jos\u00e9 Ignacio Wert<\/strong>, aunque no prosperar\u00eda porque el resto del PP y UPN votaron en contra. Dos a\u00f1os despu\u00e9s, ser\u00eda el mismo <strong>Pedro S\u00e1nchez el que tendr\u00eda un sonoro patinazo: respald\u00f3 con su voto la reforma del aborto que propuso el PP<\/strong> que, entre otras medidas, exig\u00eda el consentimiento paterno para la interrupci\u00f3n del embarazo en el caso de menores de 16 a\u00f1os.<\/p>\n<p style=\"text-align: justify;\">En marzo de 2016, debutaban en el Congreso <strong>I\u00f1igo Errej\u00f3n \u00a0(Podemos) y Xavier Dom\u00e8nech (En Com\u00fa Podem<\/strong>) <strong>y no lo hac\u00edan con buen pie<\/strong>. Se votaba una proposici\u00f3n no de ley (PNL) del PP\u00a0que contemplaba <strong>el rechazo a cualquier consulta soberanista y Errej\u00f3n se equivoc\u00f3 votando abstenci\u00f3n en lugar de No.<\/strong> En el caso de Dom\u00e8nech, como le sucedi\u00f3 a otros seis diputados de Podemos, no puls\u00f3 el bot\u00f3n blanco que deja constancia de su presencia en el Hemiciclo antes de la votaci\u00f3n, generando confusi\u00f3n al dar la sensaci\u00f3n de que hab\u00edan votado menos parlamentarios que los que realmente estaban.<\/p>\n<p style=\"text-align: justify;\">Uno de los errores m\u00e1s sonados fue el de <strong>Mariano Rajoy en 2017, cuando en una ajustada votaci\u00f3n que recuerda en cierto modo a la de ayer, vot\u00f3 &#8216;en contra de sus propios presupuestos&#8217;.<\/strong> El entonces presidente del Gobierno ten\u00eda que haber votado a favor de una de las enmiendas pactadas con Nueva Canarias para ganarse su apoyo\u2026 pero no. Rajoy vot\u00f3 en contra.<\/p>\n<p style=\"text-align: justify;\">Aquella sesi\u00f3n estuvo caracterizada por una sucesi\u00f3n de votaciones de diferentes partidas presupuestarias, con 15 segundos para votar cada enmienda, por lo que el margen de error es elevado; s\u00f3lo ayer se vot\u00f3 en 21 ocasiones.<\/p>\n<p style=\"text-align: justify;\">Aquel d\u00eda <strong>otros diputados socialistas \u2013hasta 26- como Eduardo Madina (PSOE) y de otras fuerzas como Melisa Rodr\u00edguez (Cs) se sumar\u00edan a la listas de errores<\/strong>, pero la m\u00e1s sonrojante fue la actuaci\u00f3n de <strong>Pablo Iglesias, que termin\u00f3 votando a favor de los presupuestos de Rajoy<\/strong> para los ministerios de Asuntos Exteriores y Educaci\u00f3n, es decir, <strong>en dos votaciones diferentes con pocos minutos entre ellas.<\/strong><\/p>\n<p style=\"text-align: justify;\">Ya en 2020, durante <strong>la votaci\u00f3n de la quinta pr\u00f3rroga del estado de alarma, la portavoz del PSOE, Adriana Lastra, termin\u00f3 votando abstenci\u00f3n<\/strong> en lugar de emitir un voto positivo, y lleg\u00f3 a alegar que su panel de votaci\u00f3n no le hab\u00eda funcionado. En aquella misma votaci\u00f3n, los diputados de Vox <strong>Jos\u00e9 Mar\u00eda Figaredo y Rub\u00e9n Dar\u00edo Vega votaron desde sus casas a favor<\/strong><strong>, mientras el resto de su partido votaba en contra.<\/strong><\/p>\n<p style=\"text-align: justify;\">M\u00e1s recientemente, el pasado mes de noviembre, el exministro y exsecretario de Organizaci\u00f3n del PSOE,<strong> Jos\u00e9 Luis \u00c1balos, asegur\u00f3 haberse equivocado al votar en blanco en la selecci\u00f3n de los candidatos al Tribunal Constitucional<\/strong>. En la papeleta telem\u00e1tica tendr\u00eda que haber escrito el nombre de los magistrados, entre los que se encontraban los pol\u00e9micos Enrique Arnaldo y Concha Espejel, pero sali\u00f3 en blanco.<\/p>\n<p><strong><a href=\"https:\/\/blogs.publico.es\/kaostica\/author\/david-bollero\/\">David Bollero<\/a><\/strong><\/p>\n<p>https:\/\/blogs.publico.es\/kaostica\/2022\/02\/04\/voto-congreso\/<\/p>\n<\/div>\n<p>FOTO:<\/p>\n<div class=\"content-inside\">\n<figure id=\"attachment_5473\" class=\"wp-caption alignleft\" aria-describedby=\"caption-attachment-5473\"><figcaption id=\"caption-attachment-5473\" class=\"wp-caption-text\">Panel de votaci\u00f3n en el Congreso. &#8211; E.Parra. POOL \/ Europa Press<\/figcaption><\/figure>\n<\/div>\n<\/div>\n<\/div>\n","protected":false},"excerpt":{"rendered":"<p>Tres botones, como un sem\u00e1foro, para que a sus se\u00f1or\u00edas les resulte a\u00fan m\u00e1s intuitivo:&#8230;<\/p>\n","protected":false},"author":1,"featured_media":52125,"comment_status":"closed","ping_status":"closed","sticky":false,"template":"","format":"standard","meta":{"_coblocks_attr":"","_coblocks_dimensions":"","_coblocks_responsive_height":"","_coblocks_accordion_ie_support":"","jetpack_post_was_ever_published":false,"_jetpack_newsletter_access":"","_jetpack_dont_email_post_to_subs":false,"_jetpack_newsletter_tier_id":0,"_jetpack_memberships_contains_paywalled_content":false,"_jetpack_memberships_contains_paid_content":false,"footnotes":"","jetpack_publicize_message":"","jetpack_publicize_feature_enabled":true,"jetpack_social_post_already_shared":true,"jetpack_social_options":{"image_generator_settings":{"template":"highway","default_image_id":0,"enabled":false},"version":2}},"categories":[1161,7149,44,7671,15],"tags":[418,8919],"class_list":["post-52124","post","type-post","status-publish","format-standard","has-post-thumbnail","hentry","category-ciudadania","category-coronavirus","category-noticias-de-hoy","category-politica","category-ultimas-noticias","tag-diputados","tag-voto-electronico"],"jetpack_publicize_connections":[],"jetpack_featured_media_url":"https:\/\/i0.wp.com\/miradordeatarfe.es\/wp-content\/uploads\/2022\/02\/PososAnarquia_VotoCongreso.jpeg?fit=990%2C660&ssl=1","jetpack_likes_enabled":true,"jetpack_sharing_enabled":true,"_links":{"self":[{"href":"https:\/\/miradordeatarfe.es\/index.php?rest_route=\/wp\/v2\/posts\/52124","targetHints":{"allow":["GET"]}}],"collection":[{"href":"https:\/\/miradordeatarfe.es\/index.php?rest_route=\/wp\/v2\/posts"}],"about":[{"href":"https:\/\/miradordeatarfe.es\/index.php?rest_route=\/wp\/v2\/types\/post"}],"author":[{"embeddable":true,"href":"https:\/\/miradordeatarfe.es\/index.php?rest_route=\/wp\/v2\/users\/1"}],"replies":[{"embeddable":true,"href":"https:\/\/miradordeatarfe.es\/index.php?rest_route=%2Fwp%2Fv2%2Fcomments&post=52124"}],"version-history":[{"count":1,"href":"https:\/\/miradordeatarfe.es\/index.php?rest_route=\/wp\/v2\/posts\/52124\/revisions"}],"predecessor-version":[{"id":52126,"href":"https:\/\/miradordeatarfe.es\/index.php?rest_route=\/wp\/v2\/posts\/52124\/revisions\/52126"}],"wp:featuredmedia":[{"embeddable":true,"href":"https:\/\/miradordeatarfe.es\/index.php?rest_route=\/wp\/v2\/media\/52125"}],"wp:attachment":[{"href":"https:\/\/miradordeatarfe.es\/index.php?rest_route=%2Fwp%2Fv2%2Fmedia&parent=52124"}],"wp:term":[{"taxonomy":"category","embeddable":true,"href":"https:\/\/miradordeatarfe.es\/index.php?rest_route=%2Fwp%2Fv2%2Fcategories&post=52124"},{"taxonomy":"post_tag","embeddable":true,"href":"https:\/\/miradordeatarfe.es\/index.php?rest_route=%2Fwp%2Fv2%2Ftags&post=52124"}],"curies":[{"name":"wp","href":"https:\/\/api.w.org\/{rel}","templated":true}]}}