{"id":52128,"date":"2022-02-06T09:26:58","date_gmt":"2022-02-06T08:26:58","guid":{"rendered":"https:\/\/miradordeatarfe.es\/?p=52128"},"modified":"2022-02-04T19:32:53","modified_gmt":"2022-02-04T18:32:53","slug":"el-congreso-culmina-la-reforma-para-penalizar-el-acoso-a-mujeres-y-profesionales-en-las-clinicas-abortivas","status":"publish","type":"post","link":"https:\/\/miradordeatarfe.es\/?p=52128","title":{"rendered":"El Congreso culmina la reforma para penalizar el acoso a mujeres y profesionales en las cl\u00ednicas abortivas"},"content":{"rendered":"<header class=\"article-header row\">\n<div class=\"article-header-epigraph col-12\">\n<h3 id=\"m69-68-70\"><span style=\"font-family: times new roman, times, serif;\">La iniciativa, aprobada por todos los grupos salvo el PP y Vox, propone penas de prisi\u00f3n desde tres meses hasta un a\u00f1o o de trabajos en beneficio de la comunidad que oscilan entre los 31 y 80 d\u00eda<\/span><\/h3>\n<\/div>\n<\/header>\n<div class=\"article-content row\">\n<div class=\"column left-side col-12 col-md-8\">\n<div class=\"article-body\">\n<div class=\"article-text\">\n<p id=\"m311-310-312\" class=\"pb-article-item-iteration\">El Congreso ha dado este jueves un importante paso en materia de libertades para las mujeres que quieren ejercer su derecho al aborto\u00a0y los profesionales que participan en este proceso, avalado por la <b>Ley de salud sexual y reproductiva e interrupci\u00f3n voluntaria del embarazo<\/b> que\u00a0el Gobierno de Jos\u00e9 Luis Rodr\u00edguez Zapatero impuls\u00f3 en 2010.<\/p>\n<p id=\"m316-1-317\" class=\"pb-article-item-iteration\">Doce a\u00f1os despu\u00e9s de este importante avance, y a la espera de que el Ministerio de Igualdad consagre la reforma de esta ley para garantizar el <a title=\"Infolibre\" href=\"https:\/\/www.infolibre.es\/politica\/85-abortos-clinicas-privadas-cinco-comunidades-no-practican-red-publica_1_1209519.html\" target=\"_blank\" rel=\"noopener\">total acceso a este derecho<\/a> a trav\u00e9s de la <b>sanidad p\u00fablica, de forma gratuita y segura<\/b> ante los obst\u00e1culos que lo lastran, la C\u00e1mara Baja ha puesto la primera piedra para garantizar el libre ejercicio del mismo en los centros determinados para ello <b>sin acoso<\/b>.<\/p>\n<p id=\"m321-2-322\" class=\"pb-article-item-iteration\">Se trata de la proposici\u00f3n de ley registrada por el PSOE en la que plantea la <b>modificaci\u00f3n del C\u00f3digo Penal<\/b> para penalizar este hostigamiento y acabar con la impunidad de estas acciones.\u00a0La iniciativa legislativa, que ha sido aprobada por todos los grupos menos el PP y Vox, propone <b>penas de prisi\u00f3n desde tres meses hasta un a\u00f1o<\/b> <b>o de trabajos en beneficio de la comunidad<\/b> que oscilan entre los 31 y 80 d\u00edas.<\/p>\n<div class=\"relacionadas\">\n<div class=\"related-module related-news-between-text\">\n<div class=\"related\">\n<div id=\"m221-220-222\" class=\"item-related-news-between-text add-author no-icon\" data-collection=\"m217-216-218\">\u00a0<\/div>\n<\/div>\n<\/div>\n<\/div>\n<p id=\"m326-3-327\" class=\"pb-article-item-iteration\">\u00abEl que para obstaculizar el ejercicio del derecho a la interrupci\u00f3n voluntaria del<br \/>\nembarazo acosare a una mujer mediante <b>actos molestos, ofensivos, intimidatorios o coactivos <\/b>que menoscaben su libertad,\u00a0ser\u00e1 castigado con la pena de prisi\u00f3n de tres meses a un a\u00f1o o de trabajos en beneficio de la comunidad de treinta y uno a ochenta d\u00edas\u00bb, <a title=\"Proposici\u00f3n de ley\" href=\"https:\/\/www.congreso.es\/public_oficiales\/L14\/CONG\/BOCG\/B\/BOCG-14-B-167-5.PDF#page=1\" target=\"_blank\" rel=\"noopener\">reza la norma<\/a>.<\/p>\n<p id=\"m331-4-332\" class=\"pb-article-item-iteration\">Pero esta cobertura legal no solo se aplica a las <b>mujeres<\/b> que quieren ejercer este derecho, tambi\u00e9n\u00a0a los <b>facultativos y directivos<\/b> de los centros habilitados para interrumpir el embarazo. De igual forma, estas acciones ser\u00e1n condenadas <b>tanto si proceden de grupos como de una sola persona<\/b>.<\/p>\n<p id=\"m336-5-337\" class=\"pb-article-item-iteration\">Un informe elaborado en 2018 por la Asociaci\u00f3n de Cl\u00ednicas Acreditadas para la interrupci\u00f3n del embarazo (ACAI) mostraba que el <b>89% de las mujeres que acudieron a abortar <\/b>se hab\u00edan sentido acosadas y un 66% amenazadas. Ante esta situaci\u00f3n y las quejas de la asociaci\u00f3n de cl\u00ednicas acreditadas para la interrupci\u00f3n del embarazo, el <b>Defensor del Pueblo<\/b> reclam\u00f3 la creaci\u00f3n de zonas seguras para garantizar el acceso de las mujeres a estos centros sanitarios.<\/p>\n<p id=\"m341-6-342\" class=\"pb-article-item-iteration\">Tal como recoge el texto legislativo,<b> grupos ultracat\u00f3licos y de extrema derecha<\/b> abordan a las mujeres con fotograf\u00edas, fetos de juguete y proclamas contra el aborto antes de que entren a la cl\u00ednica con el objetivo de cambiar su decisi\u00f3n a trav\u00e9s de coacciones, intimidaci\u00f3n y hostigamiento. El \u00faltimo ejemplo es la <a title=\"Un 'lobby' ultracat\u00f3lico paga anuncios en 33 ciudades contra la prohibici\u00f3n del acoso a mujeres en cl\u00ednicas de abortos\" href=\"https:\/\/www.publico.es\/sociedad\/lobby-ultracatolico-paga-anuncios-33-ciudades-prohibicion-acoso-mujeres-clinicas-abortos.html\">campa\u00f1a promovida por una asociaci\u00f3n antiabortista<\/a> que <b>animaba \u00aba rezar\u00bb ante estos centros <\/b>y que fue retirada\u00a0de las marquesinas de varias ciudades <a title=\"Retiran la campa\u00f1a antiabortista de las marquesinas de varias ciudades y Almeida la mantiene en Madrid alegando 'libertad'\" href=\"https:\/\/www.publico.es\/actualidad\/retiran-campana-antiabortista-marquesinas-varias.html\">a excepci\u00f3n de Madrid<\/a>, que la mantuvo alegando \u00ablibertad\u00bb.<\/p>\n<p id=\"m346-7-347\" class=\"pb-article-item-iteration\">Por ello, la proposici\u00f3n de ley recoge adem\u00e1s que, en virtud de la gravedad, las circunstancias personales del autor y las concurrentes en la realizaci\u00f3n del hecho, el tribunal podr\u00e1 imponer la \u00abprohibici\u00f3n de <b>acudir a determinados lugares<\/b> por tiempo de seis meses a tres a\u00f1os\u00bb. Y a\u00f1ade: \u00abEn la persecuci\u00f3n de los hechos descritos <b>no ser\u00e1 necesaria la denuncia<\/b> de la persona agraviada ni de su representaci\u00f3n legal\u00bb.<\/p>\n<p id=\"m351-8-352\" class=\"pb-article-item-iteration\">Con esta reforma del C\u00f3digo Penal, <a title=\"https:\/\/www.publico.es\/sociedad\/increpar-mujeres-acuden-abortar-acoso-tolerado-espana-no-otros-paises-europeos.html\" href=\"https:\/\/www.publico.es\/sociedad\/increpar-mujeres-acuden-abortar-acoso-tolerado-espana-no-otros-paises-europeos.html\">Espa\u00f1a se equiparar\u00e1 a otros pa\u00edses de su entorno<\/a> en la defensa del derecho a la interrupci\u00f3n voluntaria del embarazo, como <b>Alemania, Austria, Reino Unido y Francia<\/b>. En este \u00faltimo territorio existe una tipificaci\u00f3n parecida, aunque con penas diferentes. La ley francesa de 2017 contempla dos a\u00f1os de prisi\u00f3n y hasta 30.000 euros de multa en el caso de que se trate de impedir o se impida la practica del aborto, incluso la obtenci\u00f3n de informaci\u00f3n sobre el mismo.<\/p>\n<p><strong><a href=\"https:\/\/www.publico.es\/author\/pilar-araque-conde\">Pilar Araque Conde<\/a><\/strong><\/p>\n<div class=\"article-multimedia-content\">\n<div class=\"aspect-ratio-img\">\n<figure id=\"m372-371-373\" class=\"module-image horizontal article-multimedia-info\"><figcaption id=\"m382-1-383\" class=\"image-description\">FOTO: Varias personas cuelgan una pancarta contra el aborto con motivo de la reuni\u00f3n del presidente del Gobierno con el presidente de la Conferencia Episcopal Espa\u00f1ola. <span class=\"dash\">\u2014<\/span> <span class=\"signature\">A. P\u00e9rez Meca<\/span> <span class=\"slash\">\/<\/span> <span class=\"agency\">Europa Press<\/p>\n<p>https:\/\/www.publico.es\/politica\/interrupcion-voluntaria-embarazo-congreso-culmina-reforma-penalizar-acoso-mujeres-profesionales-clinicas-abortivas.html<br \/>\n<\/span><\/figcaption><\/figure>\n<\/div>\n<\/div>\n<div class=\"article-body\">\n<div class=\"subscription-claim-exclusive\">\n<div class=\"tp-container-inner\">\u00a0<\/div>\n<\/div>\n<header class=\"article-published-info\"><\/header>\n<footer class=\"article-info\">\n<p id=\"m95-94-96\" class=\"signature\">\u00a0<\/p>\n<\/footer>\n<\/div>\n<\/div>\n<\/div>\n<\/div>\n<\/div>\n","protected":false},"excerpt":{"rendered":"<p>La iniciativa, aprobada por todos los grupos salvo el PP y Vox, propone penas de&#8230;<\/p>\n","protected":false},"author":1,"featured_media":52129,"comment_status":"closed","ping_status":"closed","sticky":false,"template":"","format":"standard","meta":{"_coblocks_attr":"","_coblocks_dimensions":"","_coblocks_responsive_height":"","_coblocks_accordion_ie_support":"","jetpack_post_was_ever_published":false,"_jetpack_newsletter_access":"","_jetpack_dont_email_post_to_subs":false,"_jetpack_newsletter_tier_id":0,"_jetpack_memberships_contains_paywalled_content":false,"_jetpack_memberships_contains_paid_content":false,"footnotes":"","jetpack_publicize_message":"","jetpack_publicize_feature_enabled":true,"jetpack_social_post_already_shared":true,"jetpack_social_options":{"image_generator_settings":{"template":"highway","default_image_id":0,"enabled":false},"version":2}},"categories":[1161,14,44,6937,15],"tags":[8920,348],"class_list":["post-52128","post","type-post","status-publish","format-standard","has-post-thumbnail","hentry","category-ciudadania","category-feminismo","category-noticias-de-hoy","category-sociedad","category-ultimas-noticias","tag-antiabortistas","tag-codigo-penal"],"jetpack_publicize_connections":[],"jetpack_featured_media_url":"https:\/\/i0.wp.com\/miradordeatarfe.es\/wp-content\/uploads\/2022\/02\/ABORTO.jpeg?fit=990%2C660&ssl=1","jetpack_likes_enabled":true,"jetpack_sharing_enabled":true,"_links":{"self":[{"href":"https:\/\/miradordeatarfe.es\/index.php?rest_route=\/wp\/v2\/posts\/52128","targetHints":{"allow":["GET"]}}],"collection":[{"href":"https:\/\/miradordeatarfe.es\/index.php?rest_route=\/wp\/v2\/posts"}],"about":[{"href":"https:\/\/miradordeatarfe.es\/index.php?rest_route=\/wp\/v2\/types\/post"}],"author":[{"embeddable":true,"href":"https:\/\/miradordeatarfe.es\/index.php?rest_route=\/wp\/v2\/users\/1"}],"replies":[{"embeddable":true,"href":"https:\/\/miradordeatarfe.es\/index.php?rest_route=%2Fwp%2Fv2%2Fcomments&post=52128"}],"version-history":[{"count":1,"href":"https:\/\/miradordeatarfe.es\/index.php?rest_route=\/wp\/v2\/posts\/52128\/revisions"}],"predecessor-version":[{"id":52130,"href":"https:\/\/miradordeatarfe.es\/index.php?rest_route=\/wp\/v2\/posts\/52128\/revisions\/52130"}],"wp:featuredmedia":[{"embeddable":true,"href":"https:\/\/miradordeatarfe.es\/index.php?rest_route=\/wp\/v2\/media\/52129"}],"wp:attachment":[{"href":"https:\/\/miradordeatarfe.es\/index.php?rest_route=%2Fwp%2Fv2%2Fmedia&parent=52128"}],"wp:term":[{"taxonomy":"category","embeddable":true,"href":"https:\/\/miradordeatarfe.es\/index.php?rest_route=%2Fwp%2Fv2%2Fcategories&post=52128"},{"taxonomy":"post_tag","embeddable":true,"href":"https:\/\/miradordeatarfe.es\/index.php?rest_route=%2Fwp%2Fv2%2Ftags&post=52128"}],"curies":[{"name":"wp","href":"https:\/\/api.w.org\/{rel}","templated":true}]}}