{"id":52139,"date":"2022-02-13T10:05:06","date_gmt":"2022-02-13T09:05:06","guid":{"rendered":"https:\/\/miradordeatarfe.es\/?p=52139"},"modified":"2022-02-09T11:40:42","modified_gmt":"2022-02-09T10:40:42","slug":"la-juventud-china-esta-mas-concienciada-sobre-el-medio-ambiente-que-la-alemana","status":"publish","type":"post","link":"https:\/\/miradordeatarfe.es\/?p=52139","title":{"rendered":"La juventud china est\u00e1 m\u00e1s concienciada sobre el medio ambiente que la alemana"},"content":{"rendered":"<div id=\"articulo-titulares\" class=\"articulo-titulares\" style=\"text-align: justify;\">\n<div class=\"articulo-subtitulos\">\n<h2 class=\"articulo-subtitulo\">Entre el 65% y el 90% de los consumidores se preocupan por su impacto en el cambio clim\u00e1tico, seg\u00fan Credit Suisse<\/h2>\n<\/div>\n<\/div>\n<div id=\"articulo__contenedor\" class=\"articulo__contenedor\">\n<div id=\"cuerpo_noticia\" class=\"articulo-cuerpo\">\n<p style=\"text-align: justify;\">Las personas entre los 16 y los 40 a\u00f1os representan alrededor del 48% del gasto mundial de los consumidores en la actualidad. Un porcentaje que podr\u00eda alcanzar el 68% en 2040. Es por esto que Credit Suisse considera que poner el foco en la conciencia medioambiental de los j\u00f3venes tendr\u00e1 un gran impacto en la lucha contra el cambio clim\u00e1tico.<\/p>\n<p style=\"text-align: justify;\">Este grupo de edad manifiesta una gran preocupaci\u00f3n por el medioambiente. Entre el 65% y el 90% de los j\u00f3venes manifiesta estar alarmado o muy alarmado por el medioambiente, seg\u00fan un estudio publicado este martes por el Credit Suisse Research Institute (CSRI). El informe muestra una gran desigualdad entre pa\u00edses, pues la conciencia medioambiental es menor en las regiones occidentales. En concreto, el 90% de la juventud de China en India se declara intranquila, mientras que esta cifra cae al 65% en el caso de Alemania.<\/p>\n<p style=\"text-align: justify;\">En esta l\u00ednea, el 65% de los consumidores chinos, el 55% de los brasile\u00f1os y el 55% de los mexicanos asegura haber cambiado sus h\u00e1bitos de consumo por razones ambientales. En Alemania este porcentaje apenas supera el 40% y ronda el 45% en el caso de Estados Unidos y Reino Unido.<\/p>\n<p style=\"text-align: justify;\">Este esfuerzo tiene una traducci\u00f3n directa en el grado de optimismo o pesimismo de cada uno de los pa\u00edses. Si bien menos del 30% de los consumidores cree que se vaya a alcanzar la meta de cero emisiones para 2050, este porcentaje se dispara en el caso de las regiones m\u00e1s concienciadas. As\u00ed, en China esta cifra supera el 60%, mientras que en Suiza apenas llega al 10% y en Alemania, al 17%.<\/p>\n<h3 style=\"text-align: justify;\">Por sectores<\/h3>\n<p style=\"text-align: justify;\">El diferente impacto de cada industria en cada uno de los pa\u00edses tambi\u00e9n refleja ciertas brechas entre ellos. En China el 50% de las personas que cree que la moda es poco sostenible tiene intenci\u00f3n de reducir la cantidad de <em>fast fashion<\/em> que cosumen. En Francia este porcentaje cae al 30% y en Brasil, al 23%.<\/p>\n<p style=\"text-align: justify;\">En relaci\u00f3n al transporte, el mecionado informe tambi\u00e9n se pregunta si los ciudadanos est\u00e1n dispuestos a variar sus h\u00e1bitos de viaje en avi\u00f3n. El 55% de los consumidores de pa\u00edses emergentes asegura que trata de reducir sus vuelos, mientras que el 33% reconoce que no tiene intenci\u00f3n de hacer ning\u00fan cambio. En el caso de los pa\u00edses desarrollados, los resultados se voltean por completo: el 55% insiste en que no har\u00e1 variaciones en sus vuelos, mientras que el 35% asegura que tratar\u00e1 de reducir el impacto de esta actividad.<\/p>\n<div class=\"firma \">\n<div class=\"autor\">\n<div class=\"autor-texto\"><span class=\"autor-nombre\"><a title=\"Ver todas las noticias de Ana Mu\u00f1oz Vita\" href=\"https:\/\/cincodias.elpais.com\/autor\/ana_munoz_vita\/a\/\"><strong>Ana Mu\u00f1oz Vita<\/strong> <\/a> <\/span><\/div>\n<\/div>\n<\/div>\n<figure class=\"foto derecha foto_w980\"><figcaption class=\"foto-pie\"><span class=\"foto-firma\">FOTO:\u00a0 <span class=\"foto-agencia\">GETTY IMAGES<\/span><\/span><\/figcaption><\/figure>\n<aside id=\"compartir_superior\" class=\"compartir\">\n<div class=\"compartir__interior\">\n<div id=\"compartir_social_superior\" class=\"compartir-social\">https:\/\/cincodias.elpais.com\/cincodias\/2022\/02\/01\/fortunas\/1643719441_517163.html<\/div>\n<\/div>\n<\/aside>\n<\/div>\n<\/div>\n","protected":false},"excerpt":{"rendered":"<p>Entre el 65% y el 90% de los consumidores se preocupan por su impacto en&#8230;<\/p>\n","protected":false},"author":1,"featured_media":52140,"comment_status":"closed","ping_status":"closed","sticky":false,"template":"","format":"standard","meta":{"_coblocks_attr":"","_coblocks_dimensions":"","_coblocks_responsive_height":"","_coblocks_accordion_ie_support":"","jetpack_post_was_ever_published":false,"_jetpack_newsletter_access":"","_jetpack_dont_email_post_to_subs":false,"_jetpack_newsletter_tier_id":0,"_jetpack_memberships_contains_paywalled_content":false,"_jetpack_memberships_contains_paid_content":false,"footnotes":"","jetpack_publicize_message":"","jetpack_publicize_feature_enabled":true,"jetpack_social_post_already_shared":true,"jetpack_social_options":{"image_generator_settings":{"template":"highway","default_image_id":0,"enabled":false},"version":2}},"categories":[7725,1161,9,44,6937,15],"tags":[271,99],"class_list":["post-52139","post","type-post","status-publish","format-standard","has-post-thumbnail","hentry","category-atarfe-sostenible","category-ciudadania","category-medio-ambiente","category-noticias-de-hoy","category-sociedad","category-ultimas-noticias","tag-cambio-climatico","tag-medio-ambiente"],"jetpack_publicize_connections":[],"jetpack_featured_media_url":"https:\/\/i0.wp.com\/miradordeatarfe.es\/wp-content\/uploads\/2022\/02\/1643719441_517163_1643722252_noticia_normal_recorte1.jpg?fit=1960%2C1011&ssl=1","jetpack_likes_enabled":true,"jetpack_sharing_enabled":true,"_links":{"self":[{"href":"https:\/\/miradordeatarfe.es\/index.php?rest_route=\/wp\/v2\/posts\/52139","targetHints":{"allow":["GET"]}}],"collection":[{"href":"https:\/\/miradordeatarfe.es\/index.php?rest_route=\/wp\/v2\/posts"}],"about":[{"href":"https:\/\/miradordeatarfe.es\/index.php?rest_route=\/wp\/v2\/types\/post"}],"author":[{"embeddable":true,"href":"https:\/\/miradordeatarfe.es\/index.php?rest_route=\/wp\/v2\/users\/1"}],"replies":[{"embeddable":true,"href":"https:\/\/miradordeatarfe.es\/index.php?rest_route=%2Fwp%2Fv2%2Fcomments&post=52139"}],"version-history":[{"count":1,"href":"https:\/\/miradordeatarfe.es\/index.php?rest_route=\/wp\/v2\/posts\/52139\/revisions"}],"predecessor-version":[{"id":52141,"href":"https:\/\/miradordeatarfe.es\/index.php?rest_route=\/wp\/v2\/posts\/52139\/revisions\/52141"}],"wp:featuredmedia":[{"embeddable":true,"href":"https:\/\/miradordeatarfe.es\/index.php?rest_route=\/wp\/v2\/media\/52140"}],"wp:attachment":[{"href":"https:\/\/miradordeatarfe.es\/index.php?rest_route=%2Fwp%2Fv2%2Fmedia&parent=52139"}],"wp:term":[{"taxonomy":"category","embeddable":true,"href":"https:\/\/miradordeatarfe.es\/index.php?rest_route=%2Fwp%2Fv2%2Fcategories&post=52139"},{"taxonomy":"post_tag","embeddable":true,"href":"https:\/\/miradordeatarfe.es\/index.php?rest_route=%2Fwp%2Fv2%2Ftags&post=52139"}],"curies":[{"name":"wp","href":"https:\/\/api.w.org\/{rel}","templated":true}]}}