{"id":52155,"date":"2022-02-13T11:47:42","date_gmt":"2022-02-13T10:47:42","guid":{"rendered":"https:\/\/miradordeatarfe.es\/?p=52155"},"modified":"2022-06-08T12:16:44","modified_gmt":"2022-06-08T10:16:44","slug":"presentacion-de-atarfe-en-papel-por-jose-enrique-granados","status":"publish","type":"post","link":"https:\/\/miradordeatarfe.es\/?p=52155","title":{"rendered":"\u00abPRESENTACI\u00d3N DE ATARFE EN PAPEL\u00bb por Jos\u00e9 Enrique Granados"},"content":{"rendered":"<h3 style=\"text-align: justify;\">\u201cAfortunadamente existen los libros. Podemos tenerlos olvidados en un estante o en un ba\u00fal, dejarlos entregados al polvo o a las polillas, abandonarlos en la oscuridad de los s\u00f3tanos, podemos no pasarles la vista por encima ni tocarlos durante a\u00f1os y a\u00f1os, pero a ellos no les importa, esperan tranquilamente, cerrados sobre si mismos para que nada de lo que tienen dentro se pierda, &#8230;.\u201d<br \/>\n<strong>Jos\u00e9 Saramago (La Caverna)<\/strong><\/h3>\n<p style=\"text-align: justify;\">Existen los libros, los documentos y estaban esperando tranquilamente a que alguien con ganas de descubrirlos, los descifrara. Porque estaban ah\u00ed, comenc\u00e9 a sentir curiosidad por las cosas locales. Recortes de peri\u00f3dico, viejos programas de fiestas, fotograf\u00edas y otros documentos que mi padre, guardaba celosamente en viejos ba\u00fales, despertaron en m\u00ed, la necesidad de descubrir lo que esos papeles descoloridos escond\u00edan. Esto, unido a que mis primeros pasos los di en la vieja barber\u00eda, legado de mis antepasados, en la esquina de la Plaza del Ayuntamiento y verdadero centro del mentidero local, tradici\u00f3n oral que ha suplido en muchos casos el placentero contacto del hombre con los libros, me hizo desde muy ni\u00f1o sentir la necesidad de conocer el lugar donde nac\u00ed, leer toda aquella noticia ocurrida en el pueblo en el que v\u00ed la luz, indagar y descubrir su historia.<\/p>\n<p style=\"text-align: justify;\">Cuando por primera vez, con tan s\u00f3lo diez a\u00f1os, visit\u00e9 el Museo Arqueol\u00f3gico en la Carrera del Darro, quede impresionado al descubrir que gran parte del tesoro que expon\u00edan sus vitrinas, proced\u00edan de Elvira, ciudad medieval localizada en las inmediaciones de Atarfe. Aquello me impront\u00f3 de tal forma, que me hizo sentir orgulloso de pertenecer a un lugar con historia, esa<br \/>\nhistoria transmitida por la palabra y que absorto, o\u00eda en la vieja barber\u00eda de la Plaza del Ayuntamiento.<\/p>\n<p style=\"text-align: justify;\">Escuchar y conversar con aquellos personajes, herederos de nuestras tradiciones locales, conocedores del territorio que formaban parte de aquel paisaje de mi infancia, me provoco la necesidad de buscar nuestras ra\u00edces, de colaborar en la medida de mis posibilidades, en poner en valor nuestro pasado como pueblo y transmitir lo aprendido a generaciones venideras. Pasado construido<br \/>\npor personas an\u00f3nimas, que han legado un presente abierto al respeto y a la concordia. Y el veh\u00edculo elegido para canalizar esa inquietud fue IDEAL.<\/p>\n<p style=\"text-align: justify;\">Mi padre como corresponsal administrativo de este medio de comunicaci\u00f3n en Atarfe, me abri\u00f3 las puertas de ese peri\u00f3dico, y as\u00ed pude con el paso de los a\u00f1os crear y fortalecer la relaci\u00f3n con IDEAL, historia viva de la Granada de los \u00faltimos siglos. De nuevo, mi padre, clave en este proyecto.<\/p>\n<p style=\"text-align: justify;\">Desde la d\u00e9cada de los ochenta a\u00f1o tras a\u00f1o, 20 en total, cada verano y con motivo de la celebraci\u00f3n de nuestras fiestas hemos ido escribiendo en papel de peri\u00f3dico una parte de nosotros. Mucho ha cambiado la tecnolog\u00eda en estos a\u00f1os, desde aquellas m\u00e1quinas de escribir y composici\u00f3n manual de las p\u00e1ginas a los ordenadores actuales que facilitan el trabajo. Lo que sin duda no ha cambiado ha sido la ilusi\u00f3n con la que se ha trabajado.<\/p>\n<p style=\"text-align: justify;\">En total, hemos recopilado m\u00e1s de dos centenares de art\u00edculos que versan sobre nuestra historia y nuestras tradiciones; art\u00edculos que tratan sobre el medio natural en el que se asienta Atarfe; inquietudes literarias en forma de prosa y versos que han sido recopilados con el fin de darles unidad y facilitar lo escrito sobre Atarfe en las dos \u00faltimas d\u00e9cadas. Atarfe es el hilo conductor<br \/>\nde esta obra.<\/p>\n<p style=\"text-align: justify;\">Los art\u00edculos se han agrupado por temas: Medio Natural, Historia, Econom\u00eda, Arquitectura y urbanismo, Personajes y Literatura. Los pod\u00edamos haber incluido por orden cronol\u00f3gico de publicaci\u00f3n, pero pienso que no se hubiera dado cohesi\u00f3n al texto. Con el fin de facilitar al lector la fecha en el que se public\u00f3 el trabajo, en el \u00edndice de la obra aparece el a\u00f1o de publicaci\u00f3n del art\u00edculo.<br \/>\nAlgunos temas han sido tratados profusamente a lo largo de estos a\u00f1os, y otros lo han sido muy superficiales, por lo que os animo a seguir indagando esa parte de nuestra historia menos conocida.<\/p>\n<p style=\"text-align: justify;\">Como atarfe\u00f1o me honra poder presentar a mis paisanos la recopilaci\u00f3n de estos trabajos. Creo que esta obra<strong> \u201cAtarfe, en el papel\u201d<\/strong>, marcar\u00e1 un hito entre nosotros y estoy sin duda convencido, que incentivar\u00e1 la curiosidad y abrir\u00e1 nuevos horizontes al conocimiento local.<\/p>\n<p style=\"text-align: justify;\">Si como coordinador de esta publicaci\u00f3n hubiera que destacar la principal cualidad de este proyecto, sin duda me decantar\u00eda por el enorme grado de participaci\u00f3n existente, y el compromiso de colaboradores literarios y gr\u00e1ficos, que han hecho suya esta publicaci\u00f3n, sin escatimar medios. Asimismo, el esfuerzo de todos esos anunciantes, que a\u00f1o tras a\u00f1o han aportado su granito<br \/>\nde arena para que el d\u00eda preestablecido viera la luz el extra de las fiestas en IDEAL, son art\u00edfices de esta realidad que acaba de salir de la imprenta.<\/p>\n<p style=\"text-align: justify;\">Las diferentes corporaciones municipales han prestado toda su ayuda para que todos los a\u00f1os, Atarfe brillara con luz propia el d\u00eda que el especial de sus fiestas se publicaba. Especialmente, agradezco la colaboraci\u00f3n prestada a V\u00edctor S\u00e1nchez, alcalde durante estos \u00faltimos diecis\u00e9is a\u00f1os, quien cuando le present\u00e9 la idea, me animo a continuar y me prest\u00f3 todo su apoyo.<br \/>\nEl personal de IDEAL ha colaborado intensamente con el proyecto durante todos estos a\u00f1os, lo cual agradezco sinceramente. Mis amigos me han animado a continuar con este sue\u00f1o durante todo esto tiempo y mi familia me ha apoyado para llevar a buen puerto esta aventura.<br \/>\nUstedes decidir\u00e1n, si este trabajo ha merecido la pena.<\/p>\n<p><strong>Jos\u00e9 Enrique Granados<\/strong><\/p>\n<p>IDEAL:ATARFE EN PAPEL<\/p>\n<p>Art\u00edculo editado por Corporaci\u00f3n de Medios de Andaluc\u00eda y el Ayuntamiento de Atarfe, coordinado por Jos\u00e9 Enrique Granados y tiene por nombre \u00abAtarfe en el papel<\/p>\n<p>&nbsp;<\/p>\n<p>&nbsp;<\/p>\n","protected":false},"excerpt":{"rendered":"<p>\u201cAfortunadamente existen los libros. Podemos tenerlos olvidados en un estante o en un ba\u00fal, dejarlos&#8230;<\/p>\n","protected":false},"author":1,"featured_media":52152,"comment_status":"closed","ping_status":"closed","sticky":false,"template":"","format":"standard","meta":{"_coblocks_attr":"","_coblocks_dimensions":"","_coblocks_responsive_height":"","_coblocks_accordion_ie_support":"","jetpack_post_was_ever_published":false,"_jetpack_newsletter_access":"","_jetpack_dont_email_post_to_subs":false,"_jetpack_newsletter_tier_id":0,"_jetpack_memberships_contains_paywalled_content":false,"_jetpack_memberships_contains_paid_content":false,"footnotes":"","jetpack_publicize_message":"","jetpack_publicize_feature_enabled":true,"jetpack_social_post_already_shared":true,"jetpack_social_options":{"image_generator_settings":{"template":"highway","default_image_id":0,"enabled":false},"version":2}},"categories":[2,7537,186,38,44,15],"tags":[8925,4082],"class_list":["post-52155","post","type-post","status-publish","format-standard","has-post-thumbnail","hentry","category-atarfe","category-atarfe-en-papel-de-ideal","category-instituciones","category-opinion-de-jose-enrique-granados","category-noticias-de-hoy","category-ultimas-noticias","tag-atarfe-en-papel","tag-jose-enrique-granados"],"jetpack_publicize_connections":[],"jetpack_featured_media_url":"https:\/\/i0.wp.com\/miradordeatarfe.es\/wp-content\/uploads\/2022\/02\/WhatsApp-Image-2022-02-05-at-12.32.51.jpeg?fit=1191%2C1207&ssl=1","jetpack_likes_enabled":true,"jetpack_sharing_enabled":true,"_links":{"self":[{"href":"https:\/\/miradordeatarfe.es\/index.php?rest_route=\/wp\/v2\/posts\/52155","targetHints":{"allow":["GET"]}}],"collection":[{"href":"https:\/\/miradordeatarfe.es\/index.php?rest_route=\/wp\/v2\/posts"}],"about":[{"href":"https:\/\/miradordeatarfe.es\/index.php?rest_route=\/wp\/v2\/types\/post"}],"author":[{"embeddable":true,"href":"https:\/\/miradordeatarfe.es\/index.php?rest_route=\/wp\/v2\/users\/1"}],"replies":[{"embeddable":true,"href":"https:\/\/miradordeatarfe.es\/index.php?rest_route=%2Fwp%2Fv2%2Fcomments&post=52155"}],"version-history":[{"count":3,"href":"https:\/\/miradordeatarfe.es\/index.php?rest_route=\/wp\/v2\/posts\/52155\/revisions"}],"predecessor-version":[{"id":54883,"href":"https:\/\/miradordeatarfe.es\/index.php?rest_route=\/wp\/v2\/posts\/52155\/revisions\/54883"}],"wp:featuredmedia":[{"embeddable":true,"href":"https:\/\/miradordeatarfe.es\/index.php?rest_route=\/wp\/v2\/media\/52152"}],"wp:attachment":[{"href":"https:\/\/miradordeatarfe.es\/index.php?rest_route=%2Fwp%2Fv2%2Fmedia&parent=52155"}],"wp:term":[{"taxonomy":"category","embeddable":true,"href":"https:\/\/miradordeatarfe.es\/index.php?rest_route=%2Fwp%2Fv2%2Fcategories&post=52155"},{"taxonomy":"post_tag","embeddable":true,"href":"https:\/\/miradordeatarfe.es\/index.php?rest_route=%2Fwp%2Fv2%2Ftags&post=52155"}],"curies":[{"name":"wp","href":"https:\/\/api.w.org\/{rel}","templated":true}]}}