{"id":52169,"date":"2022-02-07T10:15:40","date_gmt":"2022-02-07T09:15:40","guid":{"rendered":"https:\/\/miradordeatarfe.es\/?p=52169"},"modified":"2022-02-06T17:24:03","modified_gmt":"2022-02-06T16:24:03","slug":"abierto-el-plazo-de-inscripcion-y-presentacion-de-comunicaciones-para-el-iv-congreso-internacional-genero-y-derecho-violencia-institucional-de-genero","status":"publish","type":"post","link":"https:\/\/miradordeatarfe.es\/?p=52169","title":{"rendered":"Abierto el plazo de inscripci\u00f3n y presentaci\u00f3n de comunicaciones para el IV Congreso Internacional G\u00e9nero y Derecho: Violencia Institucional de G\u00e9nero"},"content":{"rendered":"<p style=\"text-align: justify;\"><strong>Se celebra en modalidad semipresencial del 9 al 11 de marzo, con motivo del 8M,<\/strong><strong>Participan expertas de alt\u00edsimo nivel como Amelia Valc\u00e1rcel, Alda Facio y Sonia Vaccaro.<\/strong><\/p>\n<p style=\"text-align: justify;\">El IV Congreso Internacional G\u00e9nero y Derecho sobre violencia institucional de g\u00e9nero se celebra del 9 al 11 de marzo en la Universidad de Granada, y mantiene abierto el plazo de inscripci\u00f3n y presentaci\u00f3n de comunicaciones hasta el 4 de marzo.<\/p>\n<p style=\"text-align: justify;\">Este Congreso Internacional, dirigido por la catedr\u00e1tica de Filosof\u00eda del Derecho de la UGR Juana Mar\u00eda Gil Ruiz, experta en Derecho Antidiscriminatorio y Violencia de G\u00e9nero, llega ya a su cuarta edici\u00f3n, en esta ocasi\u00f3n apostando por una modalidad semipresencial que permitir\u00e1 trascender las fronteras nacionales pero sin perder la fuerza que incorpora la presencialidad. Como en anteriores ediciones, est\u00e1 abierto a la sociedad civil, y se dirige especialmente a la formaci\u00f3n de profesionales y alumnado de Derecho, Criminolog\u00eda, Ciencias Pol\u00edticas y Psicolog\u00eda.<\/p>\n<p style=\"text-align: justify;\">Seg\u00fan explica su directora, la catedr\u00e1tica Juana Mar\u00eda Gil Ruiz, \u201ceste a\u00f1o el congreso se centra en la denominada Violencia Institucional de G\u00e9nero pretendiendo realizar un balance de los compromisos institucionales adoptados frente a las Violencias de G\u00e9nero y su grado de cumplimiento. Para ello partiremos de un nuevo marco de trabajo jur\u00eddico, reflexionando sobre la acci\u00f3n o inacci\u00f3n del Estado frente a las Violencias de G\u00e9nero y posibles cuadros de victimizaci\u00f3n secundaria severa. Repararemos espec\u00edficamente en el pseudo SAP desde una visi\u00f3n interdisciplinar jur\u00eddica y psicol\u00f3gica; y realizaremos un an\u00e1lisis de la aplicaci\u00f3n del Derecho desde la ineludible perspectiva de g\u00e9nero. Nuestro objetivo general es formar de manera rigurosa en G\u00e9nero a la comunidad universitaria y a lo\/as profesionales que han de participar en la implementaci\u00f3n de medidas en pro de la igualdad efectiva y prevenci\u00f3n, detecci\u00f3n, erradicaci\u00f3n y sanci\u00f3n de las violencias de g\u00e9nero\u201d.<\/p>\n<p style=\"text-align: justify;\">Organizado por los Proyectos de Investigaci\u00f3n I+D+ del Ministerio de Ciencia e Innovaci\u00f3n ID2019-108526RB-I00\/AEI\/10.13039\/501100011033 y el FEDER-Junta de Andaluc\u00eda B-SEJ 165-UGR-18 que dirige la profesora Gil, esta actividad transversal y disciplinar apuesta por la formaci\u00f3n en g\u00e9nero desde la calidad a profesionales y alumnado universitario. Adem\u00e1s, cuenta con la colaboraci\u00f3n de los Vicerrectorados VIIS y de Investigaci\u00f3n; la Facultad de Derecho, el departamento de Filosof\u00eda del Derecho y el SEJ 101-UGR-18.<\/p>\n<p style=\"text-align: justify;\">El congreso, que ser\u00e1 inaugurado por la rectora, Pilar Aranda, y el decano de la Facultad de Derecho, Jos\u00e9 Luis P\u00e9rez Serrabona, cuenta con la participaci\u00f3n de te\u00f3ricas referenciales del Feminismo acad\u00e9mico en el mundo de la Filosof\u00eda pol\u00edtica como Amelia Valc\u00e1rcel, catedr\u00e1tica de Filosof\u00eda Moral de la UNED; o del mundo jur\u00eddico, como Alda Facio, jurista y exrelatora sobre discriminaci\u00f3n contra las mujeres y las ni\u00f1as del Consejo de Derechos Humanos de la ONU, y Maggy Barr\u00e8re Unzueta, catedr\u00e1tica de Filosof\u00eda del Derecho del UPV, precursora de un Derecho antisubordiscriminatorio.<\/p>\n<p style=\"text-align: justify;\">La reflexi\u00f3n sobre la aplicaci\u00f3n del pseudo SAP (S\u00edndrome de Alienaci\u00f3n Parental) como violencia institucional ser\u00e1 abordada de manera transversal e interdisciplinar desde el derecho, de la mano de Altamira Gonzalo Valga\u00f1\u00f3n, abogada y expresidenta de la Asociaci\u00f3n de Mujeres Juristas Themis; y desde la psicolog\u00eda, con Sonia Vaccaro, psic\u00f3loga cl\u00ednica y forense, vicepresidenta de la Red Internacional para los derechos de la infancia Fight4child Protection. Se contar\u00e1 adem\u00e1s con la intervenci\u00f3n de Irune Costumero, y su testimonio ante el Parlamento Vasco, tras el requerimiento de la ONU.<\/p>\n<p style=\"text-align: justify;\">El bloque dedicado a \u201cMetodolog\u00eda de g\u00e9nero y cambios socio-jur\u00eddicos\u201d ser\u00e1 acometido por las expertas internacionales Gloria Ram\u00edrez, de la C\u00e1tedra UNESCO de Derechos Humanos de la UNAM; Carmen Morte G\u00f3mez, asesora Legal Principal en el Tribunal Europeo de Derechos Humanos, y Gemma Gallego S\u00e1nchez, magistrada y miembro del primer Grupo de Experto\/as del Convenio de Estambul \u2013 GREVIO- del Consejo de Europa.<\/p>\n<p style=\"text-align: justify;\">Finalmente, el \u00faltimo m\u00f3dulo apuesta por \u201cUna pr\u00e1xis jur\u00eddica comprometida hacia la transformaci\u00f3n social\u201d y ser\u00e1 moderado por \u00a0Miguel Lorente Acosta, profesor de Medicina Legal de la UGR y asesor de la Unidad de Igualdad del VIIS, y contar\u00e1 con la participaci\u00f3n de Pilar Sep\u00falveda de la Torre, jurista de reconocido prestigio y miembro de la Permanente del CGPJ; In\u00e9s Herreros Hern\u00e1ndez, fiscal vocal en el Consejo Fiscal y presidenta de la Uni\u00f3n Progresista de Fiscales; y Luc\u00eda Avil\u00e9s Palacios, magistrada del Juzgado de lo Penal en Matar\u00f3 y exportavoz de la Asociaci\u00f3n de Mujeres Juezas de Espa\u00f1a.<\/p>\n<p style=\"text-align: justify;\">El plazo de inscripci\u00f3n as\u00ed como la presentaci\u00f3n de comunicaciones est\u00e1 abierto hasta el 4 de marzo.<\/p>\n<p style=\"text-align: justify;\">Este Congreso entregar\u00e1 una distinci\u00f3n a la mejor comunicaci\u00f3n presentada, en el acto de clausura, presidido por Margarita S\u00e1nchez Romero, vicerrectora de Igualdad, Inclusi\u00f3n y Sostenibilidad de la UGR, y Juana Mar\u00eda Gil Ruiz, directora acad\u00e9mica del evento cient\u00edfico.<\/p>\n<p><strong>DIRECCI\u00d3N CIENT\u00cdFICA:<\/strong><\/p>\n<p>Juana Mar\u00eda Gil Ruiz. Catedr\u00e1tica de Filosof\u00eda del Derecho.<\/p>\n<p><strong>ORGANIZA:<\/strong><\/p>\n<p>Proyecto PID2019-108526RB-I00\/AEI\/10.13039\/501100011033.<\/p>\n<p>Proyecto I+D+i FEDER-Junta de Andaluc\u00eda, B-SEJ-165-UGR18<\/p>\n<p>IP: Juana Mar\u00eda Gil Ruiz.<\/p>\n<p><strong>COLABORA:<\/strong><\/p>\n<p>Vicerrectorado de Igualdad e Inclusi\u00f3n Social. UGR.<\/p>\n<p>Vicerrectorado de Investigaci\u00f3n y Transferencia. UGR<\/p>\n<p>Departamento de Filosof\u00eda del Derecho<\/p>\n<p>Facultad de Derecho. UGR<\/p>\n<p>Proyecto FEDER Junta de Andaluc\u00eda SEJ-101-UGR1<\/p>\n<p><strong>Plazas limitadas hasta completar el foro.<\/strong><\/p>\n<p><strong>Fecha l\u00edmite hasta el 4 de marzo.<\/strong><\/p>\n<p>Se presentar\u00e1n y defender\u00e1n las comunicaciones aceptadas en el IV Congreso Internacional, seg\u00fan bases que podr\u00e1n ser consultadas en:<\/p>\n<p><a href=\"https:\/\/sites.google.com\/view\/congreso-genero-y-derecho\/\" target=\"_blank\" rel=\"noopener\">https:\/\/sites.google.com\/view\/congreso-genero-y-derecho\/<\/a><\/p>\n","protected":false},"excerpt":{"rendered":"<p>Se celebra en modalidad semipresencial del 9 al 11 de marzo, con motivo del 8M,Participan&#8230;<\/p>\n","protected":false},"author":1,"featured_media":52170,"comment_status":"closed","ping_status":"closed","sticky":false,"template":"","format":"standard","meta":{"_coblocks_attr":"","_coblocks_dimensions":"","_coblocks_responsive_height":"","_coblocks_accordion_ie_support":"","jetpack_post_was_ever_published":false,"_jetpack_newsletter_access":"","_jetpack_dont_email_post_to_subs":false,"_jetpack_newsletter_tier_id":0,"_jetpack_memberships_contains_paywalled_content":false,"_jetpack_memberships_contains_paid_content":false,"footnotes":"","jetpack_publicize_message":"","jetpack_publicize_feature_enabled":true,"jetpack_social_post_already_shared":true,"jetpack_social_options":{"image_generator_settings":{"template":"highway","default_image_id":0,"enabled":false},"version":2}},"categories":[1161,14,44,7671,15],"tags":[1511,41],"class_list":["post-52169","post","type-post","status-publish","format-standard","has-post-thumbnail","hentry","category-ciudadania","category-feminismo","category-noticias-de-hoy","category-politica","category-ultimas-noticias","tag-congreso","tag-feminismo"],"jetpack_publicize_connections":[],"jetpack_featured_media_url":"https:\/\/i0.wp.com\/miradordeatarfe.es\/wp-content\/uploads\/2022\/02\/Genero-y-Derecho.png?fit=1148%2C531&ssl=1","jetpack_likes_enabled":true,"jetpack_sharing_enabled":true,"_links":{"self":[{"href":"https:\/\/miradordeatarfe.es\/index.php?rest_route=\/wp\/v2\/posts\/52169","targetHints":{"allow":["GET"]}}],"collection":[{"href":"https:\/\/miradordeatarfe.es\/index.php?rest_route=\/wp\/v2\/posts"}],"about":[{"href":"https:\/\/miradordeatarfe.es\/index.php?rest_route=\/wp\/v2\/types\/post"}],"author":[{"embeddable":true,"href":"https:\/\/miradordeatarfe.es\/index.php?rest_route=\/wp\/v2\/users\/1"}],"replies":[{"embeddable":true,"href":"https:\/\/miradordeatarfe.es\/index.php?rest_route=%2Fwp%2Fv2%2Fcomments&post=52169"}],"version-history":[{"count":1,"href":"https:\/\/miradordeatarfe.es\/index.php?rest_route=\/wp\/v2\/posts\/52169\/revisions"}],"predecessor-version":[{"id":52171,"href":"https:\/\/miradordeatarfe.es\/index.php?rest_route=\/wp\/v2\/posts\/52169\/revisions\/52171"}],"wp:featuredmedia":[{"embeddable":true,"href":"https:\/\/miradordeatarfe.es\/index.php?rest_route=\/wp\/v2\/media\/52170"}],"wp:attachment":[{"href":"https:\/\/miradordeatarfe.es\/index.php?rest_route=%2Fwp%2Fv2%2Fmedia&parent=52169"}],"wp:term":[{"taxonomy":"category","embeddable":true,"href":"https:\/\/miradordeatarfe.es\/index.php?rest_route=%2Fwp%2Fv2%2Fcategories&post=52169"},{"taxonomy":"post_tag","embeddable":true,"href":"https:\/\/miradordeatarfe.es\/index.php?rest_route=%2Fwp%2Fv2%2Ftags&post=52169"}],"curies":[{"name":"wp","href":"https:\/\/api.w.org\/{rel}","templated":true}]}}