{"id":52175,"date":"2022-02-12T09:02:12","date_gmt":"2022-02-12T08:02:12","guid":{"rendered":"https:\/\/miradordeatarfe.es\/?p=52175"},"modified":"2022-02-10T14:36:40","modified_gmt":"2022-02-10T13:36:40","slug":"cuando-dar-positivo-es-negativo","status":"publish","type":"post","link":"https:\/\/miradordeatarfe.es\/?p=52175","title":{"rendered":"Cuando dar positivo es negativo"},"content":{"rendered":"<div dir=\"auto\" style=\"text-align: justify;\">\u00a0<\/div>\n<h3 dir=\"auto\" style=\"text-align: justify;\">Todo el mundo a mi alrededor ha enfermado de covid menos yo. Tambi\u00e9n puede ser que lo haya sufrido en silencio (en silencio del covid, se entiende).<\/h3>\n<div dir=\"auto\" style=\"text-align: justify;\">A ratos siento el deseo de pillarlo (leve) para que pase de m\u00ed este c\u00e1liz, pues ya no s\u00e9 qu\u00e9 es m\u00e1s dif\u00edcil de sobrellevar, si la amenaza de enfermar o su cumplimiento. Entre tanto, suena el tel\u00e9fono y es otro familiar que ha dado positivo. Dar positivo, en este caso, es negativo. O sea, que no es bueno, pero el t\u00e9rmino ha saltado del mundo de la autoayuda al de la cl\u00ednica cambiando de significado: en la autoayuda, el positivismo es divino; en la cl\u00ednica, es diab\u00f3lico.<\/div>\n<div dir=\"auto\" style=\"text-align: justify;\">\u00a0<\/div>\n<div dir=\"auto\" style=\"text-align: justify;\">Me hice un test de ant\u00edgenos en el cuarto de ba\u00f1o. Todav\u00eda conservo el aparato porque tiene algo de juguete de qu\u00edmica. Arrojamos a la basura objetos por los que en mi infancia habr\u00edamos matado: el cartucho de tinta de la impresora, sin ir m\u00e1s lejos, misterioso y complejo para una mirada ingenua. Me seduce la idea del covid silente, del covid que pasa por algunos cuerpos sin romperlos ni mancharlos, no sabemos por qu\u00e9. Mucha gente cree que lo ha tenido. Dicen:<\/div>\n<div dir=\"auto\" style=\"text-align: justify;\">-Hace un mes estuve unos d\u00edas raro.<\/div>\n<div dir=\"auto\" style=\"text-align: justify;\">\u00a0<\/div>\n<div dir=\"auto\" style=\"text-align: justify;\">Yo estoy muchos d\u00edas raro porque lo normal en m\u00ed es estar raro o, en otras palabras, extra\u00f1ado. \u00bfExtra\u00f1ado de qu\u00e9? De la perfecci\u00f3n de los envases de cereales, de la eficacia del sacacorchos, de la imperturbabilidad de los sem\u00e1foros. Pero hay una cosa que me extra\u00f1a m\u00e1s que ninguna otra: que jam\u00e1s se me estropee el ordenador.<\/div>\n<div dir=\"auto\">\u00a0<\/div>\n<div dir=\"auto\" style=\"text-align: justify;\">Todos los d\u00edas, al abrirlo, cruzo los dedos para que no me deje tirado, y no s\u00e9 si es gracias a ese rito o al mero azar, pero nunca me ha jugado una mala pasada, al contrario que el coche, la vitrocer\u00e1mica, el horno o la caldera de gas. Los ordenadores de mis amigos, sin excepci\u00f3n, han sido atacados en un momento u otro por un virus. El m\u00edo, no, jam\u00e1s. \u00bfEs raro o no es raro? Se ha librado de los pat\u00f3genos inform\u00e1ticos como yo me vengo librando de la covid (y cruzo los dedos al decirlo). \u00bfQu\u00e9 hemos hecho mi ordenador y yo para dar negativo? \u00bfPor qu\u00e9 dar negativo es positivo?<\/div>\n<div dir=\"auto\">\u00a0<\/div>\n<div dir=\"auto\" style=\"text-align: justify;\">Por cierto, que otro aparato que en mi casa tampoco sufre aver\u00edas es la tele, donde ahora mismo estoy viendo la incidencia acumulada, signifique lo que signifique incidencia acumulada.<\/div>\n<div dir=\"auto\">\u00a0<\/div>\n<div dir=\"auto\"><strong>J.J.Mill\u00e1s<\/strong><\/div>\n<div dir=\"auto\">https:\/\/www.facebook.com\/groups\/41789933375\/<\/div>\n","protected":false},"excerpt":{"rendered":"<p>\u00a0 Todo el mundo a mi alrededor ha enfermado de covid menos yo. Tambi\u00e9n puede&#8230;<\/p>\n","protected":false},"author":1,"featured_media":52176,"comment_status":"closed","ping_status":"closed","sticky":false,"template":"","format":"standard","meta":{"_coblocks_attr":"","_coblocks_dimensions":"","_coblocks_responsive_height":"","_coblocks_accordion_ie_support":"","jetpack_post_was_ever_published":false,"_jetpack_newsletter_access":"","_jetpack_dont_email_post_to_subs":false,"_jetpack_newsletter_tier_id":0,"_jetpack_memberships_contains_paywalled_content":false,"_jetpack_memberships_contains_paid_content":false,"footnotes":"","jetpack_publicize_message":"","jetpack_publicize_feature_enabled":true,"jetpack_social_post_already_shared":true,"jetpack_social_options":{"image_generator_settings":{"template":"highway","default_image_id":0,"enabled":false},"version":2}},"categories":[1161,7149,44,6937,15],"tags":[7990,963,2066],"class_list":["post-52175","post","type-post","status-publish","format-standard","has-post-thumbnail","hentry","category-ciudadania","category-coronavirus","category-noticias-de-hoy","category-sociedad","category-ultimas-noticias","tag-covid","tag-ordenadores","tag-television"],"jetpack_publicize_connections":[],"jetpack_featured_media_url":"https:\/\/i0.wp.com\/miradordeatarfe.es\/wp-content\/uploads\/2022\/02\/imagenGrande1.jpg?fit=510%2C370&ssl=1","jetpack_likes_enabled":true,"jetpack_sharing_enabled":true,"_links":{"self":[{"href":"https:\/\/miradordeatarfe.es\/index.php?rest_route=\/wp\/v2\/posts\/52175","targetHints":{"allow":["GET"]}}],"collection":[{"href":"https:\/\/miradordeatarfe.es\/index.php?rest_route=\/wp\/v2\/posts"}],"about":[{"href":"https:\/\/miradordeatarfe.es\/index.php?rest_route=\/wp\/v2\/types\/post"}],"author":[{"embeddable":true,"href":"https:\/\/miradordeatarfe.es\/index.php?rest_route=\/wp\/v2\/users\/1"}],"replies":[{"embeddable":true,"href":"https:\/\/miradordeatarfe.es\/index.php?rest_route=%2Fwp%2Fv2%2Fcomments&post=52175"}],"version-history":[{"count":3,"href":"https:\/\/miradordeatarfe.es\/index.php?rest_route=\/wp\/v2\/posts\/52175\/revisions"}],"predecessor-version":[{"id":52179,"href":"https:\/\/miradordeatarfe.es\/index.php?rest_route=\/wp\/v2\/posts\/52175\/revisions\/52179"}],"wp:featuredmedia":[{"embeddable":true,"href":"https:\/\/miradordeatarfe.es\/index.php?rest_route=\/wp\/v2\/media\/52176"}],"wp:attachment":[{"href":"https:\/\/miradordeatarfe.es\/index.php?rest_route=%2Fwp%2Fv2%2Fmedia&parent=52175"}],"wp:term":[{"taxonomy":"category","embeddable":true,"href":"https:\/\/miradordeatarfe.es\/index.php?rest_route=%2Fwp%2Fv2%2Fcategories&post=52175"},{"taxonomy":"post_tag","embeddable":true,"href":"https:\/\/miradordeatarfe.es\/index.php?rest_route=%2Fwp%2Fv2%2Ftags&post=52175"}],"curies":[{"name":"wp","href":"https:\/\/api.w.org\/{rel}","templated":true}]}}