{"id":52198,"date":"2022-02-10T11:36:14","date_gmt":"2022-02-10T10:36:14","guid":{"rendered":"https:\/\/miradordeatarfe.es\/?p=52198"},"modified":"2022-02-08T19:42:57","modified_gmt":"2022-02-08T18:42:57","slug":"el-rejoneo-vuelve-a-atarfe-con-motivo-del-dia-de-andalucia","status":"publish","type":"post","link":"https:\/\/miradordeatarfe.es\/?p=52198","title":{"rendered":"El rejoneo vuelve a Atarfe con motivo del D\u00eda de Andaluc\u00eda"},"content":{"rendered":"<h3 style=\"text-align: justify;\">El empresario\u00a0<strong>Pedro P\u00e9rez \u2018Chicote\u2019<\/strong>\u00a0vuelve a coger el tim\u00f3n del\u00a0<strong>Coliseo de<\/strong><a href=\"https:\/\/es.wikipedia.org\/wiki\/Atarfe\"><strong> Atarfe<\/strong>,<\/a> que ha dirigido desde 2004 logrando colocar este coso entre los m\u00e1s destacados de Andaluc\u00eda con propuestas de m\u00e1ximo nivel e innovadoras como la creaci\u00f3n del Certamen de Rejones Ciudad de Atarfe.\u00a0<\/h3>\n<p style=\"text-align: justify;\">Para este reencuentro, que devuelve la actividad a la <a href=\"https:\/\/cultoro.es\/2022\/1\/30\/noticias\/diego-ventura-illescas-milagro-70304\/\">Plaza de Toros de Atarfe<\/a>, Chicote ha programado el pr\u00f3ximo 28 de febrero una jornada que incluir\u00e1 toreo y m\u00fasica en lo que se ha dado en llamar la\u00a0<strong>\u2018Gran Gala del D\u00eda de Andaluc\u00eda\u2019<\/strong>, una innovadora f\u00f3rmula de ocio que llenar\u00e1 de contenido una fecha especial para todos los andaluces.<\/p>\n<p style=\"text-align: justify;\">En la parte taurina, y en horario matinal, se ha programado un festejo de rejones de m\u00e1ximo nivel con la presencia de la gran figura del rejoneo actual,\u00a0<strong>Diego Ventura<\/strong>, como base de un cartel muy rematado. Esta ser\u00e1 la primera actuaci\u00f3n de Ventura este a\u00f1o en la provincia de Granada.<\/p>\n<p style=\"text-align: justify;\">La tarde estar\u00e1 dedicada a la m\u00fasica con actuaciones que comenzar\u00e1n poco despu\u00e9s de concluir la corrida de rejones y que incluyen desde coros rocieros hasta m\u00fasica flamenca. De esta forma se completar\u00e1 la Gran Gala, que cuenta con un precio \u00fanico que incluye toros y actuaciones musicales en una oferta cultural que propiciar\u00e1 un D\u00eda de Andaluc\u00eda inolvidable para los asistentes.\u00a0<\/p>\n<div id=\"author_pic\"><a href=\"https:\/\/cultoro.es\/author\/javi-fc\/\" rel=\"author\"><strong>Javier Fern\u00e1ndez-Caballero<\/strong><\/a><\/div>\n<div class=\"fechaentrada\">https:\/\/cultoro.es\/2022\/2\/3\/actualidad\/atarfe-granada-cartel-rejones-70790\/<\/div>\n<div>FOTO: DIEGO VENTURA<\/div>\n<div>\u00a0<\/div>\n","protected":false},"excerpt":{"rendered":"<p>El empresario\u00a0Pedro P\u00e9rez \u2018Chicote\u2019\u00a0vuelve a coger el tim\u00f3n del\u00a0Coliseo de Atarfe, que ha dirigido desde&#8230;<\/p>\n","protected":false},"author":1,"featured_media":52202,"comment_status":"closed","ping_status":"closed","sticky":false,"template":"","format":"standard","meta":{"_coblocks_attr":"","_coblocks_dimensions":"","_coblocks_responsive_height":"","_coblocks_accordion_ie_support":"","jetpack_post_was_ever_published":false,"_jetpack_newsletter_access":"","_jetpack_dont_email_post_to_subs":false,"_jetpack_newsletter_tier_id":0,"_jetpack_memberships_contains_paywalled_content":false,"_jetpack_memberships_contains_paid_content":false,"footnotes":"","jetpack_publicize_message":"","jetpack_publicize_feature_enabled":true,"jetpack_social_post_already_shared":true,"jetpack_social_options":{"image_generator_settings":{"template":"highway","default_image_id":0,"enabled":false},"version":2}},"categories":[2,6916,1161,44,15],"tags":[8931,8930,1115],"class_list":["post-52198","post","type-post","status-publish","format-standard","has-post-thumbnail","hentry","category-atarfe","category-ayuntamiento-de-atarfe","category-ciudadania","category-noticias-de-hoy","category-ultimas-noticias","tag-pedro-chicote","tag-rejoneo","tag-toros"],"jetpack_publicize_connections":[],"jetpack_featured_media_url":"https:\/\/i0.wp.com\/miradordeatarfe.es\/wp-content\/uploads\/2022\/02\/Diego-Ventura-Illescas.jpg?fit=1200%2C675&ssl=1","jetpack_likes_enabled":true,"jetpack_sharing_enabled":true,"_links":{"self":[{"href":"https:\/\/miradordeatarfe.es\/index.php?rest_route=\/wp\/v2\/posts\/52198","targetHints":{"allow":["GET"]}}],"collection":[{"href":"https:\/\/miradordeatarfe.es\/index.php?rest_route=\/wp\/v2\/posts"}],"about":[{"href":"https:\/\/miradordeatarfe.es\/index.php?rest_route=\/wp\/v2\/types\/post"}],"author":[{"embeddable":true,"href":"https:\/\/miradordeatarfe.es\/index.php?rest_route=\/wp\/v2\/users\/1"}],"replies":[{"embeddable":true,"href":"https:\/\/miradordeatarfe.es\/index.php?rest_route=%2Fwp%2Fv2%2Fcomments&post=52198"}],"version-history":[{"count":3,"href":"https:\/\/miradordeatarfe.es\/index.php?rest_route=\/wp\/v2\/posts\/52198\/revisions"}],"predecessor-version":[{"id":52203,"href":"https:\/\/miradordeatarfe.es\/index.php?rest_route=\/wp\/v2\/posts\/52198\/revisions\/52203"}],"wp:featuredmedia":[{"embeddable":true,"href":"https:\/\/miradordeatarfe.es\/index.php?rest_route=\/wp\/v2\/media\/52202"}],"wp:attachment":[{"href":"https:\/\/miradordeatarfe.es\/index.php?rest_route=%2Fwp%2Fv2%2Fmedia&parent=52198"}],"wp:term":[{"taxonomy":"category","embeddable":true,"href":"https:\/\/miradordeatarfe.es\/index.php?rest_route=%2Fwp%2Fv2%2Fcategories&post=52198"},{"taxonomy":"post_tag","embeddable":true,"href":"https:\/\/miradordeatarfe.es\/index.php?rest_route=%2Fwp%2Fv2%2Ftags&post=52198"}],"curies":[{"name":"wp","href":"https:\/\/api.w.org\/{rel}","templated":true}]}}