{"id":52204,"date":"2022-02-10T10:23:45","date_gmt":"2022-02-10T09:23:45","guid":{"rendered":"https:\/\/miradordeatarfe.es\/?p=52204"},"modified":"2022-02-09T11:35:27","modified_gmt":"2022-02-09T10:35:27","slug":"fernando-simon-participara-en-una-conferencia-sobre-el-covid-19-en-granada","status":"publish","type":"post","link":"https:\/\/miradordeatarfe.es\/?p=52204","title":{"rendered":"Hoy Fernando Sim\u00f3n participar\u00e1 en una conferencia sobre el Covid-19 en Granada"},"content":{"rendered":"<header class=\"single-new-header\">\n<h3 class=\"single-title\" style=\"text-align: justify;\">\u00a0Las charlas, que empiezan este jueves, est\u00e1n organizadas por el Ayuntamiento y contar\u00e1n con la presencia de \u00abpersonalidades de prestigio\u00bb<\/h3>\n<\/header>\n<section>\n<div class=\"row single-new-content\">\n<div class=\"col-md-8 content-left\">\n<div class=\"single-new-content\">\n<p style=\"text-align: justify;\">El Ayuntamiento de Granada organiza un ciclo de conferencias impartidas por \u00abpersonalidades de prestigio\u00bb en el \u00e1mbito cient\u00edfico y de la investigaci\u00f3n en torno al Covid-19, que arranca este jueves con la participaci\u00f3n del m\u00e9dico epidemi\u00f3logo y director desde 2012 del Centro de coordinaci\u00f3n de Alertas y Emergencias Sanitarias del Ministerio de Sanidad (CCEAES), Fernando Sim\u00f3n.<ins id=\"revive-0-2\" data-revive-zoneid=\"48\" data-revive-id=\"3675e576db6d1cc6cb6554b6e5954dc7\" data-revive-seq=\"2\" data-revive-loaded=\"1\"><\/ins><\/p>\n<p style=\"text-align: justify;\">Se trata de una iniciativa impulsada por el comit\u00e9 de expertos contra el Covid-19 constituido por el equipo de gobierno municipal en julio de 2021 y coordinado por Joan Carles March, con el objetivo de \u00abclarificar ante el ciudadano las muchas y muy diversas informaciones que a lo largo de estos dos a\u00f1os se han producido en torno a la pandemia\u00bb.<ins id=\"revive-0-4\" data-revive-zoneid=\"106\" data-revive-id=\"3675e576db6d1cc6cb6554b6e5954dc7\" data-revive-seq=\"4\" data-revive-loaded=\"1\"><\/ins><\/p>\n<p style=\"text-align: justify;\">En total se han programado siete conferencias que podr\u00e1n ser seguidas por el canal de YouTube del Ayuntamiento de Granada a partir de las 19:00 horas y que van a contar con la participaci\u00f3n, adem\u00e1s de Fernando Sim\u00f3n, con Margarita del Val, qu\u00edmica, vir\u00f3loga e inmun\u00f3loga e investigadora cient\u00edfica del Consejo Superior de Investigaciones Cient\u00edficas; Am\u00f3s Garc\u00eda, m\u00e9dico, epidemi\u00f3logo y presidente de la Asociaci\u00f3n Espa\u00f1ola de Vacunolog\u00eda; Pilar Rodr\u00edguez Ledo, m\u00e9dico y vicepresidenta de la Sociedad Espa\u00f1ola de M\u00e9dicos Generales y de Familia; Alfredo Correl, inmun\u00f3logo, catedr\u00e1tico de la Universidad de Valladolid y divulgador cient\u00edfico, y los psic\u00f3logos expertos en conductas suicidas Miguel Guerrero y Pedro Mart\u00edn-Barraj\u00f3n.<ins id=\"revive-0-6\" data-revive-zoneid=\"36\" data-revive-id=\"3675e576db6d1cc6cb6554b6e5954dc7\" data-revive-seq=\"6\" data-revive-loaded=\"1\"><\/ins><\/p>\n<p style=\"text-align: justify;\">Presentada en la ma\u00f1ana de este martes por los concejales de Presidencia, Ana Mu\u00f1oz Arquelladas, y de Salud, Jacobo Calvo, as\u00ed por el coordinador del comit\u00e9 de expertos contra el Covid-19, Joan Carles March, como se puede ver en el <a class=\"swipebox\" href=\"https:\/\/youtu.be\/ZQ_R_gfXsqo\" target=\"_blank\" rel=\"noopener noreferrer\" data-rel=\"lightbox-video-0\">v\u00eddeo que acompa\u00f1a a esta noticia<\/a>, disponible en el canal de Youtube de <strong>GranadaDigital<\/strong>, el ciclo de conferencias se enmarca, en palabras de Mu\u00f1oz Arquelladas, dentro del compromiso del equipo de gobierno que \u00abno pod\u00eda permanecer de brazos cruzados ante una situaci\u00f3n de pandemia, por lo que ante la necesidad de tomar decisiones nos rodeamos de expertos y expertas relacionados con la prevenci\u00f3n de la salud p\u00fablica\u00bb.<ins id=\"revive-0-8\" data-revive-zoneid=\"107\" data-revive-id=\"3675e576db6d1cc6cb6554b6e5954dc7\" data-revive-seq=\"8\" data-revive-loaded=\"1\"><\/ins><\/p>\n<p style=\"text-align: justify;\">Tras agradecer la implicaci\u00f3n del \u00abgrupo de trabajo de expertos frente al Covid-19 por su excelente aportaci\u00f3n en la toma de decisiones en las materias que son competencia de este Ayuntamiento\u00bb, Mu\u00f1oz Arquelladas ha resaltado como prioritario para el equipo de gobierno la necesidad de generar \u00abuna conciencia ciudadana en cuanto a la prevenci\u00f3n mediante la creaci\u00f3n de espacios para el conocimiento y la divulgaci\u00f3n cient\u00edfica y m\u00e9dica que permitan mejorar la salud p\u00fablica ante el reto de la pandemia\u00bb.<ins id=\"revive-0-11\" data-revive-zoneid=\"86\" data-revive-id=\"3675e576db6d1cc6cb6554b6e5954dc7\" data-revive-seq=\"11\" data-revive-loaded=\"1\"><\/ins><\/p>\n<p style=\"text-align: justify;\">Los encuentros arrancan este jueves, <strong>d\u00eda 10 de febrero<\/strong>, con la participaci\u00f3n de <strong>Fernando Sim\u00f3n,<\/strong> m\u00e9dico epidemi\u00f3logo, que ofrecer\u00e1 a partir de las <strong>19:00 h<\/strong>. \u00abuna valoraci\u00f3n sobre la gesti\u00f3n de los dos a\u00f1os de pandemia y dar\u00e1 algunas pistas de cara al futuro\u00bb, en palabras de Joan Carles March.<\/p>\n<p style=\"text-align: justify;\"><strong>Margarita de Val,<\/strong> coordinadora de todos los Centros del Consejo Superior de Investigaciones Cient\u00edficas e investigadora cient\u00edfica en el Centro de biolog\u00eda Molecular Severo Ochoa, continuar\u00e1 el lunes d\u00eda<strong> 14 de febrero<\/strong> con una conferencia entorno a las vacunas y sus variantes.<\/p>\n<p style=\"text-align: justify;\">El ciclo contar\u00e1 el<strong> 21 de febrero<\/strong> con la presencia del m\u00e9dico, epidemi\u00f3logo y presidente de la Asociaci\u00f3n Espa\u00f1ola de Vacunolog\u00eda,<strong> Am\u00f3s Garc\u00eda<\/strong>, y el <strong>24 de ese mismo mes con Pilar Rodr\u00edguez Ledo,<\/strong> vicepresidenta de la Sociedad Espa\u00f1ola de M\u00e9dicos Generales y de Familia, que abordar\u00e1 el tema del Covid persistente.<\/p>\n<p style=\"text-align: justify;\"><strong>Alfredo Correl,<\/strong> inmun\u00f3logo, nombrado mejor docente universitario de Espa\u00f1a en 2018 en los Premios Educa Abanca, participar\u00e1<strong> el lunes 7 de marzo<\/strong>, mientras que los psic\u00f3logos cl\u00ednicos expertos en conductas suicidas <strong>Miguel Guerrero y Pedro Mart\u00edn-Barraj\u00f3n<\/strong> ser\u00e1n los encargados de clausurar este ciclo de conferencias el lunes <strong>14 de marzo.<\/strong><\/p>\n<p>FOTO:Presentaci\u00f3n del ciclo de conferencias en el Ayuntamiento de Granada | Foto y v\u00eddeo: Clara J. Franco \/ GD<\/p>\n<p>https:\/\/www.granadadigital.es\/fernando-simon-participara-conferencia-covid-19-coronavirus-ciencia-granada\/<\/p>\n<p>&nbsp;<\/p>\n<\/div>\n<\/div>\n<\/div>\n<\/section>\n","protected":false},"excerpt":{"rendered":"<p>\u00a0Las charlas, que empiezan este jueves, est\u00e1n organizadas por el Ayuntamiento y contar\u00e1n con la&#8230;<\/p>\n","protected":false},"author":1,"featured_media":52205,"comment_status":"closed","ping_status":"closed","sticky":false,"template":"","format":"standard","meta":{"_coblocks_attr":"","_coblocks_dimensions":"","_coblocks_responsive_height":"","_coblocks_accordion_ie_support":"","jetpack_post_was_ever_published":false,"_jetpack_newsletter_access":"","_jetpack_dont_email_post_to_subs":false,"_jetpack_newsletter_tier_id":0,"_jetpack_memberships_contains_paywalled_content":false,"_jetpack_memberships_contains_paid_content":false,"footnotes":"","jetpack_publicize_message":"","jetpack_publicize_feature_enabled":true,"jetpack_social_post_already_shared":true,"jetpack_social_options":{"image_generator_settings":{"template":"highway","default_image_id":0,"enabled":false},"version":2}},"categories":[1161,7149,44,6937,15,10],"tags":[2975,8932,55,697],"class_list":["post-52204","post","type-post","status-publish","format-standard","has-post-thumbnail","hentry","category-ciudadania","category-coronavirus","category-noticias-de-hoy","category-sociedad","category-ultimas-noticias","category-salud","tag-bacterias","tag-ciclo-de-conferencias","tag-salud","tag-virus"],"jetpack_publicize_connections":[],"jetpack_featured_media_url":"https:\/\/i0.wp.com\/miradordeatarfe.es\/wp-content\/uploads\/2022\/02\/CONVOCAROTIA-ESTUDIO-PANDEMIA-Clara-J-Franco-6-1010x673-1.jpg?fit=1010%2C673&ssl=1","jetpack_likes_enabled":true,"jetpack_sharing_enabled":true,"_links":{"self":[{"href":"https:\/\/miradordeatarfe.es\/index.php?rest_route=\/wp\/v2\/posts\/52204","targetHints":{"allow":["GET"]}}],"collection":[{"href":"https:\/\/miradordeatarfe.es\/index.php?rest_route=\/wp\/v2\/posts"}],"about":[{"href":"https:\/\/miradordeatarfe.es\/index.php?rest_route=\/wp\/v2\/types\/post"}],"author":[{"embeddable":true,"href":"https:\/\/miradordeatarfe.es\/index.php?rest_route=\/wp\/v2\/users\/1"}],"replies":[{"embeddable":true,"href":"https:\/\/miradordeatarfe.es\/index.php?rest_route=%2Fwp%2Fv2%2Fcomments&post=52204"}],"version-history":[{"count":2,"href":"https:\/\/miradordeatarfe.es\/index.php?rest_route=\/wp\/v2\/posts\/52204\/revisions"}],"predecessor-version":[{"id":52207,"href":"https:\/\/miradordeatarfe.es\/index.php?rest_route=\/wp\/v2\/posts\/52204\/revisions\/52207"}],"wp:featuredmedia":[{"embeddable":true,"href":"https:\/\/miradordeatarfe.es\/index.php?rest_route=\/wp\/v2\/media\/52205"}],"wp:attachment":[{"href":"https:\/\/miradordeatarfe.es\/index.php?rest_route=%2Fwp%2Fv2%2Fmedia&parent=52204"}],"wp:term":[{"taxonomy":"category","embeddable":true,"href":"https:\/\/miradordeatarfe.es\/index.php?rest_route=%2Fwp%2Fv2%2Fcategories&post=52204"},{"taxonomy":"post_tag","embeddable":true,"href":"https:\/\/miradordeatarfe.es\/index.php?rest_route=%2Fwp%2Fv2%2Ftags&post=52204"}],"curies":[{"name":"wp","href":"https:\/\/api.w.org\/{rel}","templated":true}]}}