{"id":52235,"date":"2022-02-12T10:03:00","date_gmt":"2022-02-12T09:03:00","guid":{"rendered":"https:\/\/miradordeatarfe.es\/?p=52235"},"modified":"2022-02-10T18:10:30","modified_gmt":"2022-02-10T17:10:30","slug":"adios-a-marybel-falla-por-reynaldo-fernandez","status":"publish","type":"post","link":"https:\/\/miradordeatarfe.es\/?p=52235","title":{"rendered":"\u00bb Adi\u00f3s a Marybel Falla\u00bb por Reynaldo Fern\u00e1ndez"},"content":{"rendered":"<div class=\"voc-detail\" data-voc-share-selection=\"\">\n<h3 class=\"voc-paragraph\" style=\"text-align: justify;\">Tuve la suerte de conocerla y recuerdo que me regal\u00f3 una copia de la foto del estreno del &#8216;Concerto&#8217; para clave y cinco instrumentos<\/h3>\n<p class=\"mce\" style=\"text-align: justify;\">Tuve la fortuna de conocer a <strong class=\"mce\">Maribel de Falla<\/strong>, sobrina y ahijada de Manuel de Falla, en <strong class=\"mce\">1977.<\/strong> Estudiaba en Par\u00eds clavec\u00edn con Rafael Puyana, y ella era muy amiga del \u00e9ste, al que visitaba con frecuencia. Recuerdo que me regal\u00f3 una copia de la foto del estreno del <em class=\"mce\">Concerto<\/em> para clave y cinco instrumentos de Manuel de Falla.<\/p>\n<p class=\"mce\" style=\"text-align: justify;\">Al a\u00f1o siguiente, el 27 de abril de 1978 mi hermana <strong class=\"mce\">Azucena Fern\u00e1ndez Manzano<\/strong> dio su primer concierto de piano en el <strong class=\"mce\">Centro Art\u00edstico y Literario<\/strong> y ella acudi\u00f3 al mismo. Al conocer que estaba entre el p\u00fablico toc\u00f3 la Andaluza del maestro dedic\u00e1ndosela, como reflej\u00f3 la prensa, inici\u00e1ndose una relaci\u00f3n de amistad con nuestra familia. Ella le regal\u00f3 la copia de la fotograf\u00eda de Falla asomado en su balc\u00f3n. En Granada tuvo muchos amigos, entre otros mencionar a la pianista Maribel Calv\u00edn, el director de orquesta<strong class=\"mce\"> Miguel \u00c1ngel G\u00f3mez Mart\u00ednez<\/strong>, el music\u00f3logo <strong class=\"mce\">Antonio Mart\u00edn Moreno<\/strong>, el compositor <strong class=\"mce\">Juan Alfonso-Garc\u00eda<\/strong>, y un largo etc.<\/p>\n<h2 class=\"mce\" style=\"text-align: justify;\">Su legado<\/h2>\n<p class=\"mce\" style=\"text-align: justify;\"><strong class=\"mce\">Maribel de Falla se encarg\u00f3 de recoger toda la documentaci\u00f3n de su t\u00edo,<\/strong> fotograf\u00edas, partituras, epistolarios, grabaciones sonoras, libros, folletos, programas, recortes de prensa, facturas, anotaciones, ediciones, investigaciones, adquiriendo en subastas otras, conserv\u00e1ndolas y orden\u00e1ndolas en dos pisos c\u00e9ntricos de Madrid. Desde 1961 inici\u00f3 contactos para que el archivo pudiera estar ubicado en Granada. En primer lugar la <strong class=\"mce\">Casa Museo se abri\u00f3 en 1965<\/strong>, llegando a nuestra ciudad los fondos del<a class=\"mce\" href=\"https:\/\/www.granadahoy.com\/ocio\/Fallece-Isabel-Falla_0_1654034826.html\" rel=\"dofollow\"> archivo el 22 de febrero de 1991<\/a>, ubic\u00e1ndose en una magn\u00edfica instalaci\u00f3n en el <strong class=\"mce\">Auditorio Manuel de Falla<\/strong>, dise\u00f1ado por el arquitecto Jos\u00e9 Mar\u00eda Garc\u00eda de Paredes, marido de Maribel, y del que se encarga <a class=\"mce\" href=\"https:\/\/www.granadahoy.com\/ocio\/museo-auditorio-legado-Elena-Garcia-Paredes-Falla_0_1628838307.html\" rel=\"dofollow\">Elena Garc\u00eda de Paredes,<\/a> gerente de la Fundaci\u00f3n. Desde 2019 hasta 2023 la Caja de las Letras del Instituto Cervantes guarda la partitura original del <em class=\"mce\"><strong class=\"mce\">Retablo de Maese Pedro,<\/strong><\/em> siendo una de la \u00faltimas actividades en las que particip\u00f3 como presidenta de la Fundaci\u00f3n Archivo Manuel de Falla.<\/p>\n<p class=\"mce\" style=\"text-align: justify;\">Mujer excepcional,<strong class=\"mce\"> siempre atenta a las actividades musicales que se realizaban en Granada, C\u00e1diz, Madrid, Barcelona, Par\u00eds, Hispanoam\u00e9rica<\/strong>, o cualquier lugar en donde estuviera el nombre de Falla. Atenta a los j\u00f3venes m\u00fasicos, sencilla, detallista y cari\u00f1osa con todos, deja un gran vac\u00edo en el mundo de la cultura y en todos los que tuvimos la suerte de conocerla.<\/p>\n<p style=\"text-align: justify;\">FOTO: Marybel Falla<\/p>\n<p>https:\/\/www.granadahoy.com\/ocio\/Marybel-Falla-adios_0_1654034951.html<\/p>\n<\/div>\n","protected":false},"excerpt":{"rendered":"<p>Tuve la suerte de conocerla y recuerdo que me regal\u00f3 una copia de la foto&#8230;<\/p>\n","protected":false},"author":1,"featured_media":52236,"comment_status":"closed","ping_status":"closed","sticky":false,"template":"","format":"standard","meta":{"_coblocks_attr":"","_coblocks_dimensions":"","_coblocks_responsive_height":"","_coblocks_accordion_ie_support":"","jetpack_post_was_ever_published":false,"_jetpack_newsletter_access":"","_jetpack_dont_email_post_to_subs":false,"_jetpack_newsletter_tier_id":0,"_jetpack_memberships_contains_paywalled_content":false,"_jetpack_memberships_contains_paid_content":false,"footnotes":"","jetpack_publicize_message":"","jetpack_publicize_feature_enabled":true,"jetpack_social_post_already_shared":true,"jetpack_social_options":{"image_generator_settings":{"template":"highway","default_image_id":0,"enabled":false},"version":2}},"categories":[1161,14,44,15],"tags":[8253,8938],"class_list":["post-52235","post","type-post","status-publish","format-standard","has-post-thumbnail","hentry","category-ciudadania","category-feminismo","category-noticias-de-hoy","category-ultimas-noticias","tag-fallecimiento","tag-marybel-falla"],"jetpack_publicize_connections":[],"jetpack_featured_media_url":"https:\/\/i0.wp.com\/miradordeatarfe.es\/wp-content\/uploads\/2022\/02\/Marybel-Falla_1654045139_151495696_1200x675.jpg?fit=1200%2C675&ssl=1","jetpack_likes_enabled":true,"jetpack_sharing_enabled":true,"_links":{"self":[{"href":"https:\/\/miradordeatarfe.es\/index.php?rest_route=\/wp\/v2\/posts\/52235","targetHints":{"allow":["GET"]}}],"collection":[{"href":"https:\/\/miradordeatarfe.es\/index.php?rest_route=\/wp\/v2\/posts"}],"about":[{"href":"https:\/\/miradordeatarfe.es\/index.php?rest_route=\/wp\/v2\/types\/post"}],"author":[{"embeddable":true,"href":"https:\/\/miradordeatarfe.es\/index.php?rest_route=\/wp\/v2\/users\/1"}],"replies":[{"embeddable":true,"href":"https:\/\/miradordeatarfe.es\/index.php?rest_route=%2Fwp%2Fv2%2Fcomments&post=52235"}],"version-history":[{"count":1,"href":"https:\/\/miradordeatarfe.es\/index.php?rest_route=\/wp\/v2\/posts\/52235\/revisions"}],"predecessor-version":[{"id":52237,"href":"https:\/\/miradordeatarfe.es\/index.php?rest_route=\/wp\/v2\/posts\/52235\/revisions\/52237"}],"wp:featuredmedia":[{"embeddable":true,"href":"https:\/\/miradordeatarfe.es\/index.php?rest_route=\/wp\/v2\/media\/52236"}],"wp:attachment":[{"href":"https:\/\/miradordeatarfe.es\/index.php?rest_route=%2Fwp%2Fv2%2Fmedia&parent=52235"}],"wp:term":[{"taxonomy":"category","embeddable":true,"href":"https:\/\/miradordeatarfe.es\/index.php?rest_route=%2Fwp%2Fv2%2Fcategories&post=52235"},{"taxonomy":"post_tag","embeddable":true,"href":"https:\/\/miradordeatarfe.es\/index.php?rest_route=%2Fwp%2Fv2%2Ftags&post=52235"}],"curies":[{"name":"wp","href":"https:\/\/api.w.org\/{rel}","templated":true}]}}