{"id":52241,"date":"2022-02-13T10:19:55","date_gmt":"2022-02-13T09:19:55","guid":{"rendered":"https:\/\/miradordeatarfe.es\/?p=52241"},"modified":"2022-02-10T20:48:34","modified_gmt":"2022-02-10T19:48:34","slug":"senor-moreno-bonilla-la-atencion-primaria-necesita-mas-sanitarios-y-no-mas-inventos-y-enganos","status":"publish","type":"post","link":"https:\/\/miradordeatarfe.es\/?p=52241","title":{"rendered":"Se\u00f1or Moreno Bonilla, la Atenci\u00f3n Primaria necesita m\u00e1s sanitarios y no m\u00e1s inventos y enga\u00f1osat"},"content":{"rendered":"<h2>\u00bfPor qu\u00e9 si hay un grave problema en sanidad, el presidente andaluz no lo habla y lo acuerda con el sector?<\/h2>\n<p style=\"text-align: justify;\">El presidente andaluz <a title=\"Juan Manuel Moreno Bonilla\" href=\"https:\/\/www.elplural.com\/tag\/juan-manuel-moreno\" target=\"_self\" rel=\"follow noopener\" data-external=\"0\" data-intl-links-es=\"https:\/\/www.elplural.com\/tag\/juan-manuel-moreno\">Juan Manuel Moreno Bonilla<\/a> ha vuelto a prometer un Plan de Refuerzo a la Atenci\u00f3n Primaria. Se trata de un \u201c<strong>parche insuficiente<\/strong>\u201d, como lo han calificado los sindicatos. Es un invento y adem\u00e1s no es nada nuevo, porque hace 5 meses prometi\u00f3 lo mismo y no hizo absolutamente nada.<\/p>\n<p style=\"text-align: justify;\">Moreno Bonilla aprovech\u00f3 la pandemia para cerrar centros de salud e impuso que la atenci\u00f3n a los pacientes fuese <strong>por tel\u00e9fono<\/strong>, \u00bfc\u00f3mo se pod\u00eda detectar un ictus o un c\u00e1ncer por tel\u00e9fono? \u00bfCu\u00e1ntos pacientes tienen hoy un enfermedad grave en <a title=\"Andaluc\u00eda\" href=\"https:\/\/www.elplural.com\/tag\/andalucia\" target=\"_self\" rel=\"follow noopener\" data-external=\"0\" data-intl-links-es=\"https:\/\/www.elplural.com\/tag\/andalucia\">Andaluc\u00eda<\/a> por no haber sido atendidos de forma directa o por no tener una cita con su especialista mucho antes?<\/p>\n<p style=\"text-align: justify;\">Como si de una gota malaya se tratase, el presidente andaluz ha seguido destrozando el pilar fundamental de la <strong>sanidad p\u00fablica<\/strong>, que es la Atenci\u00f3n Primaria. Con centros de salud cerrados en verano y en navidades por las tardes en plenas olas del coronavirus, y con enormes colas a las puertas. <strong>Una penosa imagen <\/strong>que Andaluc\u00eda no merece.<\/p>\n<p style=\"text-align: justify;\">Ahora,\u00a0el presidente andaluz ha vuelto a anunciar un Plan de Refuerzo para la <a title=\"Atenci\u00f3n Primaria\" href=\"https:\/\/www.elplural.com\/tag\/atencion-primaria\" target=\"_self\" rel=\"follow noopener\" data-external=\"0\" data-intl-links-es=\"https:\/\/www.elplural.com\/tag\/atencion-primaria\">Atenci\u00f3n Primaria<\/a>, y lo ha hecho sin que los sindicatos sanitarios conozcan nada de dicho Plan. \u00bfPor qu\u00e9 si hay un grave problema en sanidad, Moreno Bonilla no lo habla y lo acuerda con el sector? <strong>Llega<\/strong> <strong>tarde y mal<\/strong>, con su habitual soberbia. No sabe dialogar, solo sabe imponer.<\/p>\n<p style=\"text-align: justify;\">Y, adem\u00e1s, pretende justificar las largas colas a las puertas de los centros. Dice que se deben a que las normas para evitar el contagio imped\u00edan que hubiese colas en el interior. Entonces,\u00a0\u00bfpor qu\u00e9 en los <strong>centros privados<\/strong> los pacientes s\u00ed pod\u00edan esperar dentro y en los p\u00fablicos han hecho cola en invierno con fr\u00edo en plena calle? \u00a1No m\u00e1s enga\u00f1os!<\/p>\n<p style=\"text-align: justify;\">El problema es que <strong>faltan sanitarios<\/strong>. Las bajas por vacaciones y enfermedad de m\u00e9dicos y enfermeros han reducido la plantilla de los consultorios de salud y la sexta ola del virus ha afectado mucho a los sanitarios andaluces. M\u00e1s de 7.000 se han contagiado en mes y medio.<\/p>\n<p style=\"text-align: justify;\">\u00bfY cu\u00e1l es la soluci\u00f3n que plantea Moreno Bonilla? Que los m\u00e9dicos de familia trabajen hasta 12 horas al d\u00eda y pagarles horas extras. Vamos a ver, si la nueva reforma laboral del Gobierno de la naci\u00f3n quiere acabar con las <strong>horas extraordinarias<\/strong>, \u00bfcomo se puede plantear esta soluci\u00f3n?<\/p>\n<p style=\"text-align: justify;\">Cuando lleg\u00f3 a la Presidencia de la Junta, prometi\u00f3 que los m\u00e9dicos atender\u00edan como mucho a <strong>30 pacientes<\/strong> y que habr\u00eda 10 minutos para cada uno. Pero con su nueva propuesta cambia radicalmente de planteamiento. \u00bfA cu\u00e1ntos pacientes van a atender ahora los m\u00e9dicos? \u00bfA 100 pacientes por d\u00eda?<\/p>\n<p style=\"text-align: justify;\">Los sindicatos consideran que entre<strong> bajas no sustituidas y reducciones<\/strong> <strong>de jornada <\/strong>hay tal d\u00e9ficit de personal que el trabajo extra de tarde -voluntario y retribuido- que prev\u00e9 la \u00faltima propuesta de la <a title=\"Junta de Andaluc\u00eda\" href=\"https:\/\/www.elplural.com\/tag\/junta-de-andalucia\" target=\"_self\" rel=\"follow noopener\" data-external=\"0\" data-intl-links-es=\"https:\/\/www.elplural.com\/tag\/junta-de-andalucia\">Junta de Andaluc\u00eda<\/a> no alcanza ni de lejos a cubrir las carencias.<\/p>\n<p style=\"text-align: justify;\">Y, por cierto, \u00bfno hacen falta tambi\u00e9n m\u00e1s enfermeras y m\u00e1s personal sanitario\u00a0y no sanitario para mejorar la Atenci\u00f3n Primaria en Andaluc\u00eda? \u00bfPor qu\u00e9 <strong>no se toma en serio el problema<\/strong> y aumenta de una vez por todas la menguada plantilla de la Atenci\u00f3n Primaria que ser\u00eda la soluci\u00f3n real al problema?<\/p>\n<p style=\"text-align: justify;\">Sr. Moreno Bonilla, faltan <strong>recursos humanos y materiales <\/strong>en la sanidad p\u00fablica, pero sobra propaganda y despilfarro. Deje de hacer anuncios rimbombantes y t\u00f3mese en serio de una vez por todas esta cuesti\u00f3n.<\/p>\n<p style=\"text-align: justify;\">Es profundamente injusto que la salud de los andaluces dependa de su <strong>cuenta corriente<\/strong>. De si tienen recursos para hacerse un seguro privado o no lo tienen. Ya est\u00e1 bien de favorecer la privada, la sanidad es un derecho y no un negocio.<\/p>\n<p><strong><em>Miguel \u00c1ngel Heredia D\u00edaz<\/em><\/strong><\/p>\n<p>https:\/\/www.elplural.com\/opinion\/moreno-bonilla-atencion-primaria-mas-sanitarios-no-inventos_283531102?s=09<\/p>\n<p>FOTO: Moreno Bonilla, la Atencio\u0301n Primaria necesita ma\u0301s sanitarios. EP\u00a0<\/p>\n<p>&nbsp;<\/p>\n<p>&nbsp;<\/p>\n","protected":false},"excerpt":{"rendered":"<p>\u00bfPor qu\u00e9 si hay un grave problema en sanidad, el presidente andaluz no lo habla&#8230;<\/p>\n","protected":false},"author":1,"featured_media":52242,"comment_status":"closed","ping_status":"closed","sticky":false,"template":"","format":"standard","meta":{"_coblocks_attr":"","_coblocks_dimensions":"","_coblocks_responsive_height":"","_coblocks_accordion_ie_support":"","jetpack_post_was_ever_published":false,"_jetpack_newsletter_access":"","_jetpack_dont_email_post_to_subs":false,"_jetpack_newsletter_tier_id":0,"_jetpack_memberships_contains_paywalled_content":false,"_jetpack_memberships_contains_paid_content":false,"footnotes":"","jetpack_publicize_message":"","jetpack_publicize_feature_enabled":true,"jetpack_social_post_already_shared":true,"jetpack_social_options":{"image_generator_settings":{"template":"highway","default_image_id":0,"enabled":false},"version":2}},"categories":[1161,7149,44,7671,15,10],"tags":[7663,8941],"class_list":["post-52241","post","type-post","status-publish","format-standard","has-post-thumbnail","hentry","category-ciudadania","category-coronavirus","category-noticias-de-hoy","category-politica","category-ultimas-noticias","category-salud","tag-atencion-primaria","tag-presidente-de-andalucia"],"jetpack_publicize_connections":[],"jetpack_featured_media_url":"https:\/\/i0.wp.com\/miradordeatarfe.es\/wp-content\/uploads\/2022\/02\/moreno-bonilla-la-atencio-n-primaria-necesita-ma-s-sanitarios-ep_4_800x450.jpeg?fit=800%2C450&ssl=1","jetpack_likes_enabled":true,"jetpack_sharing_enabled":true,"_links":{"self":[{"href":"https:\/\/miradordeatarfe.es\/index.php?rest_route=\/wp\/v2\/posts\/52241","targetHints":{"allow":["GET"]}}],"collection":[{"href":"https:\/\/miradordeatarfe.es\/index.php?rest_route=\/wp\/v2\/posts"}],"about":[{"href":"https:\/\/miradordeatarfe.es\/index.php?rest_route=\/wp\/v2\/types\/post"}],"author":[{"embeddable":true,"href":"https:\/\/miradordeatarfe.es\/index.php?rest_route=\/wp\/v2\/users\/1"}],"replies":[{"embeddable":true,"href":"https:\/\/miradordeatarfe.es\/index.php?rest_route=%2Fwp%2Fv2%2Fcomments&post=52241"}],"version-history":[{"count":2,"href":"https:\/\/miradordeatarfe.es\/index.php?rest_route=\/wp\/v2\/posts\/52241\/revisions"}],"predecessor-version":[{"id":52244,"href":"https:\/\/miradordeatarfe.es\/index.php?rest_route=\/wp\/v2\/posts\/52241\/revisions\/52244"}],"wp:featuredmedia":[{"embeddable":true,"href":"https:\/\/miradordeatarfe.es\/index.php?rest_route=\/wp\/v2\/media\/52242"}],"wp:attachment":[{"href":"https:\/\/miradordeatarfe.es\/index.php?rest_route=%2Fwp%2Fv2%2Fmedia&parent=52241"}],"wp:term":[{"taxonomy":"category","embeddable":true,"href":"https:\/\/miradordeatarfe.es\/index.php?rest_route=%2Fwp%2Fv2%2Fcategories&post=52241"},{"taxonomy":"post_tag","embeddable":true,"href":"https:\/\/miradordeatarfe.es\/index.php?rest_route=%2Fwp%2Fv2%2Ftags&post=52241"}],"curies":[{"name":"wp","href":"https:\/\/api.w.org\/{rel}","templated":true}]}}