{"id":52245,"date":"2022-02-13T09:51:32","date_gmt":"2022-02-13T08:51:32","guid":{"rendered":"https:\/\/miradordeatarfe.es\/?p=52245"},"modified":"2022-02-12T11:41:42","modified_gmt":"2022-02-12T10:41:42","slug":"el-ano-nebrija-redescubre-al-humanistav-centenario-de","status":"publish","type":"post","link":"https:\/\/miradordeatarfe.es\/?p=52245","title":{"rendered":"2022: El A\u00f1o Nebrija redescubre al humanista"},"content":{"rendered":"<h3 style=\"text-align: justify;\">2022 alumbra uno de los homenajes m\u00e1s esperados por la cultura espa\u00f1ola. Este a\u00f1o se cumple el V centenario del fallecimiento de Antonio de Nebrija, declarado en los Presupuestos Generales del Estado de 2021 como \u201cAcontecimiento de excepcional inter\u00e9s p\u00fablico\u201d.<\/h3>\n<p style=\"text-align: justify;\">Antonio de Nebrija (1441-1522) fue, cronol\u00f3gicamente, el primer humanista hisp\u00e1nico. <strong>C\u00e9lebre por su Gram\u00e1tica castellana (1492)<\/strong>, primera gram\u00e1tica en una lengua europea moderna, fue el introductor del humanismo renacentista italiano en la Pen\u00ednsula Ib\u00e9rica, en la temprana d\u00e9cada de 1470.<\/p>\n<p style=\"text-align: justify;\">Como pol\u00edmata y trabajador incansable, sus campos de actividad no se limitaron a la filolog\u00eda de la lengua castellana y las lenguas cl\u00e1sicas, sino que abarcaron amplias \u00e1reas culturales. <strong>Nebrija fue gram\u00e1tico, traductor, ex\u00e9geta b\u00edblico, docente, catedr\u00e1tico, lexic\u00f3grafo, ling\u00fcista, escritor, poeta, historiador, cronista real, pedagogo, impresor y editor.<\/strong> Sus textos versan sobre \u00e1reas tan diversas como el derecho, la medicina, la astronom\u00eda o la pedagog\u00eda.<\/p>\n<p style=\"text-align: justify;\">Su actividad profesional se extendi\u00f3 durante m\u00e1s de medio siglo. Nebrija fue el <strong>primer escritor del que se tiene constancia escrita en toda la Pen\u00ednsula Ib\u00e9rica en reclamar derechos de autor<\/strong> para sus obras. Tambi\u00e9n fue un<strong> adalid de la libertad de expresi\u00f3n<\/strong>.<\/p>\n<p style=\"text-align: justify;\"><strong>\u201cLa conmemoraci\u00f3n del V Centenario de la muerte de Nebrija es uno de los acontecimientos culturales m\u00e1s importantes de este a\u00f1o.<\/strong> Este centenario es un buen motivo para traer a la memoria de las generaciones vivas la figura de uno de los humanistas m\u00e1s grandes de su tiempo\u201d. \u201cEntre todas sus obras brilla con especial intensidad la primera gram\u00e1tica castellana, que public\u00f3 en 1492 y que contribuy\u00f3 de manera esencial a ampliar y cultivar otro gran territorio, el de la lengua, que compartimos con casi seiscientos millones de personas\u201d.<\/p>\n<p style=\"text-align: justify;\">Antonio de Nebrija se le ha recordado estos dias en el <strong>INSTITUTO CERVANTES con una Caja de las Letras<\/strong> que contiene tierra de los lugares donde naci\u00f3 y muri\u00f3 y un ejemplar del siglo XVIII de su Gram\u00e1tica castellana.<\/p>\n<p style=\"text-align: justify;\">El legado qued\u00f3 guardado de manera permanente, sin fecha de apertura, en la caja de seguridad n\u00famero 1708 de la Caja de las Letras, antigua c\u00e1mara acorazada de la sede del Cervantes. En una ceremonia \u00abcargada de simbolismo, que sella la uni\u00f3n del pasado y el presente\u00bb, intervinieron el director, <strong>Luis Garc\u00eda Montero<\/strong>, y los alcaldes de Lebrija, <strong>Jos\u00e9 Benito Barroso<\/strong>, y Alcal\u00e1 de Henares, <strong>Javier Rodr\u00edguez Palacios. <\/strong><\/p>\n<p style=\"text-align: justify;\">Garc\u00eda Montero record\u00f3 a Nebrija como un sabio humanista que estudi\u00f3 el castellano para recuperar la cultura cl\u00e1sica heredada, en oposici\u00f3n a los b\u00e1rbaros que ya en esa \u00e9poca promov\u00edan procesos inquisitoriales. Puntualiz\u00f3 que cuando Nebrija defiende \u2013en el pr\u00f3logo de su Gram\u00e1tica\u2013 la lengua como \u00abcompa\u00f1era del imperio\u00bb, lo que hace es \u00abvolver a la tradici\u00f3n del mundo cl\u00e1sico\u00bb, en el que imperio significaba poder \u00aby la lengua es siempre compa\u00f1era del poder, que no se olvide\u00bb, sentenci\u00f3.<\/p>\n<p style=\"text-align: justify;\">Antes de depositar una segunda edici\u00f3n del siglo XVIII de la Gram\u00e1tica (se tard\u00f3 tres siglos en reimprimirla), del conde de la Salceda y propiedad del Instituto, su director defini\u00f3 a Nebrija como una \u00abfigura que ilumina nuestro presente, como ilumin\u00f3 nuestro pasado\u00bb, y reivindic\u00f3 el uso de la palabra en favor \u00abdel conocimiento, la convivencia, la libertad y el respeto a los derechos c\u00edvicos\u00bb, en contraposici\u00f3n a quienes \u2013en especial desde las redes sociales\u2013 la emplean para fomentar bulos, odios y enga\u00f1os.<\/p>\n<p style=\"text-align: justify;\">PARA SEGUIR TODOS LOS ACTOS PLANIFICADOS EN ESTE A\u00d1O TE PONEMOS ESTE ENLACE:<\/p>\n<h2 style=\"text-align: justify;\"><a href=\"https:\/\/nebrija500.es\/\">https:\/\/nebrija500.es\/<\/a><\/h2>\n<p><a href=\"https:\/\/i0.wp.com\/miradordeatarfe.es\/wp-content\/uploads\/2022\/02\/48445389_xl-1-scaled.webp?ssl=1\"><img data-recalc-dims=\"1\" loading=\"lazy\" decoding=\"async\" class=\"alignnone size-full wp-image-52250\" src=\"https:\/\/i0.wp.com\/miradordeatarfe.es\/wp-content\/uploads\/2022\/02\/48445389_xl-1-scaled.webp?resize=640%2C427&#038;ssl=1\" alt=\"\" width=\"640\" height=\"427\" srcset=\"https:\/\/i0.wp.com\/miradordeatarfe.es\/wp-content\/uploads\/2022\/02\/48445389_xl-1-scaled.webp?w=2560&amp;ssl=1 2560w, https:\/\/i0.wp.com\/miradordeatarfe.es\/wp-content\/uploads\/2022\/02\/48445389_xl-1-scaled.webp?resize=300%2C200&amp;ssl=1 300w, https:\/\/i0.wp.com\/miradordeatarfe.es\/wp-content\/uploads\/2022\/02\/48445389_xl-1-scaled.webp?resize=1024%2C683&amp;ssl=1 1024w, https:\/\/i0.wp.com\/miradordeatarfe.es\/wp-content\/uploads\/2022\/02\/48445389_xl-1-scaled.webp?resize=768%2C512&amp;ssl=1 768w, https:\/\/i0.wp.com\/miradordeatarfe.es\/wp-content\/uploads\/2022\/02\/48445389_xl-1-scaled.webp?resize=1536%2C1024&amp;ssl=1 1536w, https:\/\/i0.wp.com\/miradordeatarfe.es\/wp-content\/uploads\/2022\/02\/48445389_xl-1-scaled.webp?resize=2048%2C1365&amp;ssl=1 2048w, https:\/\/i0.wp.com\/miradordeatarfe.es\/wp-content\/uploads\/2022\/02\/48445389_xl-1-scaled.webp?resize=1320%2C880&amp;ssl=1 1320w, https:\/\/i0.wp.com\/miradordeatarfe.es\/wp-content\/uploads\/2022\/02\/48445389_xl-1-scaled.webp?w=1920&amp;ssl=1 1920w\" sizes=\"auto, (max-width: 640px) 100vw, 640px\" \/><\/a><\/p>\n","protected":false},"excerpt":{"rendered":"<p>2022 alumbra uno de los homenajes m\u00e1s esperados por la cultura espa\u00f1ola. Este a\u00f1o se&#8230;<\/p>\n","protected":false},"author":1,"featured_media":52248,"comment_status":"closed","ping_status":"closed","sticky":false,"template":"","format":"standard","meta":{"_coblocks_attr":"","_coblocks_dimensions":"","_coblocks_responsive_height":"","_coblocks_accordion_ie_support":"","jetpack_post_was_ever_published":false,"_jetpack_newsletter_access":"","_jetpack_dont_email_post_to_subs":false,"_jetpack_newsletter_tier_id":0,"_jetpack_memberships_contains_paywalled_content":false,"_jetpack_memberships_contains_paid_content":false,"footnotes":"","jetpack_publicize_message":"","jetpack_publicize_feature_enabled":true,"jetpack_social_post_already_shared":true,"jetpack_social_options":{"image_generator_settings":{"template":"highway","default_image_id":0,"enabled":false},"version":2}},"categories":[187,1161,44,6937,15],"tags":[8944],"class_list":["post-52245","post","type-post","status-publish","format-standard","has-post-thumbnail","hentry","category-centros-educativos","category-ciudadania","category-noticias-de-hoy","category-sociedad","category-ultimas-noticias","tag-ano-nebrija"],"jetpack_publicize_connections":[],"jetpack_featured_media_url":"https:\/\/i0.wp.com\/miradordeatarfe.es\/wp-content\/uploads\/2022\/02\/indice-1.jpg?fit=290%2C128&ssl=1","jetpack_likes_enabled":true,"jetpack_sharing_enabled":true,"_links":{"self":[{"href":"https:\/\/miradordeatarfe.es\/index.php?rest_route=\/wp\/v2\/posts\/52245","targetHints":{"allow":["GET"]}}],"collection":[{"href":"https:\/\/miradordeatarfe.es\/index.php?rest_route=\/wp\/v2\/posts"}],"about":[{"href":"https:\/\/miradordeatarfe.es\/index.php?rest_route=\/wp\/v2\/types\/post"}],"author":[{"embeddable":true,"href":"https:\/\/miradordeatarfe.es\/index.php?rest_route=\/wp\/v2\/users\/1"}],"replies":[{"embeddable":true,"href":"https:\/\/miradordeatarfe.es\/index.php?rest_route=%2Fwp%2Fv2%2Fcomments&post=52245"}],"version-history":[{"count":5,"href":"https:\/\/miradordeatarfe.es\/index.php?rest_route=\/wp\/v2\/posts\/52245\/revisions"}],"predecessor-version":[{"id":52269,"href":"https:\/\/miradordeatarfe.es\/index.php?rest_route=\/wp\/v2\/posts\/52245\/revisions\/52269"}],"wp:featuredmedia":[{"embeddable":true,"href":"https:\/\/miradordeatarfe.es\/index.php?rest_route=\/wp\/v2\/media\/52248"}],"wp:attachment":[{"href":"https:\/\/miradordeatarfe.es\/index.php?rest_route=%2Fwp%2Fv2%2Fmedia&parent=52245"}],"wp:term":[{"taxonomy":"category","embeddable":true,"href":"https:\/\/miradordeatarfe.es\/index.php?rest_route=%2Fwp%2Fv2%2Fcategories&post=52245"},{"taxonomy":"post_tag","embeddable":true,"href":"https:\/\/miradordeatarfe.es\/index.php?rest_route=%2Fwp%2Fv2%2Ftags&post=52245"}],"curies":[{"name":"wp","href":"https:\/\/api.w.org\/{rel}","templated":true}]}}