{"id":52252,"date":"2022-02-16T09:23:34","date_gmt":"2022-02-16T08:23:34","guid":{"rendered":"https:\/\/miradordeatarfe.es\/?p=52252"},"modified":"2022-02-13T19:56:45","modified_gmt":"2022-02-13T18:56:45","slug":"novavax-sus-caracteristicas-y-efectos-secundarios-contra-la-covid-19","status":"publish","type":"post","link":"https:\/\/miradordeatarfe.es\/?p=52252","title":{"rendered":"Novavax, sus caracter\u00edsticas y efectos secundarios contra la covid-19"},"content":{"rendered":"<div class=\"voc-article-container\">\n<article class=\"voc-article voc-article--detail voc-article--detail--base voc-article--photo-bottom\">\n<div class=\"voc-info-container\">\n<h3 class=\"voc-sub-title\" style=\"text-align: justify;\">La Comisi\u00f3n de Salud P\u00fablica aprob\u00f3 el martes el uso de esta vacuna en Espa\u00f1a que se destinar\u00e1 a un grupo espec\u00edfico de personas<\/h3>\n<\/div>\n<\/article>\n<\/div>\n<div class=\"voc-detail\" data-voc-share-selection=\"\">\n<p class=\"voc-paragraph\" style=\"text-align: justify;\">La Agencia Europea del Medicamento (EMA, por sus siglas en ingl\u00e9s) aprob\u00f3 el pasado 20 de diciembre la comercializaci\u00f3n condicional de Nuvaxovid, la vacuna contra la covid-19 del laboratorio Novavax. Poco menos de dos meses despu\u00e9s, el pasado martes, la Comisi\u00f3n de Salud P\u00fablica acord\u00f3 empezar a inocular con esta f\u00f3rmula en Espa\u00f1a y utilizarla para las dosis de recuerdo en personas con condiciones de alto riesgo (Grupo 7 de la estrategia) y en tratamiento con inmunosupresores.<\/p>\n<p class=\"voc-paragraph\" style=\"text-align: justify;\">En concreto, la vacuna de Novavax se recomienda para aquellas personas que no se hayan podido vacunar contra la covid o que se han quedado con la pauta incompleta por alergias a alguno de los componentes de las otras vacunas disponibles o por otras indicaciones m\u00e9dicas. Es la primera vacuna contra la covid aprobada que utiliza una plataforma diferente, ya que est\u00e1 basada en prote\u00ednas recombinantes, al contrario que las de Pfizer o Moderna, que utilizan la tecnolog\u00eda ARN mensajero.<\/p>\n<p class=\"voc-paragraph\" style=\"text-align: justify;\">Sanidad apunta que sobre este tipo de profilaxis \u00abexiste abundante evidencia cient\u00edfica sobre su seguridad y mucha experiencia en programas de vacunaci\u00f3n de calendario\u00bb. De hecho, las vacunas de la gripe y de la hepatitis A y B tambi\u00e9n est\u00e1n basadas en prote\u00ednas como la de Novavax.<\/p>\n<div class=\"voc-detail__cmp voc-detail__cmp--title voc-detail__cmp--no-margin\" style=\"text-align: justify;\">\n<h3 class=\"voc-detail__title\">\u00bfC\u00f3mo act\u00faa?<\/h3>\n<\/div>\n<p class=\"voc-paragraph\" style=\"text-align: justify;\">Seg\u00fan un informe de la Agencia Europea del Medicamento, Nuvaxovid contiene una versi\u00f3n de la prote\u00edna espicular que se encuentra en la superficie del SARS-CoV-2 (virus que provoca la covid) producida en el laboratorio. Tambi\u00e9n contiene un \u00abadyuvante\u00bb, una sustancia que ayuda a reforzar las respuestas inmunitarias a la vacuna.<\/p>\n<p class=\"voc-paragraph\" style=\"text-align: justify;\">Cuando se vacuna a una persona, su sistema inmunitario identifica la prote\u00edna de la vacuna como extra\u00f1a y produce defensas naturales (anticuerpos y linfocitos T) contra ella. En el caso de que la persona vacunada enferme posteriormente de covid, el sistema inmunitario reconocer\u00e1 la prote\u00edna espicular del virus y estar\u00e1 preparado para atacarlo.<\/p>\n<p class=\"voc-paragraph\" style=\"text-align: justify;\">La vacuna de Novavax est\u00e1 recomendada a partir de los 18 a\u00f1os. Se administra en dos inyecciones, normalmente en el m\u00fasculo del brazo, con un intervalo de tres semanas.<\/p>\n<div class=\"voc-detail__cmp voc-detail__cmp--title voc-detail__cmp--no-margin\" style=\"text-align: justify;\">\n<h3 class=\"voc-detail__title\">\u00bfCu\u00e1l es su efectividad?<\/h3>\n<\/div>\n<p class=\"voc-paragraph\" style=\"text-align: justify;\">Seg\u00fan los resultados obtenidos de dos estudios con m\u00e1s de 45.000 personas -uno de ellos, llevado a cabo en los Estados Unidos y M\u00e9xico, y el otro, en el Reino Unido-, la eficacia de esta vacuna es de alrededor del 90%. Cuando se realizaron ambos estudios, las cepas v\u00edricas que circulaban eran la original del SARS-CoV-2 y algunas variantes preocupantes, como alfa y beta, aunque existen datos de su validez para otras variantes como \u00f3micron.<\/p>\n<p class=\"voc-paragraph\" style=\"text-align: justify;\">Los efectos secundarios m\u00e1s frecuentes de Nuvaxovid observados en los ensayos fueron dolor de cabeza, n\u00e1useas o v\u00f3mitos, dolor muscular y articular, sensibilidad y dolor en el lugar de la inyecci\u00f3n, cansancio y malestar, por lo general, con una intensidad leve o moderada. Los efectos mejoraron a los pocos d\u00edas de la vacunaci\u00f3n. La EMA apunta a que estas reacciones afectaron a m\u00e1s de 1 de cada 10 participantes en los estudios.<\/p>\n<p class=\"voc-paragraph\" style=\"text-align: justify;\">En menos de 1 de cada 10, se produjeron enrojecimiento e hinchaz\u00f3n en el lugar de la inyecci\u00f3n, fiebre, escalofr\u00edos y dolor en las extremidades; mientras que el aumento del tama\u00f1o de los ganglios linf\u00e1ticos, la tensi\u00f3n arterial alta, las erupciones, el enrojecimiento de la piel, el picor en el lugar de la inyecci\u00f3n y la erupci\u00f3n pruriginosa fueron efectos adversos poco frecuentes, es decir, que se dieron en menos de 1 de cada 100 personas.<\/p>\n<div class=\"voc-detail__cmp voc-detail__cmp--pad-lr \">\n<div class=\"voc-ficha-detail__wrapper\">\n<section class=\"voc-ficha-detail\">\n<div class=\"voc-article-container\">\n<article class=\"voc-article voc-article--cmp-despiece \">\n<div class=\"voc-info-container\">\n<h5 class=\"voc-title\" style=\"text-align: justify;\">Advertencia de los alerg\u00f3logos<\/h5>\n<p class=\"voc-paragraph\" style=\"text-align: justify;\">El Comit\u00e9 de Alergia a Medicamentos de la Sociedad Espa\u00f1ola de Alergolog\u00eda e Inmunolog\u00eda Cl\u00ednica (SEAIC) ha recomendado que no se administre la nueva vacuna de Novavax contra la covid-19 sin haber realizado de forma previa una evaluaci\u00f3n alergol\u00f3gica en aquellas personas que hubieran presentado reacciones al\u00e9rgicas sist\u00e9micas, especialmente si hubieran sido graves, con cualquier otra vacuna frente al SARS-CoV-2.<\/p>\n<p class=\"voc-paragraph\" style=\"text-align: justify;\">A trav\u00e9s de un comunicado, la SEAIC recuerda que la vacuna de Novavax contiene entre sus excipientes polisorbato 80, que tambi\u00e9n est\u00e1 presente en las vacunas de AstraZeneca y Janssen frente al SARS-CoV-2. Por este motivo, consideran que las personas que previamente hubiesen manifestado reacciones al\u00e9rgicas con las vacunas de AstraZeneca y Janssen \u00abno deber\u00edan recibir una dosis de la vacuna de Novavax hasta que un alerg\u00f3logo haya realizado un estudio alergol\u00f3gico completo\u00bb.<\/p>\n<p class=\"voc-paragraph\" style=\"text-align: justify;\">Por otro lado, y aunque puntualizan que el polisorbato 80 \u00abrara vez reacciona de forma cruzada\u00bb con el polietilenglicol (PEG), este componente \u00abse ha identificado como el responsable de provocar reacciones al\u00e9rgicas graves tras la administraci\u00f3n de vacunas frente al SARS-CoV-2\u00bb. En este sentido, creen que tambi\u00e9n est\u00e1 indicada la realizaci\u00f3n de una evaluaci\u00f3n alergol\u00f3gica previa a recibir la vacuna de Novavax en el caso de las personas que hayan manifestado reacciones al\u00e9rgicas graves con otras vacunas frente al SARS-CoV-2.<\/p>\n<p class=\"voc-paragraph\">EP<\/p>\n<p><a class=\"voc-author\" title=\"RAQUEL MERINO\"><strong>RAQUEL MERINO<\/strong> <\/a><time><\/time><\/p>\n<p>https:\/\/www.ideal.es\/sociedad\/salud\/novavax-caracteristicas-efectos-20220210115542-ntrc.html#vca=web-push&#038;vso=ideal&#038;vmc=VACUNAS_COVID&#038;vli=_<\/p>\n<p>FOTO: <span class=\"voc-photo-caption\">Vacuna de Novavax. \/ <\/span><span class=\"voc-photo-author\">Reuters<\/span><\/p>\n<\/div>\n<\/article>\n<\/div>\n<\/section>\n<\/div>\n<\/div>\n<\/div>\n","protected":false},"excerpt":{"rendered":"<p>La Comisi\u00f3n de Salud P\u00fablica aprob\u00f3 el martes el uso de esta vacuna en Espa\u00f1a&#8230;<\/p>\n","protected":false},"author":1,"featured_media":52253,"comment_status":"closed","ping_status":"closed","sticky":false,"template":"","format":"standard","meta":{"_coblocks_attr":"","_coblocks_dimensions":"","_coblocks_responsive_height":"","_coblocks_accordion_ie_support":"","jetpack_post_was_ever_published":false,"_jetpack_newsletter_access":"","_jetpack_dont_email_post_to_subs":false,"_jetpack_newsletter_tier_id":0,"_jetpack_memberships_contains_paywalled_content":false,"_jetpack_memberships_contains_paid_content":false,"footnotes":"","jetpack_publicize_message":"","jetpack_publicize_feature_enabled":true,"jetpack_social_post_already_shared":true,"jetpack_social_options":{"image_generator_settings":{"template":"highway","default_image_id":0,"enabled":false},"version":2}},"categories":[1161,7149,44,15,10],"tags":[8942,5313],"class_list":["post-52252","post","type-post","status-publish","format-standard","has-post-thumbnail","hentry","category-ciudadania","category-coronavirus","category-noticias-de-hoy","category-ultimas-noticias","category-salud","tag-novavax","tag-vacuna"],"jetpack_publicize_connections":[],"jetpack_featured_media_url":"https:\/\/i0.wp.com\/miradordeatarfe.es\/wp-content\/uploads\/2022\/02\/vacuna-novavax-reuters-kTm-U160888739220vqC-624x385%40RC.jpg?fit=624%2C385&ssl=1","jetpack_likes_enabled":true,"jetpack_sharing_enabled":true,"_links":{"self":[{"href":"https:\/\/miradordeatarfe.es\/index.php?rest_route=\/wp\/v2\/posts\/52252","targetHints":{"allow":["GET"]}}],"collection":[{"href":"https:\/\/miradordeatarfe.es\/index.php?rest_route=\/wp\/v2\/posts"}],"about":[{"href":"https:\/\/miradordeatarfe.es\/index.php?rest_route=\/wp\/v2\/types\/post"}],"author":[{"embeddable":true,"href":"https:\/\/miradordeatarfe.es\/index.php?rest_route=\/wp\/v2\/users\/1"}],"replies":[{"embeddable":true,"href":"https:\/\/miradordeatarfe.es\/index.php?rest_route=%2Fwp%2Fv2%2Fcomments&post=52252"}],"version-history":[{"count":1,"href":"https:\/\/miradordeatarfe.es\/index.php?rest_route=\/wp\/v2\/posts\/52252\/revisions"}],"predecessor-version":[{"id":52254,"href":"https:\/\/miradordeatarfe.es\/index.php?rest_route=\/wp\/v2\/posts\/52252\/revisions\/52254"}],"wp:featuredmedia":[{"embeddable":true,"href":"https:\/\/miradordeatarfe.es\/index.php?rest_route=\/wp\/v2\/media\/52253"}],"wp:attachment":[{"href":"https:\/\/miradordeatarfe.es\/index.php?rest_route=%2Fwp%2Fv2%2Fmedia&parent=52252"}],"wp:term":[{"taxonomy":"category","embeddable":true,"href":"https:\/\/miradordeatarfe.es\/index.php?rest_route=%2Fwp%2Fv2%2Fcategories&post=52252"},{"taxonomy":"post_tag","embeddable":true,"href":"https:\/\/miradordeatarfe.es\/index.php?rest_route=%2Fwp%2Fv2%2Ftags&post=52252"}],"curies":[{"name":"wp","href":"https:\/\/api.w.org\/{rel}","templated":true}]}}