{"id":52298,"date":"2022-02-14T10:00:52","date_gmt":"2022-02-14T09:00:52","guid":{"rendered":"https:\/\/miradordeatarfe.es\/?p=52298"},"modified":"2022-02-13T16:52:37","modified_gmt":"2022-02-13T15:52:37","slug":"empresarios-y-junta-abortan-el-manifiesto-de-los-martires","status":"publish","type":"post","link":"https:\/\/miradordeatarfe.es\/?p=52298","title":{"rendered":"Empresarios y Junta abortan el manifiesto de los M\u00e1rtires"},"content":{"rendered":"<div class=\"voc-article-container\">\n<article class=\"voc-article voc-article--detail voc-article--detail--base voc-article--photo-bottom\">\n<div class=\"voc-info-container\">\n<h3 class=\"voc-sub-title\" style=\"text-align: justify;\">Gerardo Cuerva y Pablo Garc\u00eda evitaron suscribir una declaraci\u00f3n tras el encuentro institucional convocado por Paco Cuenca el lunes porque el borrador no inclu\u00eda compromisos concretos. El documento se qued\u00f3 redactado, con los logos pero sin firmas<\/h3>\n<\/div>\n<\/article>\n<\/div>\n<div class=\"voc-detail\" data-voc-share-selection=\"\">\n<p class=\"voc-paragraph\" style=\"text-align: justify;\">El pasado lunes, tras la cumbre institucional en el Carmen de los M\u00e1rtires, hubo declaraciones, abrazos, algo \u2013o bastante\u2013 de parip\u00e9, impostadas buenas intenciones y algunas fotos. Lo que no hubo fue manifiesto porque la mesa se qued\u00f3 compuesta y sin firma. Aunque estaba preparada la escena e, incluso, el documento con los logos de todos los participantes. Los empresarios y la Junta se negaron a suscribir un compromiso que consideran \u00abvac\u00edo\u00bb y que estaba precocinado. Al menos otro de los presentes tampoco puso mucho empe\u00f1o. Esto fue lo que pas\u00f3 y no se cont\u00f3.<\/p>\n<p class=\"voc-paragraph\" style=\"text-align: justify;\">El jueves 3 de febrero por la tarde circul\u00f3 un borrador entre las partes, promovido por el alcalde, Paco Cuenca. Es dif\u00edcil no apoyar el texto. Y eso fue lo que recriminaron algunos, que los p\u00e1rrafos estuvieran repletos de \u00ablugares comunes\u00bb.<\/p>\n<p class=\"voc-paragraph\" style=\"text-align: justify;\">Tras una exposici\u00f3n de motivos gen\u00e9rica, el documento cerraba con cinco puntos: apostar por el desarrollo cient\u00edfico y tecnol\u00f3gico de Granada; impulsar proyectos que hagan de esta provincia un referente en el \u00e1mbito de la inteligencia artificial y biosanitario; aprovechar los fondos de la UE para \u00abponer las bases de un modelo de crecimiento irreversible que se base en la ciencia\u00bb; \u00abtrabajar de manera coordinada en la reivindicaci\u00f3n de unas mejores infraestructuras\u00bb; y dejar fuera de la \u00abbatalla partidista\u00bb el \u00abmodelo econ\u00f3mico de Granada\u00bb. M\u00e1s de uno se pregunt\u00f3 tras leer el borrador: \u00bfy c\u00f3mo se hace todo esto?<\/p>\n<p class=\"voc-paragraph\" style=\"text-align: justify;\">Uno de los convocados amag\u00f3 con no acudir a la cumbre al sospechar que se trataba de una \u00abpantomima\u00bb. \u00abUna reuni\u00f3n de trabajo no termina con un manifiesto\u00bb, justifican fuentes pr\u00f3ximas a los empresarios. Por anticipado alertaron al gabinete de alcald\u00eda que no estaban predispuestos a firmar.<\/p>\n<p class=\"voc-paragraph\" style=\"text-align: justify;\">Gerardo Cuerva lo expres\u00f3 en el encuentro. Y le sigui\u00f3 el delegado del Gobierno, Pablo Garc\u00eda. Advirtieron de que se estuviera \u00abquemando\u00bb el efecto de las cumbres a base de repetirlas sin ning\u00fan resultado. En julio, los mismos y alguno m\u00e1s secundaron un manifiesto por el corredor mediterr\u00e1neo, del que a\u00fan no se sabe si llegar\u00e1 a Granada ni c\u00f3mo. \u00abNo podemos rubricar banalidades, hay que comprometerse a cosas concretas. Todos estamos de acuerdo en que hay que apostar por la ciencia, pero no podemos convocar para firmar un algo sin sustancia\u00bb, expresa uno de los presentes.<\/p>\n<p class=\"voc-paragraph\" style=\"text-align: justify;\">El delegado de la Junta advirti\u00f3 que no estaban \u00abc\u00f3modos\u00bb con el manifiesto. Cuerva aconsej\u00f3 que este trabajo hay que hacerlo m\u00e1s discreto para avanzar, y record\u00f3 cuando, \u00e9l mismo, reuni\u00f3 hace un par de a\u00f1os al presidente de Diputaci\u00f3n, Pepe Entrena, la consejera Marifr\u00e1n Carazo, el entonces alcalde, Luis Salvador, y a la rectora, Pilar Aranda, en una comida con el mismo objetivo y no hubo foto.<\/p>\n<p class=\"voc-paragraph\" style=\"text-align: justify;\">Finalmente, se apart\u00f3 el documento y decidieron crear unos grupos t\u00e9cnicos de trabajo con dos representantes por cada una de las instituciones. Hicieron declaraciones, apelaron a la unidad y se marcharon.<\/p>\n<p class=\"voc-paragraph\" style=\"text-align: justify;\">Pero para sacar una conclusi\u00f3n de lo sucedido basta con repasar lo que ocurri\u00f3 despu\u00e9s. A las 13.16 el Ayuntamiento env\u00eda un comunicado donde celebra que Granada ha alcanzado una \u00abalianza estrat\u00e9gica de todas las instituciones\u00bb. Sin embargo, de entre todas solo aparecen declaraciones de Paco Cuenca y, curiosamente, de la subdelegada del Gobierno, Inmaculada L\u00f3pez Calahorro. Para no ser menos, a las 13.35 difunde un audio con su valoraci\u00f3n el delegado de la Junta, Pablo Garc\u00eda. A las 14.09 difunde su nota la Diputaci\u00f3n, donde Pepe Entrena destaca la \u00abapuesta por el trabajo conjunto para hacer de Granada un referente de la ciencia y la tecnolog\u00eda\u00bb, con declaraciones suyas y de Cuenca. Y, por no quedarse atr\u00e1s, a las 15.09 llegan las declaraciones de Gerardo Cuerva, que reclama \u00abtrabajo\u00bb para dise\u00f1ar la \u00abGranada del futuro\u00bb.<\/p>\n<p class=\"voc-paragraph\" style=\"text-align: justify;\">La cumbre del consenso termin\u00f3 con cuatro valoraciones distintas en una hora y 53 minutos. Eso es lo \u00fanico que qued\u00f3 de manifiesto.<\/p>\n<div class=\"voc-author-timesocial__signature\"><\/p>\n<div class=\"voc-author-timesocial__info\">\n<div class=\"voc-author-info\"><a class=\"voc-author\" title=\"QUICO CHIRINO\" href=\"https:\/\/www.ideal.es\/autor\/quico-chirino-381.html\"><strong>QUICO CHIRINO<\/strong> <\/a><time> <\/time><\/div>\n<div>https:\/\/www.ideal.es\/granada\/empresarios-junta-abortan-20220213182050-nt.html<\/div>\n<div>FOTO: <span class=\"voc-photo-caption\">Imagen del la cumbre institucional el lunes 7 de febrero.<\/span><\/div>\n<\/div>\n<\/div>\n<\/div>\n","protected":false},"excerpt":{"rendered":"<p>Gerardo Cuerva y Pablo Garc\u00eda evitaron suscribir una declaraci\u00f3n tras el encuentro institucional convocado por&#8230;<\/p>\n","protected":false},"author":1,"featured_media":52299,"comment_status":"closed","ping_status":"closed","sticky":false,"template":"","format":"standard","meta":{"_coblocks_attr":"","_coblocks_dimensions":"","_coblocks_responsive_height":"","_coblocks_accordion_ie_support":"","jetpack_post_was_ever_published":false,"_jetpack_newsletter_access":"","_jetpack_dont_email_post_to_subs":false,"_jetpack_newsletter_tier_id":0,"_jetpack_memberships_contains_paywalled_content":false,"_jetpack_memberships_contains_paid_content":false,"footnotes":"","jetpack_publicize_message":"","jetpack_publicize_feature_enabled":true,"jetpack_social_post_already_shared":true,"jetpack_social_options":{"image_generator_settings":{"template":"highway","default_image_id":0,"enabled":false},"version":2}},"categories":[1161,44,7671,6937,15],"tags":[4249,129,8947],"class_list":["post-52298","post","type-post","status-publish","format-standard","has-post-thumbnail","hentry","category-ciudadania","category-noticias-de-hoy","category-politica","category-sociedad","category-ultimas-noticias","tag-empresarios","tag-granada","tag-parttidos-politicos"],"jetpack_publicize_connections":[],"jetpack_featured_media_url":"https:\/\/i0.wp.com\/miradordeatarfe.es\/wp-content\/uploads\/2022\/02\/Imagen-martires-kG5F-U160910261216PyD-624x385%40Ideal.jpg?fit=624%2C385&ssl=1","jetpack_likes_enabled":true,"jetpack_sharing_enabled":true,"_links":{"self":[{"href":"https:\/\/miradordeatarfe.es\/index.php?rest_route=\/wp\/v2\/posts\/52298","targetHints":{"allow":["GET"]}}],"collection":[{"href":"https:\/\/miradordeatarfe.es\/index.php?rest_route=\/wp\/v2\/posts"}],"about":[{"href":"https:\/\/miradordeatarfe.es\/index.php?rest_route=\/wp\/v2\/types\/post"}],"author":[{"embeddable":true,"href":"https:\/\/miradordeatarfe.es\/index.php?rest_route=\/wp\/v2\/users\/1"}],"replies":[{"embeddable":true,"href":"https:\/\/miradordeatarfe.es\/index.php?rest_route=%2Fwp%2Fv2%2Fcomments&post=52298"}],"version-history":[{"count":1,"href":"https:\/\/miradordeatarfe.es\/index.php?rest_route=\/wp\/v2\/posts\/52298\/revisions"}],"predecessor-version":[{"id":52300,"href":"https:\/\/miradordeatarfe.es\/index.php?rest_route=\/wp\/v2\/posts\/52298\/revisions\/52300"}],"wp:featuredmedia":[{"embeddable":true,"href":"https:\/\/miradordeatarfe.es\/index.php?rest_route=\/wp\/v2\/media\/52299"}],"wp:attachment":[{"href":"https:\/\/miradordeatarfe.es\/index.php?rest_route=%2Fwp%2Fv2%2Fmedia&parent=52298"}],"wp:term":[{"taxonomy":"category","embeddable":true,"href":"https:\/\/miradordeatarfe.es\/index.php?rest_route=%2Fwp%2Fv2%2Fcategories&post=52298"},{"taxonomy":"post_tag","embeddable":true,"href":"https:\/\/miradordeatarfe.es\/index.php?rest_route=%2Fwp%2Fv2%2Ftags&post=52298"}],"curies":[{"name":"wp","href":"https:\/\/api.w.org\/{rel}","templated":true}]}}