{"id":52302,"date":"2022-02-16T10:43:15","date_gmt":"2022-02-16T09:43:15","guid":{"rendered":"https:\/\/miradordeatarfe.es\/?p=52302"},"modified":"2022-02-16T10:51:15","modified_gmt":"2022-02-16T09:51:15","slug":"calidad-residencial-para-los-mayores","status":"publish","type":"post","link":"https:\/\/miradordeatarfe.es\/?p=52302","title":{"rendered":"Calidad residencial para los mayores"},"content":{"rendered":"<h3 class=\"voc-sub-title\" style=\"text-align: justify;\">Debiera estar bien prevista y adecuadamente planificada la cobertura y bienestar de toda la poblaci\u00f3n mayor cuando el asunto laboral toca a su fin o cuando por diversas circunstancias existan necesidades.<\/h3>\n<p class=\"voc-paragraph\" style=\"text-align: justify;\">Los datos son de diciembre 2020 y son aproximados. De los 47 millones de espa\u00f1oles, casi una sexta parte (un 19,77%), son mayores de 65 a\u00f1os, es decir, algo m\u00e1s de 9 millones de personas.<\/p>\n<p class=\"voc-paragraph\" style=\"text-align: justify;\">Aunque no existe una estad\u00edstica real sobre poblaci\u00f3n en residencias de mayores, por t\u00e9rmino medio viven en estos alojamientos alrededor de 350.000 personas personas; es decir, un 4 y algo por ciento aproximado de los mayores, por lo que el 95% restante se reparte entre su propio domicilio, el de sus hijos, o tal vez alg\u00fan piso tutelado, una segunda residencia, una vivienda compartida u otras alternativas.<\/p>\n<p class=\"voc-paragraph\" style=\"text-align: justify;\">Vivir en una residencia de mayores privada no est\u00e1 al alcance de quienes tienen rentas bajas \u2013las pensiones m\u00ednimas para personas sin c\u00f3nyuge a su cargo est\u00e1n alrededor de diez mil euros al a\u00f1o, una cuant\u00eda muy alejada de los 1.900 euros\/mes que viene a costar una residencia\u2013. Pero incluso con una pensi\u00f3n de jubilaci\u00f3n de mil euros y pico es imposible pagar lo que cuestan bastantes de estos centros de mayores (los datos var\u00edan seg\u00fan las comunidades aut\u00f3nomas y otras variables).<\/p>\n<p class=\"voc-paragraph\" style=\"text-align: justify;\">Por su parte, para acceder a una plaza p\u00fablica, el solicitante debe tener un grado de la ley de dependencia entre otras condiciones vinculadas a la renta, pues el estado complementa, por as\u00ed decir, la aportaci\u00f3n individual.<\/p>\n<p class=\"voc-paragraph\" style=\"text-align: justify;\">Aunque existan soluciones, la cosa se pone compleja; hay listas de espera; algunos mayores son asignados a centros alejados de sus barrios o las residencias disponibles no ofrecen la calidad deseada por carencias de personal o de recursos.<\/p>\n<p class=\"voc-paragraph\" style=\"text-align: justify;\">En cualquier caso y, a pesar de que la pandemia haya supuesto un triste giro en lo que a n\u00famero de plazas se refiere, el sector residencial para personas mayores no resulta suficiente para satisfacer la demanda futura. En Espa\u00f1a hay algo m\u00e1s de 389.000 &#8216;camas&#8217; y seg\u00fan la Organizaci\u00f3n Mundial de la Salud (OMS) habr\u00eda que sumar entre 70.000 y 80.000 m\u00e1s para cubrir las necesidades de los pr\u00f3ximos a\u00f1os.<\/p>\n<p class=\"voc-paragraph\" style=\"text-align: justify;\">Junto a esa cantidad necesaria de plazas, lo decisivo es la apuesta por la calidad en los servicios y prestaciones que los mayores merecen y requieren. Y ello implica planificaci\u00f3n, garant\u00edas y destinar los fondos adecuados.<\/p>\n<p class=\"voc-paragraph\" style=\"text-align: justify;\">Todos sabemos lo que hoy d\u00eda significa &#8216;ser viejo&#8217;, es decir, en esta etapa vital mas a\u00f1osa pesan las mismas necesidades b\u00e1sicas que en etapas anteriores \u2013sanidad, alimento, higiene, seguridad, entre otras\u2013. Esas son las cosas elementales que cubrir, pero es un momento vital en el que sigue habiendo capacidades, intereses, proyectos personales, ambiciones y necesidades elevadas. En un gran n\u00famero de casos.<\/p>\n<p class=\"voc-paragraph\" style=\"text-align: justify;\">Para la inmensa mayor\u00eda de setenta\u00f1eros y ochenta\u00f1eros, la calidad de vida pasa por muchas otras cuestiones una vez cubierto lo esencial. Desde hacer ejercicio a disponer de un entorno amable; desde cultivar aficiones a disfrutar de una buena compa\u00f1\u00eda, desde participar en la vida cultural a preservar la independencia, apostar por el desarrollo personal, el ocio, el conocimiento o servir a la sociedad.<\/p>\n<p class=\"voc-paragraph\" style=\"text-align: justify;\">Por ello y porque la pir\u00e1mide de poblaci\u00f3n avisa, debiera estar bien prevista y adecuadamente planificada la cobertura y bienestar de toda la poblaci\u00f3n mayor cuando el asunto laboral toca a su fin; cuando por diversas circunstancias y sin ser dependientes ni tener discapacidad, la pensi\u00f3n es baja; cuando el ingreso mensual es del tipo &#8216;No contributivo&#8217;; cuando no hay ahorros ni hijos a quien acudir; cuando se ha optado libremente por ingresar en una residencia a\u00fan teniendo autonom\u00eda y casa propia.<\/p>\n<p class=\"voc-paragraph\" style=\"text-align: justify;\">Es decir, aunque la opci\u00f3n preferida de los mayores sea la de seguir en sus casas, acceder a una residencia debiera considerarse una elecci\u00f3n posible e inmediata, dado que es una alternativa atractiva para muchos de ellos (no olvidemos que estos centros brindan determinados servicios o presentan sus ventajas seg\u00fan para quien y cu\u00e1ndo). Me refiero a los cuidados, la atenci\u00f3n social de profesionales, la seguridad, las actividades programadas, la ausencia de barreras arquitect\u00f3nicas, pero tambi\u00e9n, el no tener que ocuparse de la comida o el disponer de espacios de expansi\u00f3n, entre otros.<\/p>\n<p class=\"voc-paragraph\" style=\"text-align: justify;\">La pir\u00e1mide poblacional avisa y como el mercado lo sabe, han surgido nuevas f\u00f3rmulas empresariales para mayores que, teniendo un piso en propiedad, puedan utilizar su vivienda para pagarse la residencia. Es la llamada hipoteca inversa, que no gusta a todo el colectivo porque implica renunciar a dejar piso en herencia a los hijos. Tambi\u00e9n existe el co-housing, apartamentos privados con instalaciones y servicios comunes y empieza a aparecer el asunto del alojamiento intergeneracional junto a otras f\u00f3rmulas de comunidades que comparten alojamiento y servicios externos\u2026 propiedad compartida, propiedad temporal, cooperativas de vivienda, etc\u00e9tera.<\/p>\n<p class=\"voc-paragraph\" style=\"text-align: justify;\">Por su parte, del lado del sector p\u00fablico es plausible la apuesta de algunas comunidades aut\u00f3nomas por destinar parte de los famosos fondos europeos a cuidados de larga duraci\u00f3n \u2013mayores, discapacidad, dependencia o exclusi\u00f3n social\u2013, as\u00ed como a accesibilidad. Tiene muchos beneficios destinar parte de estos recursos al objetivo de transformar el modelo de atenci\u00f3n. Con cargo a estos fondos podr\u00edan impulsarse proyectos interesantes para &#8216;hogarizar&#8217; o dar m\u00e1s calidez a los centros de mayores; implicar\u00eda m\u00e1s contrataciones, oportunidades o mejoras laborales para los muchos trabajadores vinculados al sector, y, sobre todo, permitir\u00eda que la calidad de vida y el bienestar de nuestros mayores mejorara sustancialmente.<\/p>\n<p class=\"voc-paragraph\" style=\"text-align: justify;\">Porque lo merecen y lo requieren y porque tambi\u00e9n estas tesituras nos llegar\u00e1n un d\u00eda. A nosotros y a nuestras diversas circunstancias.<\/p>\n<p><strong><a class=\"voc-author\" title=\"MANUEL MART\u00cdN GARC\u00cdA\">MANUEL MART\u00cdN GARC\u00cdA <\/a><\/strong><span class=\"voc-special\"><strong>Defensor de la Ciudadan\u00eda de Granada<\/strong> <\/span><\/p>\n<p>https:\/\/www.ideal.es\/opinion\/calidad-residencial-mayores-20220213173625-nt.html<\/p>\n<p>FOTO: https:\/\/www.matiafundazioa.eus\/es\/blog\/residencias-que-cuidan-la-salud-y-la-calidad-de-vida<\/p>\n","protected":false},"excerpt":{"rendered":"<p>Debiera estar bien prevista y adecuadamente planificada la cobertura y bienestar de toda la poblaci\u00f3n&#8230;<\/p>\n","protected":false},"author":1,"featured_media":52303,"comment_status":"closed","ping_status":"closed","sticky":false,"template":"","format":"standard","meta":{"_coblocks_attr":"","_coblocks_dimensions":"","_coblocks_responsive_height":"","_coblocks_accordion_ie_support":"","jetpack_post_was_ever_published":false,"_jetpack_newsletter_access":"","_jetpack_dont_email_post_to_subs":false,"_jetpack_newsletter_tier_id":0,"_jetpack_memberships_contains_paywalled_content":false,"_jetpack_memberships_contains_paid_content":false,"footnotes":"","jetpack_publicize_message":"","jetpack_publicize_feature_enabled":true,"jetpack_social_post_already_shared":false,"jetpack_social_options":{"image_generator_settings":{"template":"highway","default_image_id":0,"enabled":false},"version":2}},"categories":[1161,44,7671,6937,15,10],"tags":[2713,1042,6561,1507],"class_list":["post-52302","post","type-post","status-publish","format-standard","has-post-thumbnail","hentry","category-ciudadania","category-noticias-de-hoy","category-politica","category-sociedad","category-ultimas-noticias","category-salud","tag-alternativas","tag-calidad","tag-personas-mayores","tag-residencias"],"jetpack_publicize_connections":[],"jetpack_featured_media_url":"https:\/\/i0.wp.com\/miradordeatarfe.es\/wp-content\/uploads\/2022\/02\/mujeres_residencia_00.jpg?fit=1100%2C663&ssl=1","jetpack_likes_enabled":true,"jetpack_sharing_enabled":true,"_links":{"self":[{"href":"https:\/\/miradordeatarfe.es\/index.php?rest_route=\/wp\/v2\/posts\/52302","targetHints":{"allow":["GET"]}}],"collection":[{"href":"https:\/\/miradordeatarfe.es\/index.php?rest_route=\/wp\/v2\/posts"}],"about":[{"href":"https:\/\/miradordeatarfe.es\/index.php?rest_route=\/wp\/v2\/types\/post"}],"author":[{"embeddable":true,"href":"https:\/\/miradordeatarfe.es\/index.php?rest_route=\/wp\/v2\/users\/1"}],"replies":[{"embeddable":true,"href":"https:\/\/miradordeatarfe.es\/index.php?rest_route=%2Fwp%2Fv2%2Fcomments&post=52302"}],"version-history":[{"count":1,"href":"https:\/\/miradordeatarfe.es\/index.php?rest_route=\/wp\/v2\/posts\/52302\/revisions"}],"predecessor-version":[{"id":52304,"href":"https:\/\/miradordeatarfe.es\/index.php?rest_route=\/wp\/v2\/posts\/52302\/revisions\/52304"}],"wp:featuredmedia":[{"embeddable":true,"href":"https:\/\/miradordeatarfe.es\/index.php?rest_route=\/wp\/v2\/media\/52303"}],"wp:attachment":[{"href":"https:\/\/miradordeatarfe.es\/index.php?rest_route=%2Fwp%2Fv2%2Fmedia&parent=52302"}],"wp:term":[{"taxonomy":"category","embeddable":true,"href":"https:\/\/miradordeatarfe.es\/index.php?rest_route=%2Fwp%2Fv2%2Fcategories&post=52302"},{"taxonomy":"post_tag","embeddable":true,"href":"https:\/\/miradordeatarfe.es\/index.php?rest_route=%2Fwp%2Fv2%2Ftags&post=52302"}],"curies":[{"name":"wp","href":"https:\/\/api.w.org\/{rel}","templated":true}]}}