{"id":52312,"date":"2022-02-15T08:28:34","date_gmt":"2022-02-15T07:28:34","guid":{"rendered":"https:\/\/miradordeatarfe.es\/?p=52312"},"modified":"2022-02-13T17:36:04","modified_gmt":"2022-02-13T16:36:04","slug":"el-gobierno-deja-en-manos-de-una-empresa-privada-el-nuevo-telefono-para-prevencion-del-suicidio","status":"publish","type":"post","link":"https:\/\/miradordeatarfe.es\/?p=52312","title":{"rendered":"El Gobierno deja en manos de una empresa privada el nuevo tel\u00e9fono para prevenci\u00f3n del suicidio"},"content":{"rendered":"<h3 id=\"m69-68-70\" style=\"text-align: justify;\">La medida ha sido plasmada en el Bolet\u00edn Oficial del Estado y ha tra\u00eddo las cr\u00edticas de\u00a0la Asociaci\u00f3n Nacional de Psic\u00f3logos y Residentes.<\/h3>\n<div class=\"article-text\">\n<p id=\"m261-260-262\" class=\"pb-article-item-iteration\" style=\"text-align: justify;\">El nuevo tel\u00e9fono p\u00fablico para la prevenci\u00f3n del suicidio <b>queda en manos de una empresa privada<\/b>. La compa\u00f1\u00eda\u00a0Evolutio Cloud Enable obtendr\u00e1 los servicios de esta iniciativa promovida por el Gobierno de Pedro S\u00e1nchez y comenzar\u00e1 su operatividad antes del 10 de mayo, tal y como se indica en <a title=\"BOLET\u00cdN OFICIAL DEL ESTADO\" href=\"https:\/\/www.boe.es\/boe\/dias\/2022\/02\/10\/pdfs\/BOE-A-2022-2172.pdf\" target=\"_blank\" rel=\"noopener\">la publicaci\u00f3n del Bolet\u00edn Oficial del Estado<\/a> (BOE) de este jueves.<\/p>\n<p id=\"m266-1-267\" class=\"pb-article-item-iteration\" style=\"text-align: justify;\">La medida est\u00e1 incluida dentro del paquete del <a title=\"S\u00e1nchez anuncia un plan de acci\u00f3n para la salud mental dotado con 100 millones de euros\" href=\"https:\/\/www.publico.es\/politica\/sanchez-anuncia-plan-accion-salud-mental-dotado-100-millones-euros.html\" target=\"_blank\" rel=\"noopener\">Plan de Acci\u00f3n 2021-2024 de Salud Mental<\/a>, dotado con 100 millones de euros y anunciado por Pedro S\u00e1nchez en octubre de 2021.\u00a0El n\u00famero <b>024<\/b> estar\u00e1 habilitado y se conocer\u00e1 como \u00abL\u00ednea de ayuda a las personas con riesgo de conducta suicida\u00bb. El centro de operaciones estar\u00e1 ubicado en la Comunidad Aut\u00f3noma de Madrid.<\/p>\n<div id=\"sc_intxt_container\" style=\"text-align: justify;\">\n<div>\u00a0<\/div>\n<\/div>\n<p id=\"m271-2-272\" class=\"pb-article-item-iteration\" style=\"text-align: justify;\">A\u00fan no hay datos sobre c\u00f3mo se gestionar\u00e1 este nuevo proyecto, pero Javier Abril, portavoz de la Asociaci\u00f3n Nacional de Psic\u00f3logos y Residentes (ANPIR), se muestra cr\u00edtico: \u00abYa esper\u00e1bamos que pasara algo de este tipo y lo peor es que ser\u00e1 una medida que dentro de unos a\u00f1os veremos que no ha aportado gran cosa, ojal\u00e1 me equivoque.\u00a0Es una m\u00e1s que desde que empez\u00f3 la pandemia. <b>Vemos que con todo lo importante que ha sido la sanidad p\u00fablica durante estos a\u00f1os, su desmantelamiento es progresivo\u00bb<\/b>.\u00a0<\/p>\n<p id=\"m391-3-392\" class=\"pb-article-item-iteration\" style=\"text-align: justify;\">Tras la publicaci\u00f3n de este art\u00edculo, el Ministerio de Sanidad sostiene\u00a0que la privatizaci\u00f3n se refiere tan solo a \u00abla parte telef\u00f3nica y t\u00e9cnica\u00bb. Por el momento nada se sabe en torno a este proyecto, que deber\u00e1 despegar como tarde \u00abtranscurridos tres meses desde la publicaci\u00f3n\u00bb del bolet\u00edn del BOE.<\/p>\n<p id=\"m276-3-277\" class=\"pb-article-item-iteration\" style=\"text-align: justify;\">Los datos oficial muestran que\u00a0en Espa\u00f1a se quitaron la vida 3.671 personas en 2019, seg\u00fan el Instituto Nacional de Estad\u00edstica (INE). Eso se traduce en diez personas al d\u00eda, por lo que urgen soluciones al respecto, m\u00e1s a\u00fan cuando la pandemia <a title=\"La pandemia ha disparado los trastornos depresivos, que afectan al 20% de la poblaci\u00f3n\" href=\"https:\/\/www.publico.es\/sociedad\/pandemia-disparado-trastornos-depresivos-afectan-20-poblacion.html\" target=\"_blank\" rel=\"noopener\">ha disparado los trastornos depresivos hasta el 20% de la poblaci\u00f3n<\/a>.<\/p>\n<div id=\"m281-4-282\" class=\"html\"><iframe loading=\"lazy\" id=\"datawrapper-chart-bfYew\" title=\"N\u00famero de suicidios al a\u00f1o\" src=\"https:\/\/datawrapper.dwcdn.net\/bfYew\/2\/\" width=\"660\" height=\"400\" frameborder=\"0\" scrolling=\"no\" aria-label=\"Interactive line chart\" data-mce-fragment=\"1\"><\/iframe><\/div>\n<h2 id=\"m286-5-287\" class=\"highlighted\">Un dato que necesita tratamiento<\/h2>\n<p id=\"m291-6-292\" class=\"pb-article-item-iteration\">ANPIR ya se mostr\u00f3 en octubre algo esc\u00e9ptica por la medida de Pedro S\u00e1nchez y su Gobierno y envi\u00f3 una carta en la que solicitaba que el tel\u00e9fono para prevenci\u00f3n del suicidio tuviera otra naturaleza e<b> integrarlo en los n\u00fameros de urgencias sanitarias<\/b>. \u00abLa idea clave es mantener todas estas actuaciones integradas en el sistema sanitario y ahorrar la necesidad de memorizar o buscar un nuevo n\u00famero de tel\u00e9fono en medio de una situaci\u00f3n personal de crisis\u00bb, aseguraba el documento, que fue ignorado.<\/p>\n<p id=\"m296-7-297\" class=\"pb-article-item-iteration\">La medida, seg\u00fan rezaba el escrito solicitaba \u00abintegrar cualquier intervenci\u00f3n telef\u00f3nica sobre el suicidio en los tel\u00e9fonos 061 de emergencias sanitarias, con la creaci\u00f3n de un circuito asistencial que garantice o una asistencia inmediata de los equipos de emergencias, o una cita r\u00e1pida en los recursos de atenci\u00f3n al riesgo suicida o una cita preferente con el equipo asistencial actual si la persona estuviese ya en un tratamiento de salud mental\u00bb.\u00a0<\/p>\n<p id=\"m301-8-302\" class=\"pb-article-item-iteration\">Esa falta de datos sobre el funcionamiento del nuevo tel\u00e9fono genera dudas a Javier Abril: \u00abMe pregunto c\u00f3mo lo va a hacer una empresa privada. Ya ser\u00eda dif\u00edcil desde la p\u00fablica. Alguien de Cuenca llama y, \u00bfCu\u00e1l es el recurso? Es un debate que no se ha tenido y es pertinente. No s\u00e9 hasta qu\u00e9 punto es una medida efectiva que tiene un plan o es mera cosm\u00e9tica para aplacar un clamor popular.<\/p>\n<h2 id=\"m306-9-307\" class=\"highlighted\"><em>Precarizaci\u00f3n de la salud mental<\/em><\/h2>\n<p id=\"m311-10-312\" class=\"pb-article-item-iteration\"><em>La salud mental en Espa\u00f1a es un sector dependiente de la empresa privada, que incluso ha introducido nuevos formatos para captaci\u00f3n de pacientes con empresas online de psicolog\u00eda que, <a title=\"As\u00ed son los 'fast food' de la psicolog\u00eda, empresas 'online' que se lucran con la salud mental\" href=\"https:\/\/www.publico.es\/sociedad\/son-fast-food-psicologia-empresas-online-lucran-salud-mental.html\" target=\"_blank\" rel=\"noopener\">en voz de sus propios trabajadores<\/a>, alimenta la mala praxis y la precariedad entre sus empleados.<\/em><\/p>\n<p id=\"m316-11-317\" class=\"pb-article-item-iteration\"><em>En la sanidad p\u00fablica espa\u00f1ola solo hay 6 psic\u00f3logos y 9,69 psiquiatras por cada 100.000 personas. Muy lejos queda Francia, con 20,9 psiquiatras y 48,70 psic\u00f3logos por cada 100.000 personas.<\/em><\/p>\n<p><a href=\"https:\/\/i0.wp.com\/miradordeatarfe.es\/wp-content\/uploads\/2022\/02\/unnamed-1.jpg?ssl=1\"><img data-recalc-dims=\"1\" loading=\"lazy\" decoding=\"async\" class=\"alignnone size-full wp-image-52313\" src=\"https:\/\/i0.wp.com\/miradordeatarfe.es\/wp-content\/uploads\/2022\/02\/unnamed-1.jpg?resize=500%2C380&#038;ssl=1\" alt=\"\" width=\"500\" height=\"380\" srcset=\"https:\/\/i0.wp.com\/miradordeatarfe.es\/wp-content\/uploads\/2022\/02\/unnamed-1.jpg?w=500&amp;ssl=1 500w, https:\/\/i0.wp.com\/miradordeatarfe.es\/wp-content\/uploads\/2022\/02\/unnamed-1.jpg?resize=300%2C228&amp;ssl=1 300w\" sizes=\"auto, (max-width: 500px) 100vw, 500px\" \/><\/a><\/p>\n<div id=\"m321-12-322\" class=\"module background-text\">\n<div id=\"m325-324-326\">\n<p id=\"m329-328-330\" class=\"highlighted\" data-collection=\"m325-324-326\"><strong><em>Recursos donde acudir si necesitas ayuda<\/em><\/strong><\/p>\n<p id=\"m334-1-335\" class=\"paragraph\" data-collection=\"m325-324-326\"><em>En caso de emergencia, riesgo inminente o intento consumado: Llamar al Tel\u00e9fono 112. Acudir a los servicios de urgencia del hospital m\u00e1s cercano.<\/em><\/p>\n<p><em>Ante factores de riesgo, se\u00f1ales de alarma o ideaciones suicidas: Acuda a su centro de salud de Atenci\u00f3n Primaria o Centro de Salud Mental.<\/em><\/p>\n<p><em>Recursos en Internet donde se puede encontrar contenido de ayuda, servicios y contactos de inter\u00e9s:<\/em><\/p>\n<p><em>&#8211; Asociaci\u00f3n de Investigaci\u00f3n, Prevenci\u00f3n e Intervenci\u00f3n del Suicido y Familiares y Allegados en Duelo por Suicidio (RedAIPIS-FAeDS). <\/em><\/p>\n<p><em>&#8211; Confederaci\u00f3n SALUD MENTAL ESPA\u00d1A.<\/em><\/p>\n<p><em>&#8211; Despu\u00e9s del Suicidio \u2013 Asociaci\u00f3n de Supervivientes (DSAS). <\/em><\/p>\n<p><em>&#8211; Papageno \u2013 Plataforma profesional de prevenci\u00f3n del suicidio. <\/em><\/p>\n<p><em>&#8211; Sociedad Espa\u00f1ola de Suicidolog\u00eda.<\/em><\/p>\n<p><em>&#8211; Asociaci\u00f3n para la Prevenci\u00f3n del Suicidio y la Atenci\u00f3n al Superviviente (APSAS).<\/em><\/p>\n<\/div>\n<p data-collection=\"m325-324-326\"><strong><a href=\"https:\/\/www.publico.es\/author\/jose-carmona\">Jose Carmona<\/a><\/strong><\/p>\n<p data-collection=\"m325-324-326\">FOTO: Victor Lerena (EFE)<\/p>\n<p>https:\/\/www.publico.es\/sociedad\/sanidad-publica-gobierno-subcontrata-nuevo-telefono-publico-prevencion-suicido-empresa-privada.html?utm_medium=newsletter&#038;utm_content=diaria&#038;segment=registro&#038;pnespid=Hbcy9BEA9S8Wn02G75vQSRtPqxU6mad2shcVDKMSNJHKgIM5W7rVenqlc7DhYgCLxuzp2qAa<\/p>\n<\/div>\n<\/div>\n","protected":false},"excerpt":{"rendered":"<p>La medida ha sido plasmada en el Bolet\u00edn Oficial del Estado y ha tra\u00eddo las&#8230;<\/p>\n","protected":false},"author":1,"featured_media":52313,"comment_status":"closed","ping_status":"closed","sticky":false,"template":"","format":"standard","meta":{"_coblocks_attr":"","_coblocks_dimensions":"","_coblocks_responsive_height":"","_coblocks_accordion_ie_support":"","jetpack_post_was_ever_published":false,"_jetpack_newsletter_access":"","_jetpack_dont_email_post_to_subs":false,"_jetpack_newsletter_tier_id":0,"_jetpack_memberships_contains_paywalled_content":false,"_jetpack_memberships_contains_paid_content":false,"footnotes":"","jetpack_publicize_message":"","jetpack_publicize_feature_enabled":true,"jetpack_social_post_already_shared":true,"jetpack_social_options":{"image_generator_settings":{"template":"highway","default_image_id":0,"enabled":false},"version":2}},"categories":[1161,7149,44,6937,15,10],"tags":[1273,5271,8951],"class_list":["post-52312","post","type-post","status-publish","format-standard","has-post-thumbnail","hentry","category-ciudadania","category-coronavirus","category-noticias-de-hoy","category-sociedad","category-ultimas-noticias","category-salud","tag-jovenes","tag-suicidio","tag-trastornos-depresivos"],"jetpack_publicize_connections":[],"jetpack_featured_media_url":"https:\/\/i0.wp.com\/miradordeatarfe.es\/wp-content\/uploads\/2022\/02\/unnamed-1.jpg?fit=500%2C380&ssl=1","jetpack_likes_enabled":true,"jetpack_sharing_enabled":true,"_links":{"self":[{"href":"https:\/\/miradordeatarfe.es\/index.php?rest_route=\/wp\/v2\/posts\/52312","targetHints":{"allow":["GET"]}}],"collection":[{"href":"https:\/\/miradordeatarfe.es\/index.php?rest_route=\/wp\/v2\/posts"}],"about":[{"href":"https:\/\/miradordeatarfe.es\/index.php?rest_route=\/wp\/v2\/types\/post"}],"author":[{"embeddable":true,"href":"https:\/\/miradordeatarfe.es\/index.php?rest_route=\/wp\/v2\/users\/1"}],"replies":[{"embeddable":true,"href":"https:\/\/miradordeatarfe.es\/index.php?rest_route=%2Fwp%2Fv2%2Fcomments&post=52312"}],"version-history":[{"count":2,"href":"https:\/\/miradordeatarfe.es\/index.php?rest_route=\/wp\/v2\/posts\/52312\/revisions"}],"predecessor-version":[{"id":52315,"href":"https:\/\/miradordeatarfe.es\/index.php?rest_route=\/wp\/v2\/posts\/52312\/revisions\/52315"}],"wp:featuredmedia":[{"embeddable":true,"href":"https:\/\/miradordeatarfe.es\/index.php?rest_route=\/wp\/v2\/media\/52313"}],"wp:attachment":[{"href":"https:\/\/miradordeatarfe.es\/index.php?rest_route=%2Fwp%2Fv2%2Fmedia&parent=52312"}],"wp:term":[{"taxonomy":"category","embeddable":true,"href":"https:\/\/miradordeatarfe.es\/index.php?rest_route=%2Fwp%2Fv2%2Fcategories&post=52312"},{"taxonomy":"post_tag","embeddable":true,"href":"https:\/\/miradordeatarfe.es\/index.php?rest_route=%2Fwp%2Fv2%2Ftags&post=52312"}],"curies":[{"name":"wp","href":"https:\/\/api.w.org\/{rel}","templated":true}]}}