{"id":52323,"date":"2022-02-16T09:07:47","date_gmt":"2022-02-16T08:07:47","guid":{"rendered":"https:\/\/miradordeatarfe.es\/?p=52323"},"modified":"2022-02-13T20:12:52","modified_gmt":"2022-02-13T19:12:52","slug":"la-brecha-de-genero-se-agrava-en-los-estudios-tecnicos-y-cientificos","status":"publish","type":"post","link":"https:\/\/miradordeatarfe.es\/?p=52323","title":{"rendered":"La brecha de g\u00e9nero se agrava en los estudios t\u00e9cnicos y cient\u00edficos"},"content":{"rendered":"<h3 id=\"m69-68-70\" style=\"text-align: justify;\">S\u00f3lo el 36% de los estudiantes de Matem\u00e1ticas en la Universidad son mujeres y ni siquiera alcanza el 14% en los estudios relacionados con la Inform\u00e1tica.<\/h3>\n<p id=\"m564-563-565\" class=\"pb-article-item-iteration\" style=\"text-align: justify;\">Seg\u00fan un informe que se ha dado a conocer en el acto central del <b>D\u00eda de la Mujer y la Ni\u00f1a en la Ciencia<\/b>, cada vez menos chicas eligen estudiar <b>Matem\u00e1ticas<\/b> e <b>Inform\u00e1tica<\/b>. Una <a title=\"La brecha de g\u00e9nero, una lacra en los salarios, las pensiones y la universidad\" href=\"https:\/\/www.publico.es\/sociedad\/brecha-genero-lacra-salarios-pensiones.html\">brecha de g\u00e9nero<\/a> que, lejos de reducirse, se ha profundizado en las \u00faltimas d\u00e9cadas entre el alumnado de todos los niveles educativos, desde secundaria hasta la Universidad.<\/p>\n<p id=\"m569-1-570\" class=\"pb-article-item-iteration\" style=\"text-align: justify;\">El acto se\u00f1alado ha tenido lugar este viernes a las 11h. Ha estado presidido por el jefe del gobierno, <b>Pedro S\u00e1nchez<\/b>, y han asistido tambi\u00e9n las ministras de Educaci\u00f3n y Formaci\u00f3n Profesional, <b>Pilar Alegr\u00eda<\/b>; de Ciencia e Innovaci\u00f3n, <b>Diana Morant<\/b>; y de Igualdad,<b> Irene Montero<\/b>.<\/p>\n<p id=\"m574-2-575\" class=\"pb-article-item-iteration\" style=\"text-align: justify;\">El informe, del que ya se han adelantado algunos datos, <b>desgrana la brecha de g\u00e9nero <\/b>existente en las\u00a0\u00e1reas curriculares que se relacionan\u00a0con las Ciencias, Matem\u00e1ticas, Ingenier\u00eda y Tecnolog\u00eda (STEAM por sus siglas en ingl\u00e9s) y evidencia un aumento de esa diferencia, sobre todo en Inform\u00e1tica y Matem\u00e1ticas.<\/p>\n<div class=\"claim-between-text\" style=\"text-align: justify;\">\u00a0<\/div>\n<div id=\"m579-3-580\" class=\"social-container\" style=\"text-align: justify;\">\n<div id=\"m583-582-584\" class=\"module twitter-container col-12 col-md-12 col-lg-12\">\n<div class=\"twitter-tweet twitter-tweet-rendered\"><iframe id=\"twitter-widget-0\" class=\"\" title=\"Twitter Tweet\" src=\"https:\/\/platform.twitter.com\/embed\/Tweet.html?dnt=false&amp;embedId=twitter-widget-0&amp;features=eyJ0ZndfZXhwZXJpbWVudHNfY29va2llX2V4cGlyYXRpb24iOnsiYnVja2V0IjoxMjA5NjAwLCJ2ZXJzaW9uIjpudWxsfSwidGZ3X2hvcml6b25fdHdlZXRfZW1iZWRfOTU1NSI6eyJidWNrZXQiOiJodGUiLCJ2ZXJzaW9uIjpudWxsfSwidGZ3X3NwYWNlX2NhcmQiOnsiYnVja2V0Ijoib2ZmIiwidmVyc2lvbiI6bnVsbH19&amp;frame=false&amp;hideCard=false&amp;hideThread=false&amp;id=1492051380206452740&amp;lang=es&amp;origin=https%3A%2F%2Fwww.publico.es%2Fsociedad%2Fbrecha-genero-agrava-estudios-tecnicos-cientificos.html&amp;sessionId=5fa146311102cf7a33903f5d8243c5031f600bd9&amp;siteScreenName=publico_es&amp;theme=light&amp;widgetsVersion=0a8eea3%3A1643743420422&amp;width=550px\" frameborder=\"0\" scrolling=\"no\" allowfullscreen=\"allowfullscreen\" data-tweet-id=\"1492051380206452740\" data-mce-fragment=\"1\"><\/iframe><\/div>\n<\/div>\n<\/div>\n<h2 id=\"m590-4-591\" class=\"highlighted\" style=\"text-align: justify;\">Inform\u00e1tica y Matem\u00e1ticas, dos disciplinas masculinizadas<\/h2>\n<p id=\"m595-5-596\" class=\"pb-article-item-iteration\" style=\"text-align: justify;\">En la rama de <b>Formaci\u00f3n Profesional de Inform\u00e1tica y Comunicaci\u00f3n,<\/b> la representaci\u00f3n de las mujeres no solo es muy minoritaria (el 7% del alumnado de grado medio y el 10% de grado superior), sino que, desde el a\u00f1o 2000, ha ca\u00eddo casi un 50%.<\/p>\n<p id=\"m600-6-601\" class=\"pb-article-item-iteration\" style=\"text-align: justify;\">Una tendencia que se confirma en los grados universitarios donde el 13% de los estudiantes de Inform\u00e1tica son mujeres, frente al 30% en los a\u00f1os 80.\u00a0<\/p>\n<p id=\"m605-7-606\" class=\"pb-article-item-iteration\" style=\"text-align: justify;\">Igualmente, se ve una ca\u00edda de la proporci\u00f3n de chicas que cursan el grado de Matem\u00e1ticas, donde existe un salto de m\u00e1s de 27 puntos entre el porcentaje de hombres y mujeres matriculados en estos grados en las universidades p\u00fablicas espa\u00f1olas (63,7% de alumnos frente al 36,3% de alumnas). Una constante que se repite desde el bachillerato hasta los doctorados universitarios.<\/p>\n<h2 id=\"m610-8-611\" class=\"highlighted\" style=\"text-align: justify;\">Un problema estructural<\/h2>\n<p id=\"m615-9-616\" class=\"pb-article-item-iteration\" style=\"text-align: justify;\">Numerosos estudios internacionales coinciden en que la elecci\u00f3n del \u00e1rea de estudios sigue muy influenciada por <b>prejuicios de g\u00e9nero<\/b> y es el resultado de procesos de <b>socializaci\u00f3n diferenciada<\/b>.<\/p>\n<p id=\"m620-10-621\" class=\"pb-article-item-iteration\" style=\"text-align: justify;\">De alguna manera, aunque el acceso a la educaci\u00f3n se haya democratizado gracias al papel de las instituciones p\u00fablicas, <a title=\" La UE advierte de que faltan tres generaciones para lograr la igualdad de g\u00e9nero\" href=\"https:\/\/www.publico.es\/sociedad\/ue-advierte-faltan-tres-generaciones-lograr-igualdad-genero.html\">la desigualdad de g\u00e9nero<\/a> opera a la hora de decantarse entre unas carreras profesionales y otras. Como se ha explicado, las mujeres optan tendencialmente por carreras human\u00edsticas mientras los hombres se inclinan por las ciencias y los estudios t\u00e9cnicos.\u00a0<\/p>\n<p id=\"m625-11-626\" class=\"pb-article-item-iteration\" style=\"text-align: justify;\">La <b>falta de referentes femeninos <\/b>en los departamentos cient\u00edficos, la asociaci\u00f3n de las tareas de cuidados al <b>rol de las mujeres <\/b>o\u00a0las oportunidades diferenciadas de <b>desarrollo de las habilidades psicomotrices<\/b> en el entorno familiar, son algunas de las razones que podr\u00edan explicar este sesgo<strong>.<\/strong><\/p>\n<p style=\"text-align: justify;\"><strong>PUBLICO<\/strong><\/p>\n<p>FOTO: <span class=\"lb-caption\">Varios miembros del gobierno conversan en el acto &#8216;Alianza STEAM por el talento femenino. Ni\u00f1as en pie de Ciencia&#8217;, en el CSIC, a 11 de febrero de 2022, en Madrid (Espa\u00f1a).<\/span><\/p>\n<p>https:\/\/www.publico.es\/sociedad\/brecha-genero-agrava-estudios-tecnicos-cientificos.html<\/p>\n","protected":false},"excerpt":{"rendered":"<p>S\u00f3lo el 36% de los estudiantes de Matem\u00e1ticas en la Universidad son mujeres y ni&#8230;<\/p>\n","protected":false},"author":1,"featured_media":52324,"comment_status":"closed","ping_status":"closed","sticky":false,"template":"","format":"standard","meta":{"_coblocks_attr":"","_coblocks_dimensions":"","_coblocks_responsive_height":"","_coblocks_accordion_ie_support":"","jetpack_post_was_ever_published":false,"_jetpack_newsletter_access":"","_jetpack_dont_email_post_to_subs":false,"_jetpack_newsletter_tier_id":0,"_jetpack_memberships_contains_paywalled_content":false,"_jetpack_memberships_contains_paid_content":false,"footnotes":"","jetpack_publicize_message":"","jetpack_publicize_feature_enabled":true,"jetpack_social_post_already_shared":true,"jetpack_social_options":{"image_generator_settings":{"template":"highway","default_image_id":0,"enabled":false},"version":2}},"categories":[1161,14,44,6937,6920,15],"tags":[53,19],"class_list":["post-52323","post","type-post","status-publish","format-standard","has-post-thumbnail","hentry","category-ciudadania","category-feminismo","category-noticias-de-hoy","category-sociedad","category-tecnologia","category-ultimas-noticias","tag-ciencia","tag-mujeres"],"jetpack_publicize_connections":[],"jetpack_featured_media_url":"https:\/\/i0.wp.com\/miradordeatarfe.es\/wp-content\/uploads\/2022\/02\/620650450160d.jpeg?fit=990%2C660&ssl=1","jetpack_likes_enabled":true,"jetpack_sharing_enabled":true,"_links":{"self":[{"href":"https:\/\/miradordeatarfe.es\/index.php?rest_route=\/wp\/v2\/posts\/52323","targetHints":{"allow":["GET"]}}],"collection":[{"href":"https:\/\/miradordeatarfe.es\/index.php?rest_route=\/wp\/v2\/posts"}],"about":[{"href":"https:\/\/miradordeatarfe.es\/index.php?rest_route=\/wp\/v2\/types\/post"}],"author":[{"embeddable":true,"href":"https:\/\/miradordeatarfe.es\/index.php?rest_route=\/wp\/v2\/users\/1"}],"replies":[{"embeddable":true,"href":"https:\/\/miradordeatarfe.es\/index.php?rest_route=%2Fwp%2Fv2%2Fcomments&post=52323"}],"version-history":[{"count":1,"href":"https:\/\/miradordeatarfe.es\/index.php?rest_route=\/wp\/v2\/posts\/52323\/revisions"}],"predecessor-version":[{"id":52325,"href":"https:\/\/miradordeatarfe.es\/index.php?rest_route=\/wp\/v2\/posts\/52323\/revisions\/52325"}],"wp:featuredmedia":[{"embeddable":true,"href":"https:\/\/miradordeatarfe.es\/index.php?rest_route=\/wp\/v2\/media\/52324"}],"wp:attachment":[{"href":"https:\/\/miradordeatarfe.es\/index.php?rest_route=%2Fwp%2Fv2%2Fmedia&parent=52323"}],"wp:term":[{"taxonomy":"category","embeddable":true,"href":"https:\/\/miradordeatarfe.es\/index.php?rest_route=%2Fwp%2Fv2%2Fcategories&post=52323"},{"taxonomy":"post_tag","embeddable":true,"href":"https:\/\/miradordeatarfe.es\/index.php?rest_route=%2Fwp%2Fv2%2Ftags&post=52323"}],"curies":[{"name":"wp","href":"https:\/\/api.w.org\/{rel}","templated":true}]}}