{"id":52329,"date":"2022-02-15T11:17:54","date_gmt":"2022-02-15T10:17:54","guid":{"rendered":"https:\/\/miradordeatarfe.es\/?p=52329"},"modified":"2022-02-13T21:21:14","modified_gmt":"2022-02-13T20:21:14","slug":"un-gol-de-pichel-evita-la-primera-derrota-del-atarfe-en-casa-1-1","status":"publish","type":"post","link":"https:\/\/miradordeatarfe.es\/?p=52329","title":{"rendered":"Un gol de Pichel evita la primera derrota del Atarfe en casa, 1-1"},"content":{"rendered":"<h3>El conjunto blanquiverde, que fue mejor que el Estepona, logr\u00f3 el tanto de la igualada en el minuto 95<\/h3>\n<p style=\"text-align: justify;\">El Municipal de Atarfe contin\u00faa siendo un fort\u00edn tras la visita del l\u00edder que, en su \u00fanico disparo logr\u00f3 adelantarse a los 25 minutos con un golazo de Saber.<\/p>\n<p style=\"text-align: justify;\">El equipo dirigido por Jes\u00fas Sierra aprovech\u00f3 una larga segunda mitad con superioridad num\u00e9rica de casi 60 minutos para rescatar un punto \u2018in extremis\u2019 y de manera merecida cuando el central Pichel puso el 1-1 en el marcador ante el delirio de la parroquia blanquiverde.<\/p>\n<p style=\"text-align: justify;\">La propuesta y el mejor trato de bal\u00f3n de los primeros veinte minutos correspondi\u00f3 al Atarfe que tuvo hasta tres ocasiones para abrir el marcador, primero fue un tiro lejano de Nacho que casi sorprende a Goyo, despues una gran acci\u00f3n individual de Diego que no pudo superar a su \u00faltimo oponente y sobretodo un remate de cabeza de Adri Vegas en una falta lateral que se march\u00f3 fuera en una situaci\u00f3n inmejorable.<\/p>\n<p style=\"text-align: justify;\">El partido cambi\u00f3 por completo cuando el Estepona logr\u00f3 tomar ventaja con un zapatazo desde unos 25 metros de Saber, despu\u00e9s de una buena presi\u00f3n logr\u00f3 recuperar un bal\u00f3n para sorprender a Dar\u00edo y hacer el 0-1.<\/p>\n<p style=\"text-align: justify;\">Al Atarfe le sent\u00f3 como un jarro de agua fr\u00eda, qued\u00f3 algo tocado y sin respuestas y el Estepona sali\u00f3 fortalecido. pero perjudicado por la auto expulsi\u00f3n de Jes\u00fas poco antes del descanso, factor que benefici\u00f3 al equipo local en la, segunda mitad.\u00a0<\/p>\n<p style=\"text-align: justify;\">En la segunda mitad el Atarfe volvi\u00f3 a ser el equipo de los primeros compases. El l\u00edder tom\u00f3 todas las precauciones para defender con orden y solvencia y tambi\u00e9n en muchas fases oficio con demasiadas p\u00e9rdidas de tiempo, a veces con el permiso del \u00e1rbitro, para mantener un marcador corto y en inferioridad.<\/p>\n<p style=\"text-align: justify;\">El Atarfe intensific\u00f3 su dominio y, aunque lleg\u00f3 a encerrar por momentos al Estepona en su parcela, no vio la manera de superar el buen trabajo defensivo de los visitantes que evitaron acercamientos muy peligrosos ante la porter\u00eda de Goyo.<\/p>\n<p style=\"text-align: justify;\">Mole\u00f3n pudo conseguir superar esa entramado en el minuto 87, cuando estuvo cerca de culminar una gran acci\u00f3n de los verdes, pero se top\u00f3 con un inspirado Goyo, que poco despu\u00e9s en el minuto 92 nada pudo hacer para detener el colocado remate de Pichel que, despu\u00e9s de controlar el bal\u00f3n en el \u00e1rea, la coloc\u00f3 fuera del alcance del meta malague\u00f1o para hacer el tanto del empate que al final hizo justicia.\u00a0<\/p>\n<div class=\"limpia\">\u00a0<\/div>\n<div class=\"foto\"><a title=\"El conjunto atarfe\u00f1o igual\u00f3 en el descuento (JOS\u00c9 M. BALDOMERO) \" href=\"https:\/\/i0.wp.com\/www.granadaenjuego.com\/ficheros\/202202\/imagen46887_1_original.jpg?ssl=1\" rel=\"galeriaimg\"><img data-recalc-dims=\"1\" decoding=\"async\" title=\"El conjunto atarfe\u00f1o igual\u00f3 en el descuento (JOS\u00c9 M. BALDOMERO) \" src=\"https:\/\/i0.wp.com\/www.granadaenjuego.com\/ficheros\/202202\/imagen46887_1_ppal.jpg?w=450&#038;ssl=1\" alt=\"El conjunto atarfe\u00f1o igual\u00f3 en el descuento (JOS\u00c9 M. BALDOMERO) \"  \/><\/a><\/div>\n<p><strong>ATARFE INDUSTRIAL CF: <\/strong>Dar\u00edo, Parra, Marcos Toro, \u00c1lex, Pichel, Mole\u00f3n, Diego (Casado 76&#8242;), Adri Vegas (Juanma Carreiro 63&#8242;), Alberto (Rub\u00e9n Osuna 81&#8242;), Nacho Buil (Castillo 76&#8242;) y \u00c1lex Ortega.<\/p>\n<p><strong>CD ESTEPONA F\u00daTBOL SENIOR: <\/strong>Goyo, Manu Morilla, Perico, Adri Ruiz (Moha 78&#8242;), Baka (Alexis 64&#8242;), Ra\u00fal Toro, Jes\u00fas D\u00edaz, Saber (Alberto 86&#8242;), Chaves, Alberto Monta\u00f1o (Ayala 46&#8242;) y Alvarito (Diego Rius 89&#8242;)<\/p>\n<p><strong>GOLES:<\/strong> 0-1, Saber (25&#8242;); 1-1, Pichel (95&#8242;);<\/p>\n<p><strong>\u00c1RBITRO: <\/strong>Mart\u00ednez Palomares, Eduardo Gabriel (Linares). Amonest\u00f3 por los locales a Dar\u00edo, Jes\u00fas Sierra, Alberto, Parra, Diego, Pichel y por los visitantes a Chaves, Adri Ruiz, Hugo, Manu Morilla, Ayala, Pinki, Saber. Expuls\u00f3 por los visitantes a Jes\u00fas D\u00edaz (Roja directa 44&#8242;).<\/p>\n<p><strong>INCIDENCIAS: <\/strong>Encuentro disputado en el Municipal de Atarfe ante unos 100 espectadores<strong>.\u00a0<\/strong><\/p>\n<p><strong>JESUS ROSILLO<\/strong><\/p>\n<p><img data-recalc-dims=\"1\" decoding=\"async\" src=\"https:\/\/i0.wp.com\/i.ibb.co\/1XpW05d\/PSX-20220213-190602.jpg?w=640&#038;ssl=1\" alt=\"\" \/><\/p>\n<div class=\"limpia\">\u00a0<\/div>\n<p><span class=\"fechayautor\">Noticias relacionadas<\/span><\/p>\n","protected":false},"excerpt":{"rendered":"<p>El conjunto blanquiverde, que fue mejor que el Estepona, logr\u00f3 el tanto de la igualada&#8230;<\/p>\n","protected":false},"author":1,"featured_media":52330,"comment_status":"closed","ping_status":"closed","sticky":false,"template":"","format":"standard","meta":{"_coblocks_attr":"","_coblocks_dimensions":"","_coblocks_responsive_height":"","_coblocks_accordion_ie_support":"","jetpack_post_was_ever_published":false,"_jetpack_newsletter_access":"","_jetpack_dont_email_post_to_subs":false,"_jetpack_newsletter_tier_id":0,"_jetpack_memberships_contains_paywalled_content":false,"_jetpack_memberships_contains_paid_content":false,"footnotes":"","jetpack_publicize_message":"","jetpack_publicize_feature_enabled":true,"jetpack_social_post_already_shared":true,"jetpack_social_options":{"image_generator_settings":{"template":"highway","default_image_id":0,"enabled":false},"version":2}},"categories":[2,182,44,15],"tags":[81,123,666],"class_list":["post-52329","post","type-post","status-publish","format-standard","has-post-thumbnail","hentry","category-atarfe","category-deportes","category-noticias-de-hoy","category-ultimas-noticias","tag-atarfe","tag-deportes","tag-futbol"],"jetpack_publicize_connections":[],"jetpack_featured_media_url":"https:\/\/i0.wp.com\/miradordeatarfe.es\/wp-content\/uploads\/2022\/02\/imagen46887_0_ppal.jpg?fit=450%2C253&ssl=1","jetpack_likes_enabled":true,"jetpack_sharing_enabled":true,"_links":{"self":[{"href":"https:\/\/miradordeatarfe.es\/index.php?rest_route=\/wp\/v2\/posts\/52329","targetHints":{"allow":["GET"]}}],"collection":[{"href":"https:\/\/miradordeatarfe.es\/index.php?rest_route=\/wp\/v2\/posts"}],"about":[{"href":"https:\/\/miradordeatarfe.es\/index.php?rest_route=\/wp\/v2\/types\/post"}],"author":[{"embeddable":true,"href":"https:\/\/miradordeatarfe.es\/index.php?rest_route=\/wp\/v2\/users\/1"}],"replies":[{"embeddable":true,"href":"https:\/\/miradordeatarfe.es\/index.php?rest_route=%2Fwp%2Fv2%2Fcomments&post=52329"}],"version-history":[{"count":1,"href":"https:\/\/miradordeatarfe.es\/index.php?rest_route=\/wp\/v2\/posts\/52329\/revisions"}],"predecessor-version":[{"id":52331,"href":"https:\/\/miradordeatarfe.es\/index.php?rest_route=\/wp\/v2\/posts\/52329\/revisions\/52331"}],"wp:featuredmedia":[{"embeddable":true,"href":"https:\/\/miradordeatarfe.es\/index.php?rest_route=\/wp\/v2\/media\/52330"}],"wp:attachment":[{"href":"https:\/\/miradordeatarfe.es\/index.php?rest_route=%2Fwp%2Fv2%2Fmedia&parent=52329"}],"wp:term":[{"taxonomy":"category","embeddable":true,"href":"https:\/\/miradordeatarfe.es\/index.php?rest_route=%2Fwp%2Fv2%2Fcategories&post=52329"},{"taxonomy":"post_tag","embeddable":true,"href":"https:\/\/miradordeatarfe.es\/index.php?rest_route=%2Fwp%2Fv2%2Ftags&post=52329"}],"curies":[{"name":"wp","href":"https:\/\/api.w.org\/{rel}","templated":true}]}}