{"id":52337,"date":"2022-02-17T11:28:40","date_gmt":"2022-02-17T10:28:40","guid":{"rendered":"https:\/\/miradordeatarfe.es\/?p=52337"},"modified":"2022-02-17T11:28:05","modified_gmt":"2022-02-17T10:28:05","slug":"fomento-instala-pantallas-acusticas-al-borde-de-la-a-92-en-atarfe","status":"publish","type":"post","link":"https:\/\/miradordeatarfe.es\/?p=52337","title":{"rendered":"Fomento instala pantallas ac\u00fasticas al borde de la A-92 en ATARFE"},"content":{"rendered":"<h2 class=\"single-subtitle\">En el primer semestre de 2022 se proceder\u00e1 a la licitaci\u00f3n del proyecto que tendr\u00e1 un plazo de ejecuci\u00f3n de cuatro meses<\/h2>\n<div class=\"row single-new-content\">\n<div class=\"col-md-8 content-left\">\n<div class=\"single-new-content\">\n<p style=\"text-align: justify;\">El delegado de Fomento, Infraestructuras, Ordenaci\u00f3n del Territorio, Cultura y Patrimonio Hist\u00f3rico, Antonio Granados, ha presentado a vecinos y concejales de Atarfe el proyecto de ejecuci\u00f3n de pantallas ac\u00fasticas en varios tramos de las carreteras de la red auton\u00f3mica de Andaluc\u00eda oriental en dicho municipio.<ins id=\"revive-0-3\" data-revive-zoneid=\"48\" data-revive-id=\"3675e576db6d1cc6cb6554b6e5954dc7\" data-revive-seq=\"3\" data-revive-loaded=\"1\"><\/ins><\/p>\n<p style=\"text-align: justify;\">El proyecto consiste en la implantaci\u00f3n de pantallas ac\u00fasticas que permitan rebajar los niveles sonoros provocados por los veh\u00edculos que circulan por la A-92 a los normativamente permitidos, seg\u00fan ha trasladado la Junta en un comunicado.<\/p>\n<div id=\"beacon_7f45e7043f\" style=\"text-align: justify;\"><ins id=\"revive-0-5\" data-revive-zoneid=\"106\" data-revive-id=\"3675e576db6d1cc6cb6554b6e5954dc7\" data-revive-seq=\"5\" data-revive-loaded=\"1\"><img loading=\"lazy\" decoding=\"async\" src=\"https:\/\/track.adform.net\/adfserve\/?bn=52969846;1x1inv=1;srctype=3;ord=[timestamp]\" width=\"1\" height=\"1\" border=\"0\" \/><\/ins>En el caso de Atarfe, Junta ha indicado que se dise\u00f1a una pantalla de 260 metros de longitud y cuatro y 3,5 metros de altura. Las pantallas son de tipo met\u00e1lico, van cimentadas al terreno mediante pilotes y se implantar\u00e1n al borde de la A-92, en el entorno del punto kilom\u00e9trico 236, pasado el enlace de Atarfe, sentido Almer\u00eda. El importe de la inversi\u00f3n asciende 256.624 euros. El plazo de ejecuci\u00f3n de las obras es de cuatro meses.<img loading=\"lazy\" decoding=\"async\" src=\"https:\/\/granadadigitaladserver.granadadigital.es\/www\/delivery\/lg.php?bannerid=0&amp;campaignid=0&amp;zoneid=36&amp;loc=https%3A%2F%2Fwww.granadadigital.es%2Fconsejeria-fomento-instala-pantallas-acusticas-borde-a-92-atarfe-provincia-granada%2F&amp;referer=https%3A%2F%2Fwww.granadadigital.es%2F%3Fs%3Datarfe&amp;cb=7f45e7043f\" alt=\"\" width=\"0\" height=\"0\" \/><\/div>\n<div class=\"code-block code-block-70b1b7fc60ecf882f79eef3c3eb82c3d code-block-40 ai-viewport-1 ai-viewport-2\" style=\"text-align: justify;\">\u00a0<\/div>\n<p style=\"text-align: justify;\">\u00abSe trata de una antigua demanda de los vecinos tanto a la Delegaci\u00f3n de Fomento como al Ayuntamiento de Atarfe para paliar la contaminaci\u00f3n ac\u00fastica derivada del tr\u00e1fico y vamos a atender este compromiso\u00bb, ha concluido Granados<\/p>\n<p>.<span class=\"single-new-author\"><span class=\"single-new-avatar\"><img data-recalc-dims=\"1\" loading=\"lazy\" decoding=\"async\" class=\"avatar pp-user-avatar avatar-96 photo  lazyloaded\" src=\"https:\/\/i0.wp.com\/www.granadadigital.es\/wp-content\/uploads\/2021\/02\/Mesa-de-trabajo-1-150x150.png?resize=96%2C96&#038;ssl=1\" width=\"96\" height=\"96\" data-del=\"avatar\" data-src=\"https:\/\/www.granadadigital.es\/wp-content\/uploads\/2021\/02\/Mesa-de-trabajo-1-150x150.png\" \/>Europa Press<\/span><\/span><\/p>\n<p>FOTO: El delegado de Fomento, Infraestructuras, Ordenaci\u00f3n del Territorio, Cultura y Patrimonio Hist\u00f3rico, Antonio Granados | Foto: Delegaci\u00f3n de Gobierno de la Junta en Granad<\/p>\n<div class=\"single-new-date-author\"><span class=\"single-new-author\">\u00a0<\/span><\/div>\n<p>https:\/\/www.granadadigital.es\/consejeria-fomento-instala-pantallas-acusticas-borde-a-92-atarfe-provincia-granada\/<\/p>\n<\/div>\n<\/div>\n<\/div>\n","protected":false},"excerpt":{"rendered":"<p>En el primer semestre de 2022 se proceder\u00e1 a la licitaci\u00f3n del proyecto que tendr\u00e1&#8230;<\/p>\n","protected":false},"author":1,"featured_media":52338,"comment_status":"closed","ping_status":"closed","sticky":false,"template":"","format":"standard","meta":{"_coblocks_attr":"","_coblocks_dimensions":"","_coblocks_responsive_height":"","_coblocks_accordion_ie_support":"","jetpack_post_was_ever_published":false,"_jetpack_newsletter_access":"","_jetpack_dont_email_post_to_subs":false,"_jetpack_newsletter_tier_id":0,"_jetpack_memberships_contains_paywalled_content":false,"_jetpack_memberships_contains_paid_content":false,"footnotes":"","jetpack_publicize_message":"","jetpack_publicize_feature_enabled":true,"jetpack_social_post_already_shared":false,"jetpack_social_options":{"image_generator_settings":{"template":"highway","default_image_id":0,"enabled":false},"version":2}},"categories":[2,6916,1161,44,15,10],"tags":[8689],"class_list":["post-52337","post","type-post","status-publish","format-standard","has-post-thumbnail","hentry","category-atarfe","category-ayuntamiento-de-atarfe","category-ciudadania","category-noticias-de-hoy","category-ultimas-noticias","category-salud","tag-pantallas-acusticas"],"jetpack_publicize_connections":[],"jetpack_featured_media_url":"https:\/\/i0.wp.com\/miradordeatarfe.es\/wp-content\/uploads\/2022\/02\/IMG_2117-1010x674-1.jpg?fit=1010%2C674&ssl=1","jetpack_likes_enabled":true,"jetpack_sharing_enabled":true,"_links":{"self":[{"href":"https:\/\/miradordeatarfe.es\/index.php?rest_route=\/wp\/v2\/posts\/52337","targetHints":{"allow":["GET"]}}],"collection":[{"href":"https:\/\/miradordeatarfe.es\/index.php?rest_route=\/wp\/v2\/posts"}],"about":[{"href":"https:\/\/miradordeatarfe.es\/index.php?rest_route=\/wp\/v2\/types\/post"}],"author":[{"embeddable":true,"href":"https:\/\/miradordeatarfe.es\/index.php?rest_route=\/wp\/v2\/users\/1"}],"replies":[{"embeddable":true,"href":"https:\/\/miradordeatarfe.es\/index.php?rest_route=%2Fwp%2Fv2%2Fcomments&post=52337"}],"version-history":[{"count":2,"href":"https:\/\/miradordeatarfe.es\/index.php?rest_route=\/wp\/v2\/posts\/52337\/revisions"}],"predecessor-version":[{"id":52340,"href":"https:\/\/miradordeatarfe.es\/index.php?rest_route=\/wp\/v2\/posts\/52337\/revisions\/52340"}],"wp:featuredmedia":[{"embeddable":true,"href":"https:\/\/miradordeatarfe.es\/index.php?rest_route=\/wp\/v2\/media\/52338"}],"wp:attachment":[{"href":"https:\/\/miradordeatarfe.es\/index.php?rest_route=%2Fwp%2Fv2%2Fmedia&parent=52337"}],"wp:term":[{"taxonomy":"category","embeddable":true,"href":"https:\/\/miradordeatarfe.es\/index.php?rest_route=%2Fwp%2Fv2%2Fcategories&post=52337"},{"taxonomy":"post_tag","embeddable":true,"href":"https:\/\/miradordeatarfe.es\/index.php?rest_route=%2Fwp%2Fv2%2Ftags&post=52337"}],"curies":[{"name":"wp","href":"https:\/\/api.w.org\/{rel}","templated":true}]}}