{"id":52346,"date":"2022-02-16T11:37:05","date_gmt":"2022-02-16T10:37:05","guid":{"rendered":"https:\/\/miradordeatarfe.es\/?p=52346"},"modified":"2022-02-17T16:02:41","modified_gmt":"2022-02-17T15:02:41","slug":"atlestimo-atarfe-mas-rankeado-que-nunca","status":"publish","type":"post","link":"https:\/\/miradordeatarfe.es\/?p=52346","title":{"rendered":"ATLESTIMO ATARFE M\u00c1S RANKEADO QUE NUNCA.-"},"content":{"rendered":"<h3 align=\"JUSTIFY\"><span style=\"font-family: Arial, serif;\">La mejor manera de comprobar el estado general del atletismo en un determinado colectivo es viendo como est\u00e1n situados sus miembros en el ranking de la temporada. <\/span><\/h3>\n<p align=\"JUSTIFY\"><span style=\"font-family: Arial, serif;\">En lo que va de pista cubierta son muchos los atletas atarfe\u00f1os que est\u00e1n participando en diferentes controles y mitines realizando en muchos casos sus mejores marcas personales con lo que echando un vistazo al ranking andaluz encontramos muchas rese\u00f1as de nuestros representantes y lo que es una agradable novedad, con presencias en el ranking a nivel absoluto. Sin duda las bases que se vienen asentando en categor\u00edas inferiores comienzan a dar sus frutos. <\/span><\/p>\n<p align=\"JUSTIFY\"><span style=\"font-family: Arial, serif;\">Ahora bien t\u00e9ngase en cuenta que una cosa son las marcas y otra muy diferente los campeonatos y aunque sea referencial no es garant\u00eda de nada ocupar un determinado lugar en el ranking de cara a obtener t\u00edtulos y medallas. <\/span><\/p>\n<p align=\"JUSTIFY\"><span style=\"font-family: Arial, serif;\"><strong>El colectivo que m\u00e1s atletas aporta al ranking es el club CIUDAD ATARFE aunque el crecimiento de nuestro atletismo ha propiciado que algunos de nuestros mejores bazas hayan sido fichados por clubes for\u00e1neos por lo que adem\u00e1s de densidad tenemos variedad.<\/strong> <\/span><\/p>\n<p align=\"JUSTIFY\"><span style=\"font-family: Arial, serif;\">Considero una buena forma de dar a conocer a nuestrxs atletas analizar los diferentes rankings del a\u00f1o. <\/span><\/p>\n<p align=\"JUSTIFY\"><span style=\"font-family: Arial, serif;\">En estos momentos quien ocupa los mejores puestos en el ranking indoor es el fondista y cada vez m\u00e1s mediofondista <strong>Manuel Jim\u00e9nez L\u00f3pez que figura el 15\u00ba de la lista absoluta tanto en 1500 como en 3000.<\/strong> En 1500 merced a sus 3.47.28 conseguidos en el Meeting Internacional de Catalu\u00f1a del pasado martes d\u00eda 8 en Sabadell que adem\u00e1s es de momento la mejor marca nacional Sub 23 y tercera de Andaluc\u00eda tras los ol\u00edmpicos Fontes y Kevin L\u00f3pez. En 3000 es tambi\u00e9n tercero andaluz y \u201cs\u00f3lo\u201d 5\u00ba Sub23 espa\u00f1ol, por lo que resulta sorprendente la irrupci\u00f3n de Manu en la prueba estrella del medio fondo con la fama que le ten\u00edan puesta de ser lento. <\/span><\/p>\n<p align=\"JUSTIFY\"><a href=\"https:\/\/i0.wp.com\/miradordeatarfe.es\/wp-content\/uploads\/2022\/02\/unnamedC.jpg?ssl=1\"><img data-recalc-dims=\"1\" loading=\"lazy\" decoding=\"async\" class=\"alignnone size-full wp-image-52347\" src=\"https:\/\/i0.wp.com\/miradordeatarfe.es\/wp-content\/uploads\/2022\/02\/unnamedC.jpg?resize=640%2C539&#038;ssl=1\" alt=\"\" width=\"640\" height=\"539\" srcset=\"https:\/\/i0.wp.com\/miradordeatarfe.es\/wp-content\/uploads\/2022\/02\/unnamedC.jpg?w=1169&amp;ssl=1 1169w, https:\/\/i0.wp.com\/miradordeatarfe.es\/wp-content\/uploads\/2022\/02\/unnamedC.jpg?resize=300%2C253&amp;ssl=1 300w, https:\/\/i0.wp.com\/miradordeatarfe.es\/wp-content\/uploads\/2022\/02\/unnamedC.jpg?resize=1024%2C863&amp;ssl=1 1024w, https:\/\/i0.wp.com\/miradordeatarfe.es\/wp-content\/uploads\/2022\/02\/unnamedC.jpg?resize=768%2C647&amp;ssl=1 768w\" sizes=\"auto, (max-width: 640px) 100vw, 640px\" \/><\/a><\/p>\n<p align=\"JUSTIFY\"><span style=\"font-family: Arial, serif;\">En esta entrega nos centraremos en la velocidad que pasa por ser la disciplina de moda en Atarfe, los \u201cfuertes y r\u00e1pidos\u201d tienen mucha culpa en esto.<strong> En la prueba m\u00e1s explosiva del programa, los 60 lisos, aparecen hasta 3 atarfe\u00f1as y 7 atarfe\u00f1os en la lista de los 50 mejores granadinos del a\u00f1o.<\/strong><\/span><\/p>\n<p align=\"JUSTIFY\"><span style=\"font-family: Arial, serif;\">A nivel global la mejor rankeada es una atleta joven pero de gran trayectoria, la sub 23 albolote\u00f1a en las filas del CIUDAD ATARFE <strong>Celia Mart\u00edn Santiago<\/strong> que ocupa la 6\u00aa plaza de la lista granadina con 8.20; las sub 16 <strong>Marta Salas<\/strong> con 8.76 (27 y 9 de su edad) e <strong>Irene Crespo<\/strong> con 9.00 (36 y 15). <\/span><\/p>\n<p align=\"JUSTIFY\"><span style=\"font-family: Arial, serif;\">Destacar adem\u00e1s entre las mejores sub16 granadinas a <strong>Luna Sierra<\/strong> que con 9.74 es la 24\u00ba y <strong>Leire P\u00e9rez<\/strong> la 25\u00ba con 9.94. <\/span><\/p>\n<p align=\"JUSTIFY\"><span style=\"font-family: Arial, serif;\">Entre los chicos el m\u00e1s r\u00e1pido de momento es <strong>Antonio Pe\u00f1a<\/strong> con 7.33 (12) seguido muy de cerca por el sub18 <strong>Pablo Lozano<\/strong> con 7.40 (17 y 3\u00ba en su grupo de edad), el m\u00edster <strong>Manuel Jim\u00e9nez Ca\u00f1adas<\/strong> 7.45 (19), el tambi\u00e9n sub18 <strong>Jorge Luis Torres<\/strong> 7.49 (25 y 5\u00ba sub 16), el del Bah\u00eda Algeciras <strong>Ra\u00fal Castillo<\/strong> 7.69 (33), completando con el Sub16<strong> \u00c1lvaro Hern\u00e1ndez<\/strong> 8.01 (45 y 6 granadino de su edad) y el veterano <strong>Alejandro G\u00f3mez<\/strong> con 8.09 (49). <\/span><\/p>\n<p align=\"JUSTIFY\"><span style=\"font-family: Arial, serif;\">Pasando al plano competitivo la semana pasada adem\u00e1s de controles en pista cubierta se inaugur\u00f3 el circuito provincial de fondo que llega a su 35\u00ba edici\u00f3n con muchos atarfe\u00f1os entre los inscritos aportando el CIUDAD ATARFE hasta 10 atletas destacando el tercer puesto en Master a de <strong>Beatriz Quevedo,<\/strong> cinco corredores aporta el MONTA\u00d1A ATARFE y dos m\u00e1s el TRIATARFE adem\u00e1s de los fondistas que militan en otros clubes de fuera de nuestra localidad.<\/span><\/p>\n<p align=\"JUSTIFY\"><span style=\"font-family: Arial, serif;\">En cuanto a la actividad de este fin de semana nuevo control en esta ocasi\u00f3n al aire libre en la pista del estadio de La Juventud con masiva presencia de atletas del CIUDAD ATARFE. Adem\u00e1s el domingo se inauguran los circuitos andaluces de duatl\u00f3n tanto de adultos como de menores con la prueba Ciudad de Marbella donde dos de nuestras paisanas se suben al p\u00f3dium,<strong> Paula Jim\u00e9nez L\u00f3pez<\/strong> por partida doble al ser la primera en SUB23 (5\u00aa absoluta) y contribuir junto a <strong>Ana Mar\u00eda Rodr\u00edguez S\u00e1nchez<\/strong> y la maracenera Priscila P\u00e9rez al tercer puesto por equipos del Triclub Baby School. En cuanto al Duatlon de Menores son muchos los ni\u00f1os de la Escuela de Triatlon que se desplazan al evento<\/span><\/p>\n<p align=\"JUSTIFY\"><span style=\"font-family: Arial, serif;\">Cerramos con el campeonato de Andaluc\u00eda Sub 23 P.C. donde <strong>Antonio Pe\u00f1a<\/strong> es el \u00fanico atarfe\u00f1o que hemos localizado en las clasificaciones que se queda a tan solo una cent\u00e9sima de su marca personal cumpliendo con 7.34. <\/span><\/p>\n<p align=\"JUSTIFY\"><a href=\"https:\/\/i0.wp.com\/miradordeatarfe.es\/wp-content\/uploads\/2022\/02\/unnamedH.jpg?ssl=1\"><img data-recalc-dims=\"1\" loading=\"lazy\" decoding=\"async\" class=\"alignnone size-full wp-image-52353\" src=\"https:\/\/i0.wp.com\/miradordeatarfe.es\/wp-content\/uploads\/2022\/02\/unnamedH.jpg?resize=640%2C598&#038;ssl=1\" alt=\"\" width=\"640\" height=\"598\" srcset=\"https:\/\/i0.wp.com\/miradordeatarfe.es\/wp-content\/uploads\/2022\/02\/unnamedH.jpg?w=1169&amp;ssl=1 1169w, https:\/\/i0.wp.com\/miradordeatarfe.es\/wp-content\/uploads\/2022\/02\/unnamedH.jpg?resize=300%2C280&amp;ssl=1 300w, https:\/\/i0.wp.com\/miradordeatarfe.es\/wp-content\/uploads\/2022\/02\/unnamedH.jpg?resize=1024%2C957&amp;ssl=1 1024w, https:\/\/i0.wp.com\/miradordeatarfe.es\/wp-content\/uploads\/2022\/02\/unnamedH.jpg?resize=768%2C718&amp;ssl=1 768w\" sizes=\"auto, (max-width: 640px) 100vw, 640px\" \/><\/a> <a href=\"https:\/\/i0.wp.com\/miradordeatarfe.es\/wp-content\/uploads\/2022\/02\/unnamedG.jpg?ssl=1\"><img data-recalc-dims=\"1\" loading=\"lazy\" decoding=\"async\" class=\"alignnone size-full wp-image-52352\" src=\"https:\/\/i0.wp.com\/miradordeatarfe.es\/wp-content\/uploads\/2022\/02\/unnamedG.jpg?resize=640%2C612&#038;ssl=1\" alt=\"\" width=\"640\" height=\"612\" srcset=\"https:\/\/i0.wp.com\/miradordeatarfe.es\/wp-content\/uploads\/2022\/02\/unnamedG.jpg?w=1169&amp;ssl=1 1169w, https:\/\/i0.wp.com\/miradordeatarfe.es\/wp-content\/uploads\/2022\/02\/unnamedG.jpg?resize=300%2C287&amp;ssl=1 300w, https:\/\/i0.wp.com\/miradordeatarfe.es\/wp-content\/uploads\/2022\/02\/unnamedG.jpg?resize=1024%2C979&amp;ssl=1 1024w, https:\/\/i0.wp.com\/miradordeatarfe.es\/wp-content\/uploads\/2022\/02\/unnamedG.jpg?resize=768%2C734&amp;ssl=1 768w\" sizes=\"auto, (max-width: 640px) 100vw, 640px\" \/><\/a> <a href=\"https:\/\/i0.wp.com\/miradordeatarfe.es\/wp-content\/uploads\/2022\/02\/unnamedF.jpg?ssl=1\"><img data-recalc-dims=\"1\" loading=\"lazy\" decoding=\"async\" class=\"alignnone size-full wp-image-52351\" src=\"https:\/\/i0.wp.com\/miradordeatarfe.es\/wp-content\/uploads\/2022\/02\/unnamedF.jpg?resize=640%2C631&#038;ssl=1\" alt=\"\" width=\"640\" height=\"631\" srcset=\"https:\/\/i0.wp.com\/miradordeatarfe.es\/wp-content\/uploads\/2022\/02\/unnamedF.jpg?w=1169&amp;ssl=1 1169w, https:\/\/i0.wp.com\/miradordeatarfe.es\/wp-content\/uploads\/2022\/02\/unnamedF.jpg?resize=300%2C296&amp;ssl=1 300w, https:\/\/i0.wp.com\/miradordeatarfe.es\/wp-content\/uploads\/2022\/02\/unnamedF.jpg?resize=1024%2C1009&amp;ssl=1 1024w, https:\/\/i0.wp.com\/miradordeatarfe.es\/wp-content\/uploads\/2022\/02\/unnamedF.jpg?resize=768%2C757&amp;ssl=1 768w\" sizes=\"auto, (max-width: 640px) 100vw, 640px\" \/><\/a>\u00a0 <a href=\"https:\/\/i0.wp.com\/miradordeatarfe.es\/wp-content\/uploads\/2022\/02\/unnamedD.jpg?ssl=1\"><img data-recalc-dims=\"1\" loading=\"lazy\" decoding=\"async\" class=\"alignnone size-full wp-image-52349\" src=\"https:\/\/i0.wp.com\/miradordeatarfe.es\/wp-content\/uploads\/2022\/02\/unnamedD.jpg?resize=640%2C875&#038;ssl=1\" alt=\"\" width=\"640\" height=\"875\" srcset=\"https:\/\/i0.wp.com\/miradordeatarfe.es\/wp-content\/uploads\/2022\/02\/unnamedD.jpg?w=691&amp;ssl=1 691w, https:\/\/i0.wp.com\/miradordeatarfe.es\/wp-content\/uploads\/2022\/02\/unnamedD.jpg?resize=219%2C300&amp;ssl=1 219w\" sizes=\"auto, (max-width: 640px) 100vw, 640px\" \/><\/a> <a href=\"https:\/\/i0.wp.com\/miradordeatarfe.es\/wp-content\/uploads\/2022\/02\/unnamedB.jpg?ssl=1\"><img data-recalc-dims=\"1\" loading=\"lazy\" decoding=\"async\" class=\"alignnone size-full wp-image-52348\" src=\"https:\/\/i0.wp.com\/miradordeatarfe.es\/wp-content\/uploads\/2022\/02\/unnamedB.jpg?resize=640%2C1071&#038;ssl=1\" alt=\"\" width=\"640\" height=\"1071\" srcset=\"https:\/\/i0.wp.com\/miradordeatarfe.es\/wp-content\/uploads\/2022\/02\/unnamedB.jpg?w=663&amp;ssl=1 663w, https:\/\/i0.wp.com\/miradordeatarfe.es\/wp-content\/uploads\/2022\/02\/unnamedB.jpg?resize=179%2C300&amp;ssl=1 179w, https:\/\/i0.wp.com\/miradordeatarfe.es\/wp-content\/uploads\/2022\/02\/unnamedB.jpg?resize=612%2C1024&amp;ssl=1 612w\" sizes=\"auto, (max-width: 640px) 100vw, 640px\" \/><\/a><\/p>\n","protected":false},"excerpt":{"rendered":"<p>La mejor manera de comprobar el estado general del atletismo en un determinado colectivo es&#8230;<\/p>\n","protected":false},"author":1,"featured_media":52355,"comment_status":"closed","ping_status":"closed","sticky":false,"template":"","format":"standard","meta":{"_coblocks_attr":"","_coblocks_dimensions":"","_coblocks_responsive_height":"","_coblocks_accordion_ie_support":"","jetpack_post_was_ever_published":false,"_jetpack_newsletter_access":"","_jetpack_dont_email_post_to_subs":false,"_jetpack_newsletter_tier_id":0,"_jetpack_memberships_contains_paywalled_content":false,"_jetpack_memberships_contains_paid_content":false,"footnotes":"","jetpack_publicize_message":"","jetpack_publicize_feature_enabled":true,"jetpack_social_post_already_shared":true,"jetpack_social_options":{"image_generator_settings":{"template":"highway","default_image_id":0,"enabled":false},"version":2}},"categories":[2,1161,182,6915,44,15],"tags":[85,123],"class_list":["post-52346","post","type-post","status-publish","format-standard","has-post-thumbnail","hentry","category-atarfe","category-ciudadania","category-deportes","category-opinion-de-manuel-jimenez","category-noticias-de-hoy","category-ultimas-noticias","tag-atletismo","tag-deportes"],"jetpack_publicize_connections":[],"jetpack_featured_media_url":"https:\/\/i0.wp.com\/miradordeatarfe.es\/wp-content\/uploads\/2022\/02\/unnamedH-2.jpg?fit=1078%2C856&ssl=1","jetpack_likes_enabled":true,"jetpack_sharing_enabled":true,"_links":{"self":[{"href":"https:\/\/miradordeatarfe.es\/index.php?rest_route=\/wp\/v2\/posts\/52346","targetHints":{"allow":["GET"]}}],"collection":[{"href":"https:\/\/miradordeatarfe.es\/index.php?rest_route=\/wp\/v2\/posts"}],"about":[{"href":"https:\/\/miradordeatarfe.es\/index.php?rest_route=\/wp\/v2\/types\/post"}],"author":[{"embeddable":true,"href":"https:\/\/miradordeatarfe.es\/index.php?rest_route=\/wp\/v2\/users\/1"}],"replies":[{"embeddable":true,"href":"https:\/\/miradordeatarfe.es\/index.php?rest_route=%2Fwp%2Fv2%2Fcomments&post=52346"}],"version-history":[{"count":1,"href":"https:\/\/miradordeatarfe.es\/index.php?rest_route=\/wp\/v2\/posts\/52346\/revisions"}],"predecessor-version":[{"id":52354,"href":"https:\/\/miradordeatarfe.es\/index.php?rest_route=\/wp\/v2\/posts\/52346\/revisions\/52354"}],"wp:featuredmedia":[{"embeddable":true,"href":"https:\/\/miradordeatarfe.es\/index.php?rest_route=\/wp\/v2\/media\/52355"}],"wp:attachment":[{"href":"https:\/\/miradordeatarfe.es\/index.php?rest_route=%2Fwp%2Fv2%2Fmedia&parent=52346"}],"wp:term":[{"taxonomy":"category","embeddable":true,"href":"https:\/\/miradordeatarfe.es\/index.php?rest_route=%2Fwp%2Fv2%2Fcategories&post=52346"},{"taxonomy":"post_tag","embeddable":true,"href":"https:\/\/miradordeatarfe.es\/index.php?rest_route=%2Fwp%2Fv2%2Ftags&post=52346"}],"curies":[{"name":"wp","href":"https:\/\/api.w.org\/{rel}","templated":true}]}}