{"id":52363,"date":"2022-02-17T09:23:00","date_gmt":"2022-02-17T08:23:00","guid":{"rendered":"https:\/\/miradordeatarfe.es\/?p=52363"},"modified":"2022-02-16T11:31:12","modified_gmt":"2022-02-16T10:31:12","slug":"convocadas-700-plazas-para-funcionario-de-hacienda-plazos-y-requisitos","status":"publish","type":"post","link":"https:\/\/miradordeatarfe.es\/?p=52363","title":{"rendered":"Convocadas 700 plazas para funcionario de Hacienda: plazos y requisitos"},"content":{"rendered":"<h3 class=\"voc-sub-title\" style=\"text-align: justify;\">El examen est\u00e1 previsto para finales de este a\u00f1o y los candidatos que quieran optar a este puesto de trabajo pueden inscribirse hasta el 14 de marzo<\/h3>\n<p class=\"voc-paragraph\" style=\"text-align: justify;\">El Gobierno ofrece hasta 700 puestos de trabajo de funcionario a trav\u00e9s de Hacienda. El BOE ha publicado una convocatoria en la que se ofertan 700 plazas para Agentes de la Hacienda P\u00fablica mediante concurso oposici\u00f3n. Los candidatos que quieran optar a este puesto de trabajo pueden inscribirse hasta el 14 de marzo.<\/p>\n<p class=\"voc-paragraph\" style=\"text-align: justify;\">La convocatoria se divide en<strong> 500 plazas de acceso libre, de las cuales 25 est\u00e1n destinadas a personas con discapacidad, y 200 para promoci\u00f3n interna<\/strong>. Los requisitos para poder presentarse los candidatos son: tener entre 16 y 66 a\u00f1os, la nacionalidad espa\u00f1ola y el t\u00edtulo de Bachiller o T\u00e9cnico.<\/p>\n<p class=\"voc-paragraph\" style=\"text-align: justify;\">Para realizar la inscripci\u00f3n hay que rellenar un formulario que est\u00e1 disponible en la sede electr\u00f3nica de la Agencia Tributaria, para lo que es indispensable tener el certificado electr\u00f3nico o la cl@ve pin. Los precios de las tasas oscilan entre los 7,79 euros y 15,57 para las plazas de promoci\u00f3n. Los ex\u00e1menes est\u00e1n previstos para finales de a\u00f1o.<\/p>\n<div class=\"voc-detail__cmp voc-detail__cmp--title voc-detail__cmp--no-margin\" style=\"text-align: justify;\">\n<h3 class=\"voc-detail__title\">Varios tipos de pruebas<\/h3>\n<\/div>\n<p class=\"voc-paragraph\" style=\"text-align: justify;\">Adem\u00e1s de los requisitos generales ya mencionados para poder apuntarse a la convocatoria, para poder optar al puesto es interesante a qu\u00e9 tipo de prueba se van a enfrentar los aspirantes de la convocatoria libre. En primer lugar, habr\u00e1 una fase de oposici\u00f3n con dos ejercicios.<\/p>\n<p class=\"voc-paragraph\" style=\"text-align: justify;\">El primero consiste en un cuestionario de 100 preguntas con respuesta m\u00faltiple sobre el temario propio de la especialidad que se puede encontrar en el programa de la convocatoria. Esta fase tendr\u00e1 una duraci\u00f3n de 60 minutos. El segundo ejercicio consiste en una pregunta te\u00f3rico-pr\u00e1ctica y para responderla los aspirantes dispondr\u00e1n de dos horas y media. Para dar este ejercicio por superado, los aspirantes tendr\u00e1 que obtener al menos la mitad de la puntuaci\u00f3n.<\/p>\n<p class=\"voc-paragraph\" style=\"text-align: justify;\">Tras esta primera parte, habr\u00e1 una fase de concurso en la que se valorar\u00e1 el certificado de servicios y una valoraci\u00f3n de antig\u00fcedad, grado personal formalizado y trabajo desarrollado. La combinaci\u00f3n de estas dos fases ser\u00e1 decisiva para la asignaci\u00f3n de plazas posterior.<\/p>\n","protected":false},"excerpt":{"rendered":"<p>El examen est\u00e1 previsto para finales de este a\u00f1o y los candidatos que quieran optar&#8230;<\/p>\n","protected":false},"author":1,"featured_media":52364,"comment_status":"closed","ping_status":"closed","sticky":false,"template":"","format":"standard","meta":{"_coblocks_attr":"","_coblocks_dimensions":"","_coblocks_responsive_height":"","_coblocks_accordion_ie_support":"","jetpack_post_was_ever_published":false,"_jetpack_newsletter_access":"","_jetpack_dont_email_post_to_subs":false,"_jetpack_newsletter_tier_id":0,"_jetpack_memberships_contains_paywalled_content":false,"_jetpack_memberships_contains_paid_content":false,"footnotes":"","jetpack_publicize_message":"","jetpack_publicize_feature_enabled":true,"jetpack_social_post_already_shared":true,"jetpack_social_options":{"image_generator_settings":{"template":"highway","default_image_id":0,"enabled":false},"version":2}},"categories":[1161,44,15],"tags":[406,69],"class_list":["post-52363","post","type-post","status-publish","format-standard","has-post-thumbnail","hentry","category-ciudadania","category-noticias-de-hoy","category-ultimas-noticias","tag-hacienda","tag-oposiciones"],"jetpack_publicize_connections":[],"jetpack_featured_media_url":"https:\/\/i0.wp.com\/miradordeatarfe.es\/wp-content\/uploads\/2022\/02\/oposiciones-hacienda-k2sH-U160991517498jNC-624x385%40Ideal.jpg?fit=624%2C385&ssl=1","jetpack_likes_enabled":true,"jetpack_sharing_enabled":true,"_links":{"self":[{"href":"https:\/\/miradordeatarfe.es\/index.php?rest_route=\/wp\/v2\/posts\/52363","targetHints":{"allow":["GET"]}}],"collection":[{"href":"https:\/\/miradordeatarfe.es\/index.php?rest_route=\/wp\/v2\/posts"}],"about":[{"href":"https:\/\/miradordeatarfe.es\/index.php?rest_route=\/wp\/v2\/types\/post"}],"author":[{"embeddable":true,"href":"https:\/\/miradordeatarfe.es\/index.php?rest_route=\/wp\/v2\/users\/1"}],"replies":[{"embeddable":true,"href":"https:\/\/miradordeatarfe.es\/index.php?rest_route=%2Fwp%2Fv2%2Fcomments&post=52363"}],"version-history":[{"count":1,"href":"https:\/\/miradordeatarfe.es\/index.php?rest_route=\/wp\/v2\/posts\/52363\/revisions"}],"predecessor-version":[{"id":52365,"href":"https:\/\/miradordeatarfe.es\/index.php?rest_route=\/wp\/v2\/posts\/52363\/revisions\/52365"}],"wp:featuredmedia":[{"embeddable":true,"href":"https:\/\/miradordeatarfe.es\/index.php?rest_route=\/wp\/v2\/media\/52364"}],"wp:attachment":[{"href":"https:\/\/miradordeatarfe.es\/index.php?rest_route=%2Fwp%2Fv2%2Fmedia&parent=52363"}],"wp:term":[{"taxonomy":"category","embeddable":true,"href":"https:\/\/miradordeatarfe.es\/index.php?rest_route=%2Fwp%2Fv2%2Fcategories&post=52363"},{"taxonomy":"post_tag","embeddable":true,"href":"https:\/\/miradordeatarfe.es\/index.php?rest_route=%2Fwp%2Fv2%2Ftags&post=52363"}],"curies":[{"name":"wp","href":"https:\/\/api.w.org\/{rel}","templated":true}]}}