{"id":52379,"date":"2022-02-20T08:23:42","date_gmt":"2022-02-20T07:23:42","guid":{"rendered":"https:\/\/miradordeatarfe.es\/?p=52379"},"modified":"2022-02-17T17:04:44","modified_gmt":"2022-02-17T16:04:44","slug":"los-efectos-de-la-inquisicion-todavia-se-perciben-hoy-en-dia","status":"publish","type":"post","link":"https:\/\/miradordeatarfe.es\/?p=52379","title":{"rendered":"Los efectos de la Inquisici\u00f3n todav\u00eda se perciben hoy en d\u00eda"},"content":{"rendered":"<p>A\u00fan hoy, 200 a\u00f1os despu\u00e9s de la abolici\u00f3n de la Inquisici\u00f3n espa\u00f1ola, las localidades m\u00e1s afectadas son m\u00e1s pobres, m\u00e1s religiosas y tienen un nivel de educaci\u00f3n y confianza menores<\/p>\n<p style=\"text-align: justify;\">Desde la Roma Imperial y las Cruzadas hasta la actual Corea del Norte o el conflicto Rohingya en <a href=\"https:\/\/theconversation.com\/au\/topics\/myanmar-1674\" rel=\"external noopener noreferrer\" data-wpel-link=\"external\">Myanmar<\/a>, la persecuci\u00f3n religiosa ha sido durante siglos un elemento de control sobre las sociedades por parte de los Estados.<\/p>\n<p style=\"text-align: justify;\">Las consecuencias humanitarias inmediatas que la violencia de cualquier persecuci\u00f3n, incluida la religiosa, conlleva son innegables y evidentes. Pero no es tan obvio saber si estas consecuencias pueden perdurar siglos despu\u00e9s de estos episodios tr\u00e1gicos.<\/p>\n<p style=\"text-align: justify;\">En un estudio reciente hemos investigado las consecuencias a largo plazo de una de las instituciones m\u00e1s longevas y cuya persecuci\u00f3n religiosa fue m\u00e1s persistente, <a href=\"https:\/\/www.pnas.org\/content\/118\/33\/e2022881118\" rel=\"external noopener noreferrer\" data-wpel-link=\"external\">la Inquisici\u00f3n Espa\u00f1ola<\/a> (1478-1834).<\/p>\n<p style=\"text-align: justify;\">Para el estudio hemos recopilado, con la colaboraci\u00f3n de la <a href=\"https:\/\/emid.h.uib.no\/\" rel=\"external noopener noreferrer\" data-wpel-link=\"external\">EMID<\/a>, la informaci\u00f3n geogr\u00e1fica y procesal de 67.521 juicios. Esta base de datos representa la compilaci\u00f3n m\u00e1s completa y longeva de los juicios de la Inquisici\u00f3n hasta la fecha.<\/p>\n<p style=\"text-align: justify;\">Los resultados de la investigaci\u00f3n muestran que las localidades donde la Inquisici\u00f3n tuvo una actuaci\u00f3n m\u00e1s intensa tienen hoy en d\u00eda un nivel inferior de riqueza, confianza y educaci\u00f3n en comparaci\u00f3n con localidades con una intensidad inquisitorial baja.<\/p>\n<p style=\"text-align: justify;\">Encargada de perseguir y enjuiciar cualquier tipo de herej\u00eda, la Inquisici\u00f3n y su manera de actuar y publicitar sus actividades influyeron en las interacciones sociales y la actividad econ\u00f3mica, potencialmente afectando negativamente el emprendimiento, la educaci\u00f3n y la innovaci\u00f3n.<\/p>\n<p style=\"text-align: justify;\">El origen de los juicios, que pod\u00edan durar a\u00f1os, eran las denuncias secretas. Las sentencias pod\u00edan ser muy diversas, desde absoluciones y penas menores, como multas y amonestaciones, hasta prisi\u00f3n y ejecuciones. Las sentencias no absolutorias eran comunicadas en ceremonias p\u00fablicas (Autos de fe) para asegurar una mayor publicidad.<\/p>\n<p style=\"text-align: justify;\">La distribuci\u00f3n geogr\u00e1fica de la intensidad inquisitorial muestra una variaci\u00f3n sustancial entre municipios cercanos y no tanto entre regiones o entre los ejes Norte-Sur o Este-Oeste.<\/p>\n<p style=\"text-align: justify;\">Miramos entonces la relaci\u00f3n entre la intensidad inquisitorial y una medida fiable de PIB per c\u00e1pita a nivel municipal calculada teniendo en cuenta el nivel de luminosidad nocturna. La luminosidad nocturna est\u00e1 altamente correlacionada con el nivel de renta per c\u00e1pita y es una aproximaci\u00f3n de actividad econ\u00f3mica extensamente utilizada en econom\u00eda.<\/p>\n<p style=\"text-align: justify;\">Encontramos que municipios sin registro de juicios de la Inquisici\u00f3n y municipios con una intensidad inquisitorial muy baja, en el tercil m\u00e1s bajo, tienen un mayor PIB per c\u00e1pita hoy en d\u00eda. Aquellos municipios con una intensidad media, tienen un PIB claramente menor y los municipios con la intensidad m\u00e1s alta, muestran un PIB marcadamente inferior.<\/p>\n<p style=\"text-align: justify;\">Las magnitudes son significativas. En lugares donde no hubo persecuci\u00f3n, la renta per c\u00e1pita media es de 19\u00a0450 euros. En lugares donde la Inquisici\u00f3n fue m\u00e1s activa, la renta per c\u00e1pita media es de 18\u00a0000 euros.<\/p>\n<p style=\"text-align: justify;\">Nuestras estimaciones implican que, si la Inquisici\u00f3n no hubiera existido, la producci\u00f3n anual en Espa\u00f1a ser\u00eda un 4.1\u00a0% superior (unos 811 euros) por persona.<\/p>\n<h2 style=\"text-align: justify;\">M\u00e1s persecuci\u00f3n, menos educaci\u00f3n<\/h2>\n<p style=\"text-align: justify;\">Para entender por qu\u00e9 la inquisici\u00f3n sigue afectando a la sociedad y la econom\u00eda dos siglos despu\u00e9s de su abolici\u00f3n, utilizamos datos de encuestas del <a href=\"http:\/\/cis.es\/cis\/opencms\/ES\/index.html\" rel=\"external noopener noreferrer\" data-wpel-link=\"external\">Centro de Investigaciones Sociol\u00f3gicas<\/a> (CIS).<\/p>\n<p style=\"text-align: justify;\">La Inquisici\u00f3n puede tener un impacto sobre la educaci\u00f3n ya que era especialmente suspicaz con personas con un nivel de educaci\u00f3n elevado y con aquellos emprendedores o personas de clase media con un inter\u00e9s cultural y cient\u00edfico alto.<\/p>\n<p style=\"text-align: justify;\">Nuestros resultados muestran que vivir en regiones que no fueron expuestas a la Inquisici\u00f3n est\u00e1 correlacionado con una proporci\u00f3n de educaci\u00f3n universitaria 5.6 puntos porcentuales superior a regiones que tuvieron una intensidad media de la Inquisici\u00f3n.<\/p>\n<h2 style=\"text-align: justify;\">M\u00e1s persecuci\u00f3n, menos confianza<\/h2>\n<p style=\"text-align: justify;\">La Inquisici\u00f3n tambi\u00e9n cambi\u00f3 las interacciones y comportamientos sociales. Las denuncias secretas por parte de conocidos hicieron m\u00e1s dif\u00edcil la cooperaci\u00f3n y la colaboraci\u00f3n entre personas, disminuyendo la confianza entre ellas.<\/p>\n<p style=\"text-align: justify;\">Una pregunta recurrente en las encuestas del CIS hace especial referencia a la confianza:<\/p>\n<p style=\"text-align: justify;\">\u00bfDir\u00eda usted que, por lo general, se puede confiar en la mayor\u00eda de la gente o que nunca se es lo bastante prudente en el trato con los dem\u00e1s?<\/p>\n<p style=\"text-align: justify;\">Analizamos las respuestas de m\u00e1s de 26\u00a0000 personas entrevistadas entre 2006 y 2015 y encontramos que la actividad inquisitorial esta asociada con un menor nivel de confianza hoy en d\u00eda. Los resultados son consistentes con diferentes m\u00e9todos de c\u00e1lculo y teniendo en cuenta las particularidades de cada a\u00f1o.<\/p>\n<p style=\"text-align: justify;\">Tambi\u00e9n tenemos medidas de asistencia a los oficios religiosos y encontramos una mayor religiosidad asociada con regiones donde hubo una mayor intensidad inquisitorial.<\/p>\n<h2 style=\"text-align: justify;\">M\u00e1s persecuci\u00f3n, menos renta<\/h2>\n<p style=\"text-align: justify;\">Una posible objeci\u00f3n a nuestros resultados es que la Inquisici\u00f3n pudo ser m\u00e1s activa e intensa en regiones pobres.<\/p>\n<p style=\"text-align: justify;\">Sin embargo, es bastante improbable. La Inquisici\u00f3n se autofinanciaba y uno de sus recursos econ\u00f3micos proven\u00eda de las confiscaciones y las multas que impon\u00eda. Aunque su misi\u00f3n era fundamentalmente perseguir la herej\u00eda, tenia incentivos para hacerlo all\u00ed donde hab\u00eda m\u00e1s riqueza. As\u00ed lo demuestra tambi\u00e9n nuestra evidencia. En general, los municipios m\u00e1s ricos sufrieron una intensidad m\u00e1s elevada.<\/p>\n<p style=\"text-align: justify;\">La persecuci\u00f3n inquisitorial de \u201cherejes\u201d es s\u00f3lo un ejemplo de una intervenci\u00f3n autoritaria en la vida de las personas. Otras instituciones a lo largo de la historia tambi\u00e9n han impuesto m\u00e9todos intrusivos de control de pensamiento.<\/p>\n<p style=\"text-align: justify;\">Aunque el sufrimiento de los acusados, los sentenciados y sus familias fuera el resultado m\u00e1s importante y doloroso de la persecuci\u00f3n, nuestros resultados demuestran que sus efectos a\u00fan se perciben hoy en d\u00eda.<\/p>\n<p style=\"text-align: justify;\">A\u00fan hoy, 200 a\u00f1os despu\u00e9s de la abolici\u00f3n de la Inquisici\u00f3n espa\u00f1ola, las localidades m\u00e1s afectadas son m\u00e1s pobres, m\u00e1s religiosas y tienen un nivel de educaci\u00f3n y confianza menores.<\/p>\n<p class=\"fine-print\" style=\"text-align: justify;\"><strong><em>Jordi Vidal-Robert, <\/em><em>Mauricio Drelichman y <\/em><em>Hans-Joachim Voth.<\/em><\/strong><\/p>\n<p>&nbsp;<\/p>\n<blockquote class=\"wp-embedded-content\" data-secret=\"a9CkqruCUA\"><p><a href=\"https:\/\/contrainformacion.es\/los-efectos-de-la-inquisicion-todavia-se-perciben-hoy-en-dia\/\">Los efectos de la Inquisici\u00f3n todav\u00eda se perciben hoy en d\u00eda<\/a><\/p><\/blockquote>\n<p><iframe loading=\"lazy\" class=\"wp-embedded-content\" sandbox=\"allow-scripts\" security=\"restricted\" style=\"position: absolute; visibility: hidden;\" title=\"\u00abLos efectos de la Inquisici\u00f3n todav\u00eda se perciben hoy en d\u00eda\u00bb \u2014 Contrainformaci\u00f3n\" src=\"https:\/\/contrainformacion.es\/los-efectos-de-la-inquisicion-todavia-se-perciben-hoy-en-dia\/embed\/#?secret=PNpahGurDM#?secret=a9CkqruCUA\" data-secret=\"a9CkqruCUA\" width=\"600\" height=\"338\" frameborder=\"0\" marginwidth=\"0\" marginheight=\"0\" scrolling=\"no\"><\/iframe><\/p>\n","protected":false},"excerpt":{"rendered":"<p>A\u00fan hoy, 200 a\u00f1os despu\u00e9s de la abolici\u00f3n de la Inquisici\u00f3n espa\u00f1ola, las localidades m\u00e1s&#8230;<\/p>\n","protected":false},"author":1,"featured_media":52380,"comment_status":"closed","ping_status":"closed","sticky":false,"template":"","format":"standard","meta":{"_coblocks_attr":"","_coblocks_dimensions":"","_coblocks_responsive_height":"","_coblocks_accordion_ie_support":"","jetpack_post_was_ever_published":false,"_jetpack_newsletter_access":"","_jetpack_dont_email_post_to_subs":false,"_jetpack_newsletter_tier_id":0,"_jetpack_memberships_contains_paywalled_content":false,"_jetpack_memberships_contains_paid_content":false,"footnotes":"","jetpack_publicize_message":"","jetpack_publicize_feature_enabled":true,"jetpack_social_post_already_shared":true,"jetpack_social_options":{"image_generator_settings":{"template":"highway","default_image_id":0,"enabled":false},"version":2}},"categories":[1161,44,7671,6937,15],"tags":[8958],"class_list":["post-52379","post","type-post","status-publish","format-standard","has-post-thumbnail","hentry","category-ciudadania","category-noticias-de-hoy","category-politica","category-sociedad","category-ultimas-noticias","tag-inquisicion"],"jetpack_publicize_connections":[],"jetpack_featured_media_url":"https:\/\/i0.wp.com\/miradordeatarfe.es\/wp-content\/uploads\/2022\/02\/indice-3.jpg?fit=218%2C150&ssl=1","jetpack_likes_enabled":true,"jetpack_sharing_enabled":true,"_links":{"self":[{"href":"https:\/\/miradordeatarfe.es\/index.php?rest_route=\/wp\/v2\/posts\/52379","targetHints":{"allow":["GET"]}}],"collection":[{"href":"https:\/\/miradordeatarfe.es\/index.php?rest_route=\/wp\/v2\/posts"}],"about":[{"href":"https:\/\/miradordeatarfe.es\/index.php?rest_route=\/wp\/v2\/types\/post"}],"author":[{"embeddable":true,"href":"https:\/\/miradordeatarfe.es\/index.php?rest_route=\/wp\/v2\/users\/1"}],"replies":[{"embeddable":true,"href":"https:\/\/miradordeatarfe.es\/index.php?rest_route=%2Fwp%2Fv2%2Fcomments&post=52379"}],"version-history":[{"count":1,"href":"https:\/\/miradordeatarfe.es\/index.php?rest_route=\/wp\/v2\/posts\/52379\/revisions"}],"predecessor-version":[{"id":52381,"href":"https:\/\/miradordeatarfe.es\/index.php?rest_route=\/wp\/v2\/posts\/52379\/revisions\/52381"}],"wp:featuredmedia":[{"embeddable":true,"href":"https:\/\/miradordeatarfe.es\/index.php?rest_route=\/wp\/v2\/media\/52380"}],"wp:attachment":[{"href":"https:\/\/miradordeatarfe.es\/index.php?rest_route=%2Fwp%2Fv2%2Fmedia&parent=52379"}],"wp:term":[{"taxonomy":"category","embeddable":true,"href":"https:\/\/miradordeatarfe.es\/index.php?rest_route=%2Fwp%2Fv2%2Fcategories&post=52379"},{"taxonomy":"post_tag","embeddable":true,"href":"https:\/\/miradordeatarfe.es\/index.php?rest_route=%2Fwp%2Fv2%2Ftags&post=52379"}],"curies":[{"name":"wp","href":"https:\/\/api.w.org\/{rel}","templated":true}]}}