{"id":52382,"date":"2022-02-25T09:49:11","date_gmt":"2022-02-25T08:49:11","guid":{"rendered":"https:\/\/miradordeatarfe.es\/?p=52382"},"modified":"2022-02-25T16:04:45","modified_gmt":"2022-02-25T15:04:45","slug":"rtve-play-estrena-mama-el-corto-mas-conmovedor-que-opto-a-los-goya-2022","status":"publish","type":"post","link":"https:\/\/miradordeatarfe.es\/?p=52382","title":{"rendered":"RTVE Play estrena &#8216;Mama&#8217;, el corto m\u00e1s conmovedor que opt\u00f3 a los Goya 2022"},"content":{"rendered":"<div class=\"summary\">\n<h3 style=\"text-align: justify;\">La historia de una v\u00edctima de violencia sexual que se convierte en <strong>\u00abmadre\u00bb de beb\u00e9s chimpanc\u00e9s.\u00a0 <\/strong>Ganador del\u00a0<strong>premio RTVE al Mejor Corto\u00a0Iberoamericano<\/strong> en el Festival de Cine de Almer\u00eda. <strong><em>Mama\u00a0<\/em><\/strong>(2020)est\u00e1 nominado a Mejor Cortometraje Documental en los\u00a0<a href=\"https:\/\/www.rtve.es\/noticias\/los-goya\/\"><strong>premios Goya 2022<\/strong><\/a><\/h3>\n<p>&nbsp;<\/p>\n<\/div>\n<p style=\"text-align: justify;\">https:\/\/www.rtve.es\/play\/videos\/somos-cine\/mama-corto\/6274698\/<\/p>\n<div class=\"mainContent hid_email\">\n<div class=\"artBody\">\n<p style=\"text-align: justify;\">En el\u00a0<strong>coraz\u00f3n de la vibrante selva del Congo<\/strong>, entre la fauna salvaje, la guerrilla y las minas de diamantes, se encuentra una de las \u00faltimas trincheras seguras para los primates en extinci\u00f3n. Un peque\u00f1o territorio protegido del\u00a0<strong>Parque Nacional Kahuzi-Biega<\/strong>\u00a0cuyos habitantes,\u00a0<strong>Mama Zawadi y sus chimpanc\u00e9s<\/strong>, parecen llevar una vida que transcurre ajena a la realidad que acecha fuera: cazadores furtivos, tala de \u00e1rboles y\u00a0<a href=\"https:\/\/www.rtve.es\/noticias\/congo-guerra-sin-fin\/\">uno de los contextos m\u00e1s violentos y peligrosos\u00a0del mundo<\/a>.<\/p>\n<p style=\"text-align: justify;\"><strong>Pablo de la Chica<\/strong>, el director de\u00a0<strong><em>Mama\u00a0<\/em><\/strong>(2020),\u00a0<a href=\"https:\/\/www.rtve.es\/noticias\/los-goya\/\">el corto documental que aspira al\u00a0<strong>Goya 2022<\/strong><\/a>, era consciente de que ten\u00eda casi todo en contra cuando decidi\u00f3 adentrarse en la profundidad de aquellas tierras, en las que, adem\u00e1s,\u00a0<a href=\"https:\/\/www.rtve.es\/noticias\/20180514\/oms-confirma-39-infectados-entre-ya-hay-19-muertos-brote-ebola-congo\/1733533.shtml\">acababa de estallar un nuevo brote de \u00c9bola<\/a>. Pero hay historias que necesitan ser contadas, como la de Mama Zawadi di Balanza, una mujer que reconvirti\u00f3 las heridas de su pasado en un amor sanador por aquella especie en extinci\u00f3n.<\/p>\n<figure class=\"incluBox size_100 L\" style=\"text-align: justify;\">\n<div class=\"mediaBox imageBox\"><span class=\"ima H f_x_\"> <img decoding=\"async\" class=\"r16x9\" src=\"https:\/\/img2.rtve.es\/im\/6271230\/?w=900\" alt=\"Mama Zawadi y sus beb\u00e9s chimpanc\u00e9 en Lwiro\" \/> <\/span><\/div><figcaption>\n<p>Mama Zawadi y sus beb\u00e9s chimpanc\u00e9 en Lwiro<\/p>\n<\/figcaption><\/figure>\n<div class=\"section\" style=\"text-align: justify;\">\n<h3><span class=\"ladillo\">El cuerpo de las mujeres, un campo de batalla<\/span><\/h3>\n<p>V\u00edctima de tres agresiones sexuales, la primera cuando tan solo era ni\u00f1a, Zawadi es una de<strong>\u00a0<\/strong><a href=\"https:\/\/www.rtve.es\/play\/videos\/la-2-noticias\/2-noticias-congo\/4883860\/\"><strong>miles de mujeres que cada a\u00f1o sufren violaciones<\/strong>\u00a0en la Rep\u00fablica Democr\u00e1tica del Congo<\/a>. De la Chica conoci\u00f3 su historia a trav\u00e9s de\u00a0<strong>Lorena Aguirre<\/strong>\u00a0e\u00a0<strong>Itsaso V\u00e9lez<\/strong>, las dos mujeres al frente del\u00a0<strong><a href=\"https:\/\/www.lwiroprimates.org\/\">Centro de Rehabilitaci\u00f3n de Primates de Lwiro<\/a>\u00a0<\/strong>(CRPL).<\/p>\n<p>\u201cAl llegar a Lwiro, Mama Zawadi\u00a0nos estaba\u00a0esperando para abrir su coraz\u00f3n y narrarnos su historia de lucha y resiliencia, en uno de los lugares m\u00e1s oscuros del mundo\u201d, explica el director del corto. \u201cAll\u00ed,<strong>\u00a0entre tanta oscuridad y maldad humana, encontr\u00e9 en Mama Zawadi y sus beb\u00e9s chimpanc\u00e9s<\/strong>\u00a0una historia de lucha por buscar su lugar en el mundo, una historia real de luz y amor y, sobre todo, una historia que el mundo debe conocer\u201d.<\/p>\n<\/div>\n<div class=\"section\">\n<h3 style=\"text-align: justify;\"><span class=\"ladillo\">El amor como terapia<\/span><\/h3>\n<p style=\"text-align: justify;\">Al igual que muchos de los chimpanc\u00e9s que llegaban al santuario, hace cuatro a\u00f1os, Mama Zawadi lleg\u00f3 para superar su dolor y reconvertir sus experiencias traum\u00e1ticas en superaci\u00f3n. La conexi\u00f3n entre Zawadi y aquellos beb\u00e9s de primate fue muy profunda. \u201cNo hay mejor terapia que el amor\u201d, dice la psic\u00f3loga Aguirre en el documental. Mama es una conmovedora historia que viaja de la oscuridad a la luz, para revelar con delicadeza el poder curativo del amor entre los\u00a0<strong>seres humanos y los animales con los que compartimos el 98,8 % de nuestro ADN<\/strong>.<\/p>\n<p style=\"text-align: justify;\">La Republica Democr\u00e1tica del Congo, en la que De la chica estuvo rodando\u00a0<em>Mama<\/em>\u00a0durante 24 d\u00edas, es el pa\u00eds m\u00e1s importante para frenar la extinci\u00f3n del chimpanc\u00e9, pero el grave conflicto que vive el pa\u00eds desde hace d\u00e9cadas, junto al tr\u00e1fico ilegal y la perdida de \u00e1reas verdes, hace casi imposible su conservaci\u00f3n.\u00a0<strong>La segunda guerra de RDC acab\u00f3 en 2003, pero las heridas del conflicto siguen abiertas<\/strong>. A d\u00eda de hoy, las organizaciones internacionales estiman que hay decenas de grupos rebeldes que luchan por el control, el uso y el acceso a los recursos naturales del pa\u00eds.<\/p>\n<div class=\"incluBox L\" style=\"text-align: justify;\">\n<div class=\"mediaBox audioBox \" data-assetid=\"6010978_es_audios\" data-sust=\"true\" data-autoplay=\"true\" data-location=\"alacarta_videos\" data-related=\"true\" data-id=\"6010978\" data-config=\"{&quot;id&quot;:&quot;6010978&quot;,&quot;location&quot;:&quot;alacarta_videos&quot;,&quot;sust&quot;:true,&quot;autoplay&quot;:true,&quot;type&quot;:&quot;audio&quot;,&quot;csstype&quot;:&quot;audio&quot;,&quot;related&quot;:true,&quot;title&quot;:&quot;Las secuelas de las violencias sexuales en RDC&quot;,&quot;capitalizedType&quot;:&quot;Audio&quot;,&quot;alt&quot;:&quot;Cinco Continentes - Las secuelas de las violencias sexuales en RDC - Escuchar ahora&quot;,&quot;img&quot;:{&quot;large&quot;:{&quot;url&quot;:&quot;https:\/\/img2.rtve.es\/a\/6010978?w=1600&amp;preview=1626987603342.jpg&quot;,&quot;width&quot;:1600,&quot;media&quot;:&quot;(min-width: 1000px)&quot;},&quot;big&quot;:{&quot;url&quot;:&quot;https:\/\/img2.rtve.es\/a\/6010978?w=1200&amp;preview=1626987603342.jpg&quot;,&quot;width&quot;:1200,&quot;media&quot;:&quot;(max-width: 1200px)&quot;},&quot;normal&quot;:{&quot;url&quot;:&quot;https:\/\/img2.rtve.es\/a\/6010978?w=800&amp;preview=1626987603342.jpg&quot;,&quot;width&quot;:800,&quot;media&quot;:&quot;(max-width: 800px)&quot;},&quot;small&quot;:{&quot;url&quot;:&quot;https:\/\/img2.rtve.es\/a\/6010978?w=400&amp;preview=1626987603342.jpg&quot;,&quot;width&quot;:400,&quot;media&quot;:&quot;(max-width: 400px)&quot;},&quot;none&quot;:{&quot;url&quot;:&quot;&quot;,&quot;width&quot;:0,&quot;media&quot;:&quot;&quot;}},&quot;duration&quot;:&quot;10.59 min&quot;,&quot;url&quot;:&quot;https:\/\/www.rtve.es\/play\/audios\/cinco-continentes\/secuelas-violencias-sexuales-rdc\/6010978\/&quot;,&quot;date&quot;:{&quot;label&quot;:&quot;22.07.2021&quot;,&quot;key&quot;:&quot;2021-07-22&quot;},&quot;language&quot;:&quot;es&quot;,&quot;pubDest&quot;:&quot;general&quot;,&quot;pubState&quot;:{&quot;code&quot;:&quot;ENPUB&quot;,&quot;description&quot;:&quot;En publicaci\u00f3n&quot;},&quot;disableStripLayer&quot;:&quot;&quot;,&quot;mediaInfo&quot;:null,&quot;mediaConfig&quot;:{&quot;configUrl&quot;:&quot;\/api\/audios\/6010978\/config\/alacarta_videos.json&quot;,&quot;whitelistUrl&quot;:&quot;\/swf\/data\/whitelist.xml&quot;,&quot;propertiesPlayerUrl&quot;:&quot;\/swf\/v2\/playerConfig\/propertiesPlayer.xml&quot;,&quot;rtvePlayerSwfUrl&quot;:&quot;\/js\/swf\/RTVEPlayerJS.swf&quot;,&quot;ztnrFlashUrl&quot;:&quot;\/js\/swf\/z.swf&quot;,&quot;relacionadosRefUrl&quot;:&quot;\/api\/audios\/6010978\/relacionados.json&quot;,&quot;relatedByLangRefUrl&quot;:&quot;\/api\/audios\/6010978\/relacionados\/relacionados-por-idioma.json&quot;,&quot;adapter&quot;:false,&quot;fullAssetId&quot;:&quot;6010978_es_audios&quot;,&quot;ztnrMvlThumbUrl&quot;:&quot;\/ztnr\/movil\/thumbnail\/{idManager}\/audios\/6010978.png&quot;,&quot;lokiUrl&quot;:&quot;\/odin\/loki\/{chunk}\/&quot;,&quot;thumbnailerUrl&quot;:&quot;\/resources\/thumbnailer\/{hash}\/{id}\/L{levelId}_M{matrixId}.jpg&quot;,&quot;errorLayerClass&quot;:&quot;vjs-error-display&quot;,&quot;ageRangeInfo&quot;:{&quot;ageRangeUid&quot;:null,&quot;ageRangeDesc&quot;:&quot;&quot;,&quot;ageRangeCssClass&quot;:&quot;&quot;},&quot;audioSource&quot;:{&quot;src&quot;:&quot;https:\/\/mediavod-lvlt.rtve.es\/resources\/TE_SCINCOC\/mp3\/4\/9\/1626979837494.mp3&quot;,&quot;type&quot;:&quot;audio\/mpeg&quot;},&quot;cuepointsUrl&quot;:&quot;\/api\/audios\/6010978\/cuepoints.json&quot;,&quot;transcripcionUrl&quot;:&quot;\/api\/audios\/6010978\/transcripcion.json&quot;,&quot;promosURL&quot;:&quot;\/api\/audios\/6010978\/publicidad.json&quot;,&quot;mediaInfoConfig&quot;:{&quot;cssClass&quot;:&quot;textRel&quot;,&quot;hasMediaTextClass&quot;:&quot;hasMediaText&quot;}}}\" data-consumption=\"podcast\"><span class=\"ima T H f16x9\"> <img decoding=\"async\" title=\"Las secuelas de las violencias sexuales en RDC\" src=\"https:\/\/img2.rtve.es\/a\/6010978?w=800&amp;preview=1626987603342.jpg\" alt=\"Cinco Continentes - Las secuelas de las violencias sexuales en RDC - Escuchar ahora\" \/> <\/span> <a title=\"Audio: Las secuelas de las violencias sexuales en RDC\" href=\"https:\/\/www.rtve.es\/play\/audios\/cinco-continentes\/secuelas-violencias-sexuales-rdc\/6010978\/\"> <span class=\"ico play audio\"> <img data-recalc-dims=\"1\" decoding=\"async\" src=\"https:\/\/i0.wp.com\/img2.rtve.es\/css\/i\/blank.gif?w=640&#038;ssl=1\" alt=\"reproducir audio\" \/> <span class=\"duration\">10.59 min<\/span> <\/span> <\/a><\/div>\n<p><span class=\"figcaption\">Cinco Continentes &#8211; Las secuelas de las violencias sexuales en RDC &#8211; Escuchar ahora<\/span><\/div>\n<p style=\"text-align: justify;\">\u201cEl santuario de Lwiro\u00a0se sit\u00faa en uno de los lugares\u00a0m\u00e1s peligrosos del mundo,\u00a0<strong>hay m\u00e1s de 100 grupos rebeldes activos, eso significa que cada noche hacen incursiones en poblaciones civiles, violan, roban, mata<\/strong>n..\u201d, cuenta en el corto Lorena que junto a sus compa\u00f1eras est\u00e1 acostumbrada a lidiar con el ruido de tiroteos por la noche, procedentes de los\u00a0enfrentamientos entre los grupos rebeldes y el ej\u00e9rcito.<\/p>\n<p style=\"text-align: justify;\">Frente a las cazas furtivas, la salvaje destrucci\u00f3n de las \u00e1reas verdes y el conflicto armado, el santuario se erige como un oasis que transita la vida con otro pulso. Los pocos ejemplares que son rescatados son entregados al centro de Lwiro. All\u00ed llegaron hace algunos a\u00f1os chimpanc\u00e9s como Kalima, Busakara, Musa, Nishuli\u2026\u00a0<strong>decenas de beb\u00e9s a los que Mama Zawadi da nombre y acoge como a sus hijos<\/strong>. Los acuna en su pecho, les prepara el biber\u00f3n y les colma de amor. Un cari\u00f1o que viaja en las dos direcciones y que consigue que, aunque permanezcan imborrables, las heridas puedan sanar.<\/p>\n<figure class=\"incluBox size_100 L\" style=\"text-align: justify;\">\n<div class=\"mediaBox imageBox\"><span class=\"ima H f_x_\"> <img decoding=\"async\" class=\"r15x9\" src=\"https:\/\/img2.rtve.es\/im\/6271278\/?w=900\" alt=\"Kalima fue la primera chimpanc\u00e9 que cuid\u00f3 Mama Zawadi\" \/> <\/span><\/div><figcaption>\n<p>Kalima fue la primera chimpanc\u00e9 que cuid\u00f3 Mama Zawadi<\/p>\n<\/figcaption><\/figure>\n<p style=\"text-align: justify;\"><strong><em>Mama\u00a0<\/em><\/strong>(2020), disponible\u00a0en<strong>\u00a0<a href=\"https:\/\/www.rtve.es\/play\/\">RTVE Play<\/a><\/strong>, podr\u00eda lograr el Goya al Mejor Corto Documental en los pr\u00f3ximos premios Goya 2022, que se celebrar\u00e1 el 12 de febrero en Valencia. Se trata de la primera producci\u00f3n espa\u00f1ola que se incluye en la serie de documentales de\u00a0<em>The New Yorker<\/em>\u00a0y que ha ganado ya varios galardones.<\/p>\n<p style=\"text-align: justify;\">Entre ellos, el de Mejor Cortometraje Documental del Festival de Cine Madrid Integra 7arte; el\u00a0<strong>Premio RTVE al Mejor Cortometraje Iberoamericano en el Festival Internacional de Cine de Almer\u00eda<\/strong>; la Menci\u00f3n de Honor en Bannab\u00e1fest; el Best International Documentary Short en el Galway Film Fleadh &#8211; Shorts; y el Premio del Jurado y del P\u00fablico en el certamen de Cortos contra la Violencia de G\u00e9nero de Montaverner.<\/p>\n<p class=\"pubBox\"><time datetime=\"2022-01-07T10:00:00+01:00\"><span class=\"datpub\"><br \/>\n<\/span> <\/time><\/p>\n<div class=\"author \">Por<span class=\"name\"> <em> RAQUEL ELICES <\/em> <\/span><\/p>\n<p class=\"socialBlock\"><span class=\"ico twitt\"> <a class=\"xlinks\" role=\"link\" href=\"https:\/\/twitter.com\/REMediavilla\" target=\"_blank\" rel=\"author noopener\" aria-label=\"Este enlace se abre en nueva ventana\"> <img data-recalc-dims=\"1\" decoding=\"async\" src=\"https:\/\/i0.wp.com\/img2.rtve.es\/css\/i\/blank.gif?w=640&#038;ssl=1\" alt=\"Perfil de Twitter\" \/><\/a><\/span><!--more--><\/p>\n<\/div>\n<\/div>\n<\/div>\n<\/div>\n","protected":false},"excerpt":{"rendered":"<p>La historia de una v\u00edctima de violencia sexual que se convierte en \u00abmadre\u00bb de beb\u00e9s&#8230;<\/p>\n","protected":false},"author":1,"featured_media":52383,"comment_status":"closed","ping_status":"closed","sticky":false,"template":"","format":"standard","meta":{"_coblocks_attr":"","_coblocks_dimensions":"","_coblocks_responsive_height":"","_coblocks_accordion_ie_support":"","jetpack_post_was_ever_published":false,"_jetpack_newsletter_access":"","_jetpack_dont_email_post_to_subs":false,"_jetpack_newsletter_tier_id":0,"_jetpack_memberships_contains_paywalled_content":false,"_jetpack_memberships_contains_paid_content":false,"footnotes":"","jetpack_publicize_message":"","jetpack_publicize_feature_enabled":true,"jetpack_social_post_already_shared":true,"jetpack_social_options":{"image_generator_settings":{"template":"highway","default_image_id":0,"enabled":false},"version":2}},"categories":[1161,14,44,6937,15],"tags":[8957],"class_list":["post-52382","post","type-post","status-publish","format-standard","has-post-thumbnail","hentry","category-ciudadania","category-feminismo","category-noticias-de-hoy","category-sociedad","category-ultimas-noticias","tag-goya-2022"],"jetpack_publicize_connections":[],"jetpack_featured_media_url":"https:\/\/i0.wp.com\/miradordeatarfe.es\/wp-content\/uploads\/2022\/02\/1641546889093.jpg?fit=1920%2C1080&ssl=1","jetpack_likes_enabled":true,"jetpack_sharing_enabled":true,"_links":{"self":[{"href":"https:\/\/miradordeatarfe.es\/index.php?rest_route=\/wp\/v2\/posts\/52382","targetHints":{"allow":["GET"]}}],"collection":[{"href":"https:\/\/miradordeatarfe.es\/index.php?rest_route=\/wp\/v2\/posts"}],"about":[{"href":"https:\/\/miradordeatarfe.es\/index.php?rest_route=\/wp\/v2\/types\/post"}],"author":[{"embeddable":true,"href":"https:\/\/miradordeatarfe.es\/index.php?rest_route=\/wp\/v2\/users\/1"}],"replies":[{"embeddable":true,"href":"https:\/\/miradordeatarfe.es\/index.php?rest_route=%2Fwp%2Fv2%2Fcomments&post=52382"}],"version-history":[{"count":4,"href":"https:\/\/miradordeatarfe.es\/index.php?rest_route=\/wp\/v2\/posts\/52382\/revisions"}],"predecessor-version":[{"id":52591,"href":"https:\/\/miradordeatarfe.es\/index.php?rest_route=\/wp\/v2\/posts\/52382\/revisions\/52591"}],"wp:featuredmedia":[{"embeddable":true,"href":"https:\/\/miradordeatarfe.es\/index.php?rest_route=\/wp\/v2\/media\/52383"}],"wp:attachment":[{"href":"https:\/\/miradordeatarfe.es\/index.php?rest_route=%2Fwp%2Fv2%2Fmedia&parent=52382"}],"wp:term":[{"taxonomy":"category","embeddable":true,"href":"https:\/\/miradordeatarfe.es\/index.php?rest_route=%2Fwp%2Fv2%2Fcategories&post=52382"},{"taxonomy":"post_tag","embeddable":true,"href":"https:\/\/miradordeatarfe.es\/index.php?rest_route=%2Fwp%2Fv2%2Ftags&post=52382"}],"curies":[{"name":"wp","href":"https:\/\/api.w.org\/{rel}","templated":true}]}}