{"id":52401,"date":"2022-02-18T09:23:13","date_gmt":"2022-02-18T08:23:13","guid":{"rendered":"https:\/\/miradordeatarfe.es\/?p=52401"},"modified":"2022-02-17T17:27:09","modified_gmt":"2022-02-17T16:27:09","slug":"ultimos-dias-para-optar-a-mas-de-1-300-plazas-de-empleo-publico-en-andalucia","status":"publish","type":"post","link":"https:\/\/miradordeatarfe.es\/?p=52401","title":{"rendered":"\u00daltimos d\u00edas para optar a m\u00e1s de 1.300 plazas de empleo p\u00fablico en Andaluc\u00eda"},"content":{"rendered":"<h2 class=\"voc-sub-title\">Incluye tambi\u00e9n 40 bolsas de trabajo y becas<\/h2>\n<p class=\"voc-paragraph\" style=\"text-align: justify;\">Esta semana finalizan los plazos de presentaci\u00f3n de solicitudes en varios procesos selectivos en Andaluc\u00eda. En total, son 1.373 plazas de empleo p\u00fablico, 40 bolsas de trabajo y becas. En materia de trabajo, el SEPE ha dado a conocer los m\u00e1s de 2.000 empleos a tiempo parcial que oferta, con sueldos de hasta 24.000 euros a jornada parcial.<\/p>\n<p class=\"voc-paragraph\" style=\"text-align: justify;\">La fecha que figura en el plazo de presentaci\u00f3n tiene car\u00e1cter indicativo. Las solicitudes podr\u00e1n presentarse en el registro electr\u00f3nico de la administraci\u00f3n u organismo al que se dirijan, y restantes registros electr\u00f3nicos. Tambi\u00e9n en las oficinas de Correos, en las representaciones diplom\u00e1ticas u oficinas consulares de Espa\u00f1a en el extranjero y en las oficinas de asistencia en materia de registros<\/p>\n<h3 class=\"voc-paragraph\" style=\"text-align: justify;\">Las plazas convocadas son de muy diversa \u00edndole. Incluye Polic\u00eda Local, Enfermer\u00eda, Bomberos, Limpieza, Educadores, Psic\u00f3logos, Abogados&#8230; Para acceder a la relaci\u00f3n completa de puestos, puede consultarse en la web de <a href=\"https:\/\/andaluciaorienta.net\/esta-semana-1373-plazas-empleo-publico-40-bolsas-trabajo\" data-voc-vtm-id=\"in-text-traffic\">Andaluc\u00eda Orienta<\/a>.<\/h3>\n<p>&nbsp;<\/p>\n<p><strong>IDEAL<\/strong><\/p>\n<p>FOTO: <span class=\"voc-photo-caption\">Imagen de un polic\u00eda local, una de las profesiones incluidas. \/ <\/span><span class=\"voc-photo-author\">IDEAL<\/span><\/p>\n","protected":false},"excerpt":{"rendered":"<p>Incluye tambi\u00e9n 40 bolsas de trabajo y becas Esta semana finalizan los plazos de presentaci\u00f3n&#8230;<\/p>\n","protected":false},"author":1,"featured_media":52402,"comment_status":"closed","ping_status":"closed","sticky":false,"template":"","format":"standard","meta":{"_coblocks_attr":"","_coblocks_dimensions":"","_coblocks_responsive_height":"","_coblocks_accordion_ie_support":"","jetpack_post_was_ever_published":false,"_jetpack_newsletter_access":"","_jetpack_dont_email_post_to_subs":false,"_jetpack_newsletter_tier_id":0,"_jetpack_memberships_contains_paywalled_content":false,"_jetpack_memberships_contains_paid_content":false,"footnotes":"","jetpack_publicize_message":"","jetpack_publicize_feature_enabled":true,"jetpack_social_post_already_shared":true,"jetpack_social_options":{"image_generator_settings":{"template":"highway","default_image_id":0,"enabled":false},"version":2}},"categories":[1161,44,6937,15],"tags":[223,69],"class_list":["post-52401","post","type-post","status-publish","format-standard","has-post-thumbnail","hentry","category-ciudadania","category-noticias-de-hoy","category-sociedad","category-ultimas-noticias","tag-empleo","tag-oposiciones"],"jetpack_publicize_connections":[],"jetpack_featured_media_url":"https:\/\/i0.wp.com\/miradordeatarfe.es\/wp-content\/uploads\/2022\/02\/policialocal-k2KD-U160968957927lOH-624x385%40Ideal.jpg?fit=624%2C385&ssl=1","jetpack_likes_enabled":true,"jetpack_sharing_enabled":true,"_links":{"self":[{"href":"https:\/\/miradordeatarfe.es\/index.php?rest_route=\/wp\/v2\/posts\/52401","targetHints":{"allow":["GET"]}}],"collection":[{"href":"https:\/\/miradordeatarfe.es\/index.php?rest_route=\/wp\/v2\/posts"}],"about":[{"href":"https:\/\/miradordeatarfe.es\/index.php?rest_route=\/wp\/v2\/types\/post"}],"author":[{"embeddable":true,"href":"https:\/\/miradordeatarfe.es\/index.php?rest_route=\/wp\/v2\/users\/1"}],"replies":[{"embeddable":true,"href":"https:\/\/miradordeatarfe.es\/index.php?rest_route=%2Fwp%2Fv2%2Fcomments&post=52401"}],"version-history":[{"count":1,"href":"https:\/\/miradordeatarfe.es\/index.php?rest_route=\/wp\/v2\/posts\/52401\/revisions"}],"predecessor-version":[{"id":52403,"href":"https:\/\/miradordeatarfe.es\/index.php?rest_route=\/wp\/v2\/posts\/52401\/revisions\/52403"}],"wp:featuredmedia":[{"embeddable":true,"href":"https:\/\/miradordeatarfe.es\/index.php?rest_route=\/wp\/v2\/media\/52402"}],"wp:attachment":[{"href":"https:\/\/miradordeatarfe.es\/index.php?rest_route=%2Fwp%2Fv2%2Fmedia&parent=52401"}],"wp:term":[{"taxonomy":"category","embeddable":true,"href":"https:\/\/miradordeatarfe.es\/index.php?rest_route=%2Fwp%2Fv2%2Fcategories&post=52401"},{"taxonomy":"post_tag","embeddable":true,"href":"https:\/\/miradordeatarfe.es\/index.php?rest_route=%2Fwp%2Fv2%2Ftags&post=52401"}],"curies":[{"name":"wp","href":"https:\/\/api.w.org\/{rel}","templated":true}]}}