{"id":52404,"date":"2022-02-25T10:31:57","date_gmt":"2022-02-25T09:31:57","guid":{"rendered":"https:\/\/miradordeatarfe.es\/?p=52404"},"modified":"2022-02-22T13:35:35","modified_gmt":"2022-02-22T12:35:35","slug":"cuando-el-tiempo-engana-a-los-almendros","status":"publish","type":"post","link":"https:\/\/miradordeatarfe.es\/?p=52404","title":{"rendered":"Cuando el tiempo enga\u00f1a a los almendros"},"content":{"rendered":"<div class=\"a_c clearfix\">\n<h3 class=\"a_st\">Este \u00e1rbol \u201cenciende todas las alarmas\u201d de los expertos en cambio clim\u00e1tico, ya que adelanta su floraci\u00f3n a\u00f1o a a\u00f1o por los inviernos c\u00e1lidos y eso conlleva la p\u00e9rdida de cosechas y una menor producci\u00f3n y calidad<\/h3>\n<p style=\"text-align: justify;\">Un paseante curioso se detiene el 1 de febrero ante unos almendros del Retiro en Madrid y se pregunta si es normal que ya est\u00e9n en flor.No, es pronto, seg\u00fan las fechas medias del <a href=\"http:\/\/www.aemet.es\/es\/serviciosclimaticos\/datosclimatologicos\/fenologia\" target=\"_blank\" rel=\"noopener\" data-link-track-dtm=\"\">departamento de fenolog\u00eda<\/a> \u2015que estudia comportamientos de animales y plantas que se producen al comp\u00e1s del clima\u2015 de la Agencia Estatal de Meteorolog\u00eda (Aemet). En gran parte de Espa\u00f1a la floraci\u00f3n de este \u00e1rbol frutal tambi\u00e9n est\u00e1 siendo temprana, con adelantos de hasta un mes sobre lo que se considera normal, un fen\u00f3meno que se repite a\u00f1o a a\u00f1o en las \u00faltimas d\u00e9cadas. Las causas, seg\u00fan los expertos, est\u00e1n claras: los inviernos suaves que propicia el <a href=\"https:\/\/elpais.com\/noticias\/cambio-climatico\/\" target=\"_blank\" rel=\"noopener\" data-link-track-dtm=\"\">cambio clim\u00e1tico<\/a>. Las consecuencias son desastrosas.<\/p>\n<figure class=\"a_m a_m-h\" style=\"text-align: justify;\"><span class=\"_db a_m_w\"><img data-recalc-dims=\"1\" loading=\"lazy\" decoding=\"async\" class=\"_re lazyload a_m-h\" src=\"https:\/\/i0.wp.com\/imagenes.elpais.com\/resizer\/Ibc0orA9ftNGJJfQCyJjigz4SZs%3D\/414x0\/cloudfront-eu-central-1.images.arcpublishing.com\/prisa\/J4EYGM26PVCHHCQDQENH5U7DLE.jpg?resize=414%2C332&#038;ssl=1\" srcset=\"https:\/\/imagenes.elpais.com\/resizer\/Ibc0orA9ftNGJJfQCyJjigz4SZs=\/414x0\/cloudfront-eu-central-1.images.arcpublishing.com\/prisa\/J4EYGM26PVCHHCQDQENH5U7DLE.jpg 414w,https:\/\/imagenes.elpais.com\/resizer\/TC1y9_DlytEQzB0goCxPnGs5kHo=\/828x0\/cloudfront-eu-central-1.images.arcpublishing.com\/prisa\/J4EYGM26PVCHHCQDQENH5U7DLE.jpg 640w,https:\/\/imagenes.elpais.com\/resizer\/9BbLG7cdpQKYMWhPFhiSTPI5-9Q=\/980x0\/cloudfront-eu-central-1.images.arcpublishing.com\/prisa\/J4EYGM26PVCHHCQDQENH5U7DLE.jpg 1000w,https:\/\/imagenes.elpais.com\/resizer\/QZrJK8BAVdZAZ7Fo3RgpFt4JkZY=\/1960x0\/cloudfront-eu-central-1.images.arcpublishing.com\/prisa\/J4EYGM26PVCHHCQDQENH5U7DLE.jpg 1960w\" alt=\"Mapa elaborado por El Tiempo de TVE a partir de datos de fenol\u00f3gicos de Aemet muestra las isocronas de la floraci\u00f3n de este \u00e1rbol de la familia de las ros\u00e1ceas.\" width=\"414\" height=\"332\" \/><\/span><figcaption class=\"a_m_p\">Mapa elaborado por El Tiempo de TVE a partir de datos de fenol\u00f3gicos de Aemet muestra las isocronas de la floraci\u00f3n de este \u00e1rbol de la familia de las ros\u00e1ceas.<\/figcaption><\/figure>\n<p class=\"\" style=\"text-align: justify;\">\u201cEl tiempo enga\u00f1a a los almendros\u201d, resume Javier Cano, jefe de la Oficina Meteorol\u00f3gica de Defensa de Getafe, que lleva 40 a\u00f1os anotando en los mismos puntos de la capital la fecha de la eclosi\u00f3n del <i>Prunus dulcis<\/i>, un \u00e1rbol de la familia de las ros\u00e1ceas introducido hace 2.500 a\u00f1os y que anuncia la primavera al ser uno de los primeros en despuntar.<\/p>\n<p class=\"\" style=\"text-align: justify;\">\u201cEste a\u00f1o, las primeras flores se observaron el 29 de enero, nueve d\u00edas antes de lo normal. El pasado, 11 d\u00edas, a pesar de <a href=\"https:\/\/elpais.com\/noticias\/temporal-filomena\/\" target=\"_blank\" rel=\"noopener\" data-link-track-dtm=\"\"><i>Filomena<\/i><\/a>\u201d, detalla Cano. \u201cLa tendencia de 1981-2022 muestra un ligero adelantamiento\u201d, concluye, gr\u00e1fica en mano. De los \u00faltimos 12 a\u00f1os, en cinco ha sido muy temprana, con adelantos de hasta 22 d\u00edas, y en otros dos, temprana.<\/p>\n<figure class=\"a_m a_m-h\" style=\"text-align: justify;\"><span class=\"_db a_m_w\"><img data-recalc-dims=\"1\" loading=\"lazy\" decoding=\"async\" class=\"_re lazyload a_m-h\" src=\"https:\/\/i0.wp.com\/imagenes.elpais.com\/resizer\/2Ebuwd5PHQkZ9IGsxZJpu5dvOrM%3D\/414x0\/cloudfront-eu-central-1.images.arcpublishing.com\/prisa\/UWXI6AKF45DIJGCAMENYHKPXYQ.PNG?resize=414%2C227&#038;ssl=1\" srcset=\"https:\/\/imagenes.elpais.com\/resizer\/2Ebuwd5PHQkZ9IGsxZJpu5dvOrM=\/414x0\/cloudfront-eu-central-1.images.arcpublishing.com\/prisa\/UWXI6AKF45DIJGCAMENYHKPXYQ.PNG 414w,https:\/\/imagenes.elpais.com\/resizer\/BNMYpjvAAgjxYLV27wnv9xA31_s=\/828x0\/cloudfront-eu-central-1.images.arcpublishing.com\/prisa\/UWXI6AKF45DIJGCAMENYHKPXYQ.PNG 640w,https:\/\/imagenes.elpais.com\/resizer\/bjSdOAQNALsnh4QAQ87MnA2Vwc8=\/980x0\/cloudfront-eu-central-1.images.arcpublishing.com\/prisa\/UWXI6AKF45DIJGCAMENYHKPXYQ.PNG 1000w,https:\/\/imagenes.elpais.com\/resizer\/WPkR9sCEgLfIqc5LD2Hj4HxcfKE=\/1960x0\/cloudfront-eu-central-1.images.arcpublishing.com\/prisa\/UWXI6AKF45DIJGCAMENYHKPXYQ.PNG 1960w\" alt=\"Serie hist\u00f3rica de las fechas en las que se han observado los primeros almendros en flor en Madrid (periodo 1981-2022).\" width=\"414\" height=\"227\" \/><\/span><figcaption class=\"a_m_p\">Serie hist\u00f3rica de las fechas en las que se han observado los primeros almendros en flor en Madrid (periodo 1981-2022).<span class=\"a_m_m\">Javier Cano \/ Aemet<\/span><\/figcaption><\/figure>\n<p class=\"\" style=\"text-align: justify;\">Tambi\u00e9n en Madrid, el ingeniero agr\u00f3nomo Gilberto Segovia, que cuida los ejemplares de<a href=\"https:\/\/elpais.com\/ccaa\/2017\/08\/13\/madrid\/1502645839_303218.html\" target=\"_blank\" rel=\"noopener\" data-link-track-dtm=\"\"> La Quinta de Los Molinos<\/a>, est\u00e1 convencido de que, de tener cifras, apuntar\u00edan \u201ca una tendencia al adelanto en los \u00faltimos 50 a\u00f1os\u201d. \u201cEste a\u00f1o es de un par de semanas, una barbaridad, porque el invierno ha sido de risa\u201d, constata. Segovia nota una floraci\u00f3n m\u00e1s pobre, con un tama\u00f1o m\u00e1s peque\u00f1o, lo que har\u00e1 que la producci\u00f3n de polen sea m\u00e1s escasa.<\/p>\n<p class=\"\" style=\"text-align: justify;\">M\u00e1s datos. La <a href=\"https:\/\/www.meteo.cat\/wpweb\/climatologia\/el-clima-ara\/fenologia\/\" target=\"_blank\" rel=\"noopener\" data-link-track-dtm=\"\">red Fenocat <\/a>del Servicio Meteorol\u00f3gico de Catalu\u00f1a tiene en este \u00e1rbol una de sus dianas, con 25 puntos de recogida de datos desde 2013. Xavier de Yzaguirre, t\u00e9cnico de Fenocat, aclara que, de momento, no tienen conclusiones, ya que son necesarias series de 30 a\u00f1os. S\u00ed pueden aportar evidencias en un punto, Tivissa (Serra d\u2019Almos, Tarragona), donde el observador Josep Borrel lleva desde 1971 recopilando datos de su huerto. All\u00ed, la temperatura media ha aumentado 1,7\u00ba y la serie revela que la variedad largueta anticipa su floraci\u00f3n de manera constante \u201515 d\u00edas en 50 a\u00f1os\u2015, mientras que la ferragnes acumulaba cuatro d\u00edas por d\u00e9cada, pero los \u00faltimos cinco se ha estancado. De Yzaguirre advierte de que depende mucho de la variedad \u2015temprana o tard\u00eda\u2015 y de la ubicaci\u00f3n.<\/p>\n<figure class=\"a_m a_m-h\" style=\"text-align: justify;\"><span class=\"_db a_m_w\"><img data-recalc-dims=\"1\" loading=\"lazy\" decoding=\"async\" class=\"_re lazyload a_m-h\" src=\"https:\/\/i0.wp.com\/imagenes.elpais.com\/resizer\/Dyyy8ldYBiqXDjfBW2lZBhbOP6I%3D\/414x0\/cloudfront-eu-central-1.images.arcpublishing.com\/prisa\/TP745J2DOFFINBVPKBBTA3ROIA.png?resize=414%2C229&#038;ssl=1\" srcset=\"https:\/\/imagenes.elpais.com\/resizer\/Dyyy8ldYBiqXDjfBW2lZBhbOP6I=\/414x0\/cloudfront-eu-central-1.images.arcpublishing.com\/prisa\/TP745J2DOFFINBVPKBBTA3ROIA.png 414w,https:\/\/imagenes.elpais.com\/resizer\/2R67z2BEQe8vqf02PN6Kv6459dk=\/828x0\/cloudfront-eu-central-1.images.arcpublishing.com\/prisa\/TP745J2DOFFINBVPKBBTA3ROIA.png 640w,https:\/\/imagenes.elpais.com\/resizer\/46rBEiUcfxYMr4bhYOQcYWwN8GU=\/980x0\/cloudfront-eu-central-1.images.arcpublishing.com\/prisa\/TP745J2DOFFINBVPKBBTA3ROIA.png 1000w,https:\/\/imagenes.elpais.com\/resizer\/dVI3BAfZicsTAtzj8lOJQzAwttM=\/1960x0\/cloudfront-eu-central-1.images.arcpublishing.com\/prisa\/TP745J2DOFFINBVPKBBTA3ROIA.png 1960w\" alt=\"Gr\u00e1fica del adelanto de la floraci\u00f3n del almendro de variedad llargueta.\" width=\"414\" height=\"229\" \/><\/span><figcaption class=\"a_m_p\">Gr\u00e1fica del adelanto de la floraci\u00f3n del almendro de variedad llargueta.<span class=\"a_m_m\">Meteocat-Servei Meteorol\u00f2gic de Catalunya<\/span><\/figcaption><\/figure>\n<p class=\"\" style=\"text-align: justify;\">A grandes rasgos, cuanto m\u00e1s al sur y al este, antes florece. As\u00ed, en Baleares y Levante la fecha habitual es entre mediados y finales de enero; en la meseta sur, a mitad de febrero; mientras que en zonas m\u00e1s fr\u00edas, como Arag\u00f3n y Castilla y Le\u00f3n, se va a marzo; y en la cordillera Cant\u00e1brica, a primeros de abril.<\/p>\n<p class=\"\" style=\"text-align: justify;\">Los expertos apuntan a que las temperaturas y el solsticio son determinantes. En oto\u00f1o, cierra sus estomas (poros), se a\u00edsla para defenderse del invierno y entra en un estado de somnolencia. \u201cLo que despierta su reloj biol\u00f3gico es un <i>flash <\/i>fr\u00edo y, para que se produzca un normal desarrollo de las partes femenina y masculina, tiene que acumular un determinado fr\u00edo primero \u2015entre 100-500 horas por debajo de los 7\u00ba dependiendo de la variedad\u2015, y <a href=\"https:\/\/www.researchgate.net\/publication\/333395070_Chilling_accumulation_in_fruit_trees_in_Spain_under_climate_change\" target=\"_blank\" rel=\"noopener\" data-link-track-dtm=\"\">calor despu\u00e9s<\/a>\u201d, detalla Enrique Salvo, bot\u00e1nico y profesor de Ciencias Ambientales en la Universidad de M\u00e1laga.<\/p>\n<h3 class=\"\" style=\"text-align: justify;\">Un invierno caluroso<\/h3>\n<p class=\"\" style=\"text-align: justify;\">El almendro, ajeno a los calendarios, eclosiona porque ya ha sumado todo el fr\u00edo y el calor que necesita tras un <a href=\"https:\/\/elpais.com\/clima-y-medio-ambiente\/2022-01-10\/25-grados-en-invierno-bienvenidos-a-la-nueva-era-climatica.html\" target=\"_blank\" rel=\"noopener\" data-link-track-dtm=\"\">invierno suave<\/a>. \u201cEn <a href=\"http:\/\/www.aemet.es\/es\/noticias\/2022\/01\/diciembre_2021_resumen_clima\" target=\"_blank\" rel=\"noopener\" data-link-track-dtm=\"\">diciembre, las m\u00e1ximas fueron 1,9\u00ba m\u00e1s altas<\/a>, mientras que <a href=\"http:\/\/www.aemet.es\/es\/noticias\/2022\/02\/resumen_clima_enero_2022\" target=\"_blank\" rel=\"noopener\" data-link-track-dtm=\"\">en enero fueron las m\u00e1s altas desde que hay registros<\/a>, un 2,1\u00ba por encima. Tambi\u00e9n ha habido mucho contraste t\u00e9rmico, de nuevo el mayor de la historia, porque las m\u00ednimas fueron fr\u00edas, 0,7\u00ba por debajo de la media. <a href=\"https:\/\/elpais.com\/espana\/2022-02-10\/un-oasis-de-lluvia-a-partir-de-este-jueves-en-medio-de-la-sequia-meteorologica.html\" target=\"_blank\" rel=\"noopener\" data-link-track-dtm=\"\">Febrero sigue esta t\u00f3nica<\/a>, con un arranque con valores de abril y estos d\u00edas, de mayo\u201d, detalla Rub\u00e9n del Campo, portavoz de Aemet. El meteor\u00f3logo destaca la progresiva <i>primaverizaci\u00f3n<\/i> de los inviernos, \u201cuna clara consecuencia del calentamiento global\u201d. De los \u00faltimos seis, solo uno ha sido fr\u00edo, y el resto, c\u00e1lidos \u2014tres muy c\u00e1lidos y uno extremadamente c\u00e1lido\u2014.<\/p>\n<figure class=\"a_m a_m-v\" style=\"text-align: justify;\"><span class=\"_db a_m_w _pr lb_btn\"><img data-recalc-dims=\"1\" loading=\"lazy\" decoding=\"async\" class=\"_re lazyload a_m-v alignleft\" src=\"https:\/\/i0.wp.com\/imagenes.elpais.com\/resizer\/zx0k7RfyBEHEbadc23cvFVr2U8A%3D\/414x0\/cloudfront-eu-central-1.images.arcpublishing.com\/prisa\/V6YC6UXINJH5LDQK7VNTNNZQBA.jpeg?resize=414%2C622&#038;ssl=1\" srcset=\"https:\/\/imagenes.elpais.com\/resizer\/zx0k7RfyBEHEbadc23cvFVr2U8A=\/414x0\/cloudfront-eu-central-1.images.arcpublishing.com\/prisa\/V6YC6UXINJH5LDQK7VNTNNZQBA.jpeg 414w,https:\/\/imagenes.elpais.com\/resizer\/fPSm5_U43aG-4tQvbmrM6yEZbUI=\/828x0\/cloudfront-eu-central-1.images.arcpublishing.com\/prisa\/V6YC6UXINJH5LDQK7VNTNNZQBA.jpeg 640w,https:\/\/imagenes.elpais.com\/resizer\/txfXdruhXNwnxondpwUsW8Eqx3U=\/980x0\/cloudfront-eu-central-1.images.arcpublishing.com\/prisa\/V6YC6UXINJH5LDQK7VNTNNZQBA.jpeg 1000w,https:\/\/imagenes.elpais.com\/resizer\/8WyjsJR6GiO0kMBLKBF-TpOCCV4=\/1960x0\/cloudfront-eu-central-1.images.arcpublishing.com\/prisa\/V6YC6UXINJH5LDQK7VNTNNZQBA.jpeg 1960w\" alt=\"Flores por el suelo en la Quinta de los Molinos (Madrid), el d\u00eda 11.\" width=\"414\" height=\"622\" \/><\/span><figcaption class=\"a_m_p\">Flores por el suelo en la Quinta de los Molinos (Madrid), el d\u00eda 11.<span class=\"a_m_m\">Aitor Sol<\/span><\/figcaption><\/figure>\n<p class=\"\" style=\"text-align: justify;\">Los expertos en cambio clim\u00e1tico la consideran una especie \u201csem\u00e1foro\u201d, ya que estas \u201calteraciones significativas en su fenolog\u00eda hacen que se enciendan las alarmas\u201d, en palabras de Salvo. \u201cLo que le est\u00e1 ocurriendo no es normal. Es el indicador de cambio clim\u00e1tico m\u00e1s cercano, inmediato y que mejor podemos observar\u201d, asegura. Este bot\u00e1nico lo estudia en los valles del Guadalhorce y Guadalmedina, la sierra de las Nieves, la Axarqu\u00eda<i>, <\/i>Sevilla y C\u00f3rdoba. Su conclusi\u00f3n es que \u201cse est\u00e1 produciendo un adelanto muy significativo y constante\u201d. Este a\u00f1o en Guadalmedina florecieron a finales de diciembre, \u201ccasi un mes antes en una d\u00e9cada\u201d. \u201cEn los cinco biomas con clima mediterr\u00e1neo est\u00e1 pasado lo mismo\u201d, alerta.<\/p>\n<p class=\"\" style=\"text-align: justify;\">En Baleares, \u201cla percepci\u00f3n es de adelanto\u201d, aunque nadie lo est\u00e1 monitorizando, cuenta Jeroni Galm\u00e9s, catedr\u00e1tico de Fisiolog\u00eda Vegetal. Galm\u00e9s tampoco tiene ninguna duda de que <a href=\"https:\/\/www.sciencedirect.com\/science\/article\/abs\/pii\/S0168192320302446\" target=\"_blank\" rel=\"noopener\" data-link-track-dtm=\"\">\u201cse enmarca en los efectos del cambio clim\u00e1tico, que altera las condiciones ambientales y hace que el \u00e1rbol cambie su patr\u00f3n hormonal\u201d<\/a>. No le ocurre, ni mucho menos, solo al almendro: en el olivo se han documentado adelantos de 20 d\u00edas en dos d\u00e9cadas, destaca el bi\u00f3logo. \u201cHay modelos que intentan predecir su impacto en cada biorregi\u00f3n y apuntan a que <a href=\"https:\/\/www.boisestatepublicradio.org\/environment\/2021-08-10\/climate-change-almonds-idaho\" target=\"_blank\" rel=\"noopener\" data-link-track-dtm=\"\">se mover\u00e1 hacia el norte<\/a> en busca de zonas clim\u00e1ticamente id\u00f3neas\u201d, ya que en el sur no har\u00e1 bastante fr\u00edo, advierte Galm\u00e9s.<\/p>\n<p class=\"\" style=\"text-align: justify;\">Espa\u00f1a es el m\u00e1ximo productor de la UE con m\u00e1s de 718.000 hect\u00e1reas, de las que 638.000 son de secano, con Andaluc\u00eda, Castilla- La Mancha, Arag\u00f3n y Catalu\u00f1a como bastiones. Ahora, el gran temor es que <a href=\"https:\/\/elpais.com\/diario\/2004\/03\/03\/catalunya\/1078279652_850215.html\" target=\"_blank\" rel=\"noopener\" data-link-track-dtm=\"\">el fruto se pierda por heladas tard\u00edas<\/a>, que pueden producirse incluso en mayo. Para atajar estos problemas se est\u00e1n haciendo investigaciones gen\u00e9ticas con el fin de lograr variedades que florezcan en mayo y que sean capaces de adaptarse a temperaturas cada vez m\u00e1s altas.<\/p>\n<figure class=\"a_m a_m-h\" style=\"text-align: justify;\"><span class=\"_db a_m_w _pr lb_btn\"><img data-recalc-dims=\"1\" loading=\"lazy\" decoding=\"async\" class=\"_re lazyload a_m-h alignleft\" src=\"https:\/\/i0.wp.com\/imagenes.elpais.com\/resizer\/MeefnWaQ-cCZVD4XrC6DdV0EVZg%3D\/414x0\/cloudfront-eu-central-1.images.arcpublishing.com\/prisa\/EOJ4WVQVJNDN5IFYKM4WT55BXU.jpg?resize=414%2C231&#038;ssl=1\" srcset=\"https:\/\/imagenes.elpais.com\/resizer\/MeefnWaQ-cCZVD4XrC6DdV0EVZg=\/414x0\/cloudfront-eu-central-1.images.arcpublishing.com\/prisa\/EOJ4WVQVJNDN5IFYKM4WT55BXU.jpg 414w,https:\/\/imagenes.elpais.com\/resizer\/00u8Au1CLqfPncxly28oOw-UF3Y=\/828x0\/cloudfront-eu-central-1.images.arcpublishing.com\/prisa\/EOJ4WVQVJNDN5IFYKM4WT55BXU.jpg 640w,https:\/\/imagenes.elpais.com\/resizer\/yn1B33VoVOkTuTyvDDas4KBQnAY=\/980x0\/cloudfront-eu-central-1.images.arcpublishing.com\/prisa\/EOJ4WVQVJNDN5IFYKM4WT55BXU.jpg 1000w,https:\/\/imagenes.elpais.com\/resizer\/wQrEaG9cL9nZiNEWC7COwKsly8A=\/1960x0\/cloudfront-eu-central-1.images.arcpublishing.com\/prisa\/EOJ4WVQVJNDN5IFYKM4WT55BXU.jpg 1960w\" alt=\"Campo de almendros en flor, la primera semana de febrero en Sant Feliu de Llobregat (Barcelona).\" width=\"414\" height=\"231\" \/><\/span><figcaption class=\"a_m_p\">Campo de almendros en flor, la primera semana de febrero en Sant Feliu de Llobregat (Barcelona).<span class=\"a_m_m\">Xavier de Yzaguirre <\/span><\/figcaption><\/figure>\n<p class=\"\" style=\"text-align: justify;\">Otro efecto pernicioso es la falta de sincron\u00eda con los polinizadores, por lo que la producci\u00f3n puede verse reducida. \u201cA las abejas las pilla envejecidas en lugar de en el momento en el que est\u00e1n m\u00e1s activas y son m\u00e1s eficientes, y este \u00e1rbol necesita polinizaci\u00f3n cruzada, individuos fuertes y j\u00f3venes que puedan cargar con el polen y viajar a cierta distancia\u201d, indica Salvo. Tambi\u00e9n puede afectar a la calidad del fruto y de su cubierta, que se vende como pellet y que \u201cest\u00e1 perdiendo grosor\u201d, lo que le resta propiedades energ\u00e9ticas y expone al fruto a inclemencias, hongos y bacterias. La xylella fastidiosa ha producido una \u201cmortandad masiva\u201d en el este y centro de Mallorca, lamenta Galm\u00e9s. Destacan tambi\u00e9n las <a href=\"https:\/\/elpais.com\/clima-y-medio-ambiente\/2022-02-07\/la-falta-de-lluvias-y-el-descenso-del-agua-embalsada-acrecientan-el-miedo-a-la-sequia-en-espana.html\" target=\"_blank\" rel=\"noopener\" data-link-track-dtm=\"\">consecuencias de la sequ\u00eda<\/a>, que afecta a la capacidad de producir az\u00facar y de transportarla a las almendras.<\/p>\n<p class=\"\" style=\"text-align: justify;\">\u201cEs la versi\u00f3n moderna del truco del almendruco. Durante la Semana Santa, en la que no se pod\u00eda beber leche de vaca, se tomaba de almendra. Si ca\u00eda pronto, lo que se recog\u00eda era almendruco, con una alta concentraci\u00f3n de amigdalina, que le da un gran amargor, por lo que se le ten\u00eda que echar miel. Ahora, la fase del almendruco se ampl\u00eda, el fruto no madura lo que debe\u201d, alerta el profesor de M\u00e1laga. \u201cEs un desastre para los agricultores\u201d, afirma. Seg\u00fan la Mesa Nacional de Frutos Secos, el a\u00f1o pasado \u2015con un invierno a 0,7\u00ba por encima de la media y brotaci\u00f3n temprana\u2015 la producci\u00f3n cay\u00f3 un 12%, donde m\u00e1s en Baleares, la mitad. \u201cHubo heladas en el puente de San Jos\u00e9 y se llevaron muchos almendros. Este a\u00f1o, todo depende de las dos o tres semanas siguientes\u201d, reza Jos\u00e9 Ugarrio, t\u00e9cnico de Asaja.<\/p>\n<p class=\"\" style=\"text-align: justify;\">\u201cParece haber una tendencia clara hacia el adelanto de las floraciones en todo el mundo \u2015el a\u00f1o pasado los <a href=\"https:\/\/www.lavanguardia.com\/natural\/20210330\/6617043\/floracion-cerezos-japon-mas-temprana-1-200-anos-adivina-motivo.html\" target=\"_blank\" rel=\"noopener\" data-link-track-dtm=\"\">cerezos de Jap\u00f3n experimentaron su eclosi\u00f3n m\u00e1s temprana en 1.200 a\u00f1os<\/a>\u2015 y que es consecuencia del calentamiento global, pero hacen falta mayores estudios de sus causas y consecuencias\u201d, concluye el meteor\u00f3logo Jos\u00e9 Miguel Vi\u00f1as.<\/p>\n<p class=\"\" style=\"text-align: justify;\"><i>Puedes seguir a CLIMA Y MEDIO AMBIENTE en <\/i><a href=\"https:\/\/www.facebook.com\/elpaisclimaymedioambiente\" data-link-track-dtm=\"\"><i>Facebook<\/i><\/a><i> y <\/i><a href=\"https:\/\/twitter.com\/elpais_eco\" data-link-track-dtm=\"\"><i>Twitter<\/i><\/a><i>, o apuntarte aqu\u00ed para recibir <\/i><a href=\"https:\/\/plus.elpais.com\/newsletters\/lnp\/1\/391\" data-link-track-dtm=\"\"><i>nuestra newsletter semanal<\/i><\/a><\/p>\n<\/div>\n<section class=\"w w-sea\">\n<div class=\"w_b\">\n<div class=\"_g _g-xs\">\n<div class=\"w-sea_txt\">\n<div class=\"_df\">\n<div class=\"w-sea_txt_na\"><strong><a href=\"https:\/\/elpais.com\/autor\/victoria-torres-benayas\/\" rel=\"autor_bottom\">Victoria Torres Benayas<\/a><\/strong><\/div>\n<div class=\"w_rs_i\">\u00a0<\/div>\n<\/div>\n<p class=\"w-sea_txt_da\">Redactora de la secci\u00f3n de Madrid, tambi\u00e9n cubre la informaci\u00f3n meteorol\u00f3gica. Licenciada en Periodismo por la Universidad de Navarra, curs\u00f3 el m\u00e1ster Relaciones Internacionales y los pa\u00edses del Sur en la UCM. En EL PA\u00cdS desde el a\u00f1o 2000, donde ha pasado por portada web, \u00faltima hora y redes, adem\u00e1s de ser profesora de su escuela entre 2007 y 2014.<\/p>\n<\/div>\n<\/div>\n<\/div>\n<\/section>\n","protected":false},"excerpt":{"rendered":"<p>Este \u00e1rbol \u201cenciende todas las alarmas\u201d de los expertos en cambio clim\u00e1tico, ya que adelanta&#8230;<\/p>\n","protected":false},"author":1,"featured_media":52405,"comment_status":"closed","ping_status":"closed","sticky":false,"template":"","format":"standard","meta":{"_coblocks_attr":"","_coblocks_dimensions":"","_coblocks_responsive_height":"","_coblocks_accordion_ie_support":"","jetpack_post_was_ever_published":false,"_jetpack_newsletter_access":"","_jetpack_dont_email_post_to_subs":false,"_jetpack_newsletter_tier_id":0,"_jetpack_memberships_contains_paywalled_content":false,"_jetpack_memberships_contains_paid_content":false,"footnotes":"","jetpack_publicize_message":"","jetpack_publicize_feature_enabled":true,"jetpack_social_post_already_shared":true,"jetpack_social_options":{"image_generator_settings":{"template":"highway","default_image_id":0,"enabled":false},"version":2}},"categories":[1161,9,44,6937,15],"tags":[2119,1877],"class_list":["post-52404","post","type-post","status-publish","format-standard","has-post-thumbnail","hentry","category-ciudadania","category-medio-ambiente","category-noticias-de-hoy","category-sociedad","category-ultimas-noticias","tag-el-tiempo","tag-sequia"],"jetpack_publicize_connections":[],"jetpack_featured_media_url":"https:\/\/i0.wp.com\/miradordeatarfe.es\/wp-content\/uploads\/2022\/02\/QZEPCTSQJZEKTEBYFZS4VL4F4I.jpeg?fit=1960%2C1307&ssl=1","jetpack_likes_enabled":true,"jetpack_sharing_enabled":true,"_links":{"self":[{"href":"https:\/\/miradordeatarfe.es\/index.php?rest_route=\/wp\/v2\/posts\/52404","targetHints":{"allow":["GET"]}}],"collection":[{"href":"https:\/\/miradordeatarfe.es\/index.php?rest_route=\/wp\/v2\/posts"}],"about":[{"href":"https:\/\/miradordeatarfe.es\/index.php?rest_route=\/wp\/v2\/types\/post"}],"author":[{"embeddable":true,"href":"https:\/\/miradordeatarfe.es\/index.php?rest_route=\/wp\/v2\/users\/1"}],"replies":[{"embeddable":true,"href":"https:\/\/miradordeatarfe.es\/index.php?rest_route=%2Fwp%2Fv2%2Fcomments&post=52404"}],"version-history":[{"count":1,"href":"https:\/\/miradordeatarfe.es\/index.php?rest_route=\/wp\/v2\/posts\/52404\/revisions"}],"predecessor-version":[{"id":52406,"href":"https:\/\/miradordeatarfe.es\/index.php?rest_route=\/wp\/v2\/posts\/52404\/revisions\/52406"}],"wp:featuredmedia":[{"embeddable":true,"href":"https:\/\/miradordeatarfe.es\/index.php?rest_route=\/wp\/v2\/media\/52405"}],"wp:attachment":[{"href":"https:\/\/miradordeatarfe.es\/index.php?rest_route=%2Fwp%2Fv2%2Fmedia&parent=52404"}],"wp:term":[{"taxonomy":"category","embeddable":true,"href":"https:\/\/miradordeatarfe.es\/index.php?rest_route=%2Fwp%2Fv2%2Fcategories&post=52404"},{"taxonomy":"post_tag","embeddable":true,"href":"https:\/\/miradordeatarfe.es\/index.php?rest_route=%2Fwp%2Fv2%2Ftags&post=52404"}],"curies":[{"name":"wp","href":"https:\/\/api.w.org\/{rel}","templated":true}]}}