{"id":52423,"date":"2022-02-19T09:27:47","date_gmt":"2022-02-19T08:27:47","guid":{"rendered":"https:\/\/miradordeatarfe.es\/?p=52423"},"modified":"2022-02-18T12:31:56","modified_gmt":"2022-02-18T11:31:56","slug":"el-consejo-de-ministros-aprobo-la-ley-de-proteccion-animal-y-la-nueva-ley-de-la-ciencia","status":"publish","type":"post","link":"https:\/\/miradordeatarfe.es\/?p=52423","title":{"rendered":"El Consejo de Ministros aprob\u00f3 la ley de protecci\u00f3n animal y la nueva ley de la ciencia"},"content":{"rendered":"<header>\n<h3 style=\"text-align: justify;\">El texto fija como uno de los puntos claves el sacrificio cero, es decir, no se podr\u00e1 sacrificar a animales de compa\u00f1\u00eda. La ley de la ciencia busca mejorar la carrera profesional, dotarla de mayor estabilidad y reducir las cargas administrativas<\/h3>\n<\/header>\n<div class=\"cnt-txt\">\n<p style=\"text-align: justify;\">El Consejo de Ministros ha aprobado este viernes la ley de protecci\u00f3n animal, que regula la relaci\u00f3n con los animales de compa\u00f1\u00eda y responde al sentir de la sociedad para no tolerar el maltrato, el abandono y el sacrificio de los animales. La aprobaci\u00f3n de la futura norma, del Ministerio de Derechos Sociales y Agenda 2030, fijar\u00e1 como uno de los puntos claves el sacrificio cero, es decir, no se podr\u00e1 sacrificar a animales de compa\u00f1\u00eda.<\/p>\n<p style=\"text-align: justify;\">Adem\u00e1s, pondr\u00e1 fin a la comercializaci\u00f3n de animales en las tiendas de mascotas, as\u00ed como a su exhibici\u00f3n y exposici\u00f3n al p\u00fablico con fines comerciales, mientras que la cr\u00eda solo podr\u00e1 llevarse a cabo por criadores autorizados.<\/p>\n<p style=\"text-align: justify;\">Otro de los apartados incluidos en la citada norma alude a la prohibici\u00f3n de pr\u00e1cticas que provoquen sufrimiento en los animales, como por ejemplo, el uso de collares el\u00e9ctricos o pinchos o la posibilidad de llevarlos atados a un veh\u00edculo en marcha. El hasta ahora anteproyecto de la ley, que abri\u00f3 el plazo de informaci\u00f3n publica el pasado 6 de octubre, establece un r\u00e9gimen sancionador en el que se distinguen tres tipos diferentes de faltas -leves, graves y muy graves- y que podr\u00eda llegar hasta los 600.000 euros.<\/p>\n<p style=\"text-align: justify;\">Tambi\u00e9n prev\u00e9 medidas accesorias para los incumplimientos que pueden dar lugar al decomiso del animal y su entrega a una entidad de protecci\u00f3n, as\u00ed como la posibilidad de inhabilitar al propietario de la tenencia de animales \u00abpor un periodo m\u00e1ximo de cinco a\u00f1os para las infracciones graves y de cinco a diez a\u00f1os para las muy graves\u00bb.<\/p>\n<h3 style=\"text-align: justify;\">El Gobierno aprobar\u00e1 la nueva ley de ciencia<\/h3>\n<p style=\"text-align: justify;\">El Consejo de Ministros aprueba hoy el proyecto de ley de la ciencia que busca mejorar la carrera profesional, dotarla de mayor estabilidad, reducir las cargas administrativas y reforzar la transferencia de conocimiento.<\/p>\n<p style=\"text-align: justify;\">Adem\u00e1s, la reforma, en una disposici\u00f3n adicional, garantiza la financiaci\u00f3n p\u00fablica estable en I+D+i y su crecimiento hasta alcanzar en 2030 una inversi\u00f3n del 1,25 % del PIB -ahora est\u00e1 en el 0,58 %-, acorde a las metas marcadas por la Comisi\u00f3n Europea y tal y como se recoge en el borrador del pacto por la ciencia.<\/p>\n<p style=\"text-align: justify;\">El texto modifica la Ley de la Ciencia, la Tecnolog\u00eda y la Innovaci\u00f3n de 2011 y llega este viernes a la mesa del Consejo de Ministros tras la finalizaci\u00f3n del tr\u00e1mite de audiencia p\u00fablica, en el que asociaciones, sociedades cient\u00edficas e investigadores a t\u00edtulo individual han presentado m\u00e1s de 4.000 comentarios, muchos de ellos sobre la indemnizaci\u00f3n a los predoctorales por finalizaci\u00f3n de contrato.<\/p>\n<p style=\"text-align: justify;\">Tras la aprobaci\u00f3n se iniciar\u00e1 su tr\u00e1mite parlamentario, donde el Gobierno espera recabar \u00abel m\u00e1ximo de los consensos\u00bb.<\/p>\n<p style=\"text-align: justify;\">Uno de los objetivos principales de la nueva norma es mejorar la carrera profesional, para lo que introduce una nueva modalidad contractual laboral indefinida; este contrato no necesitar\u00e1 autorizaci\u00f3n previa si dispone de financiaci\u00f3n externa o de convocatorias de concurrencia competitiva.<\/p>\n<p style=\"text-align: justify;\">El proyecto tambi\u00e9n contempla medidas para los cient\u00edficos m\u00e1s j\u00f3venes -doctorandos o investigadores predoctorales-, a los que reconoce el derecho a la indemnizaci\u00f3n por despido de 12 d\u00edas de salario por a\u00f1o trabajado.<\/p>\n<p style=\"text-align: justify;\">Este derecho, tal y como confirm\u00f3 recientemente la ministra de Ciencia e Innovaci\u00f3n, Diana Morant, ser\u00e1 tambi\u00e9n para los contratos vigentes a la entrada en vigor de la nueva ley.<\/p>\n<p style=\"text-align: justify;\">El texto apuesta asimismo por reforzar la transferencia de conocimiento y, entre otras medidas, reconoce que las actividades de transferencia de resultados de investigaci\u00f3n deber\u00e1n considerarse un concepto evaluable a efectos retributivos y de promoci\u00f3n.<\/p>\n<p style=\"text-align: justify;\">La norma refuerza adem\u00e1s la transversalidad de g\u00e9nero, con estructuras y acciones espec\u00edficas para erradicar las desigualdades en la I+D+i.<\/p>\n<p style=\"text-align: justify;\"><strong>CADENA SER<\/strong><\/p>\n<p><iframe loading=\"lazy\" title=\"YouTube video player\" src=\"https:\/\/www.youtube.com\/embed\/SMV16KnZKf4\" width=\"560\" height=\"315\" frameborder=\"0\" allowfullscreen=\"allowfullscreen\" data-mce-fragment=\"1\"><\/iframe><\/p>\n<\/div>\n","protected":false},"excerpt":{"rendered":"<p>El texto fija como uno de los puntos claves el sacrificio cero, es decir, no&#8230;<\/p>\n","protected":false},"author":1,"featured_media":52424,"comment_status":"closed","ping_status":"closed","sticky":false,"template":"","format":"standard","meta":{"_coblocks_attr":"","_coblocks_dimensions":"","_coblocks_responsive_height":"","_coblocks_accordion_ie_support":"","jetpack_post_was_ever_published":false,"_jetpack_newsletter_access":"","_jetpack_dont_email_post_to_subs":false,"_jetpack_newsletter_tier_id":0,"_jetpack_memberships_contains_paywalled_content":false,"_jetpack_memberships_contains_paid_content":false,"footnotes":"","jetpack_publicize_message":"","jetpack_publicize_feature_enabled":true,"jetpack_social_post_already_shared":true,"jetpack_social_options":{"image_generator_settings":{"template":"highway","default_image_id":0,"enabled":false},"version":2}},"categories":[1161,44,6937,15],"tags":[53,8962],"class_list":["post-52423","post","type-post","status-publish","format-standard","has-post-thumbnail","hentry","category-ciudadania","category-noticias-de-hoy","category-sociedad","category-ultimas-noticias","tag-ciencia","tag-cuidado-animal"],"jetpack_publicize_connections":[],"jetpack_featured_media_url":"https:\/\/i0.wp.com\/miradordeatarfe.es\/wp-content\/uploads\/2022\/02\/Diferencia-entre-ciencia-y-disciplina.jpg?fit=900%2C600&ssl=1","jetpack_likes_enabled":true,"jetpack_sharing_enabled":true,"_links":{"self":[{"href":"https:\/\/miradordeatarfe.es\/index.php?rest_route=\/wp\/v2\/posts\/52423","targetHints":{"allow":["GET"]}}],"collection":[{"href":"https:\/\/miradordeatarfe.es\/index.php?rest_route=\/wp\/v2\/posts"}],"about":[{"href":"https:\/\/miradordeatarfe.es\/index.php?rest_route=\/wp\/v2\/types\/post"}],"author":[{"embeddable":true,"href":"https:\/\/miradordeatarfe.es\/index.php?rest_route=\/wp\/v2\/users\/1"}],"replies":[{"embeddable":true,"href":"https:\/\/miradordeatarfe.es\/index.php?rest_route=%2Fwp%2Fv2%2Fcomments&post=52423"}],"version-history":[{"count":1,"href":"https:\/\/miradordeatarfe.es\/index.php?rest_route=\/wp\/v2\/posts\/52423\/revisions"}],"predecessor-version":[{"id":52425,"href":"https:\/\/miradordeatarfe.es\/index.php?rest_route=\/wp\/v2\/posts\/52423\/revisions\/52425"}],"wp:featuredmedia":[{"embeddable":true,"href":"https:\/\/miradordeatarfe.es\/index.php?rest_route=\/wp\/v2\/media\/52424"}],"wp:attachment":[{"href":"https:\/\/miradordeatarfe.es\/index.php?rest_route=%2Fwp%2Fv2%2Fmedia&parent=52423"}],"wp:term":[{"taxonomy":"category","embeddable":true,"href":"https:\/\/miradordeatarfe.es\/index.php?rest_route=%2Fwp%2Fv2%2Fcategories&post=52423"},{"taxonomy":"post_tag","embeddable":true,"href":"https:\/\/miradordeatarfe.es\/index.php?rest_route=%2Fwp%2Fv2%2Ftags&post=52423"}],"curies":[{"name":"wp","href":"https:\/\/api.w.org\/{rel}","templated":true}]}}