{"id":52437,"date":"2022-02-21T11:00:21","date_gmt":"2022-02-21T10:00:21","guid":{"rendered":"https:\/\/miradordeatarfe.es\/?p=52437"},"modified":"2022-02-20T14:26:35","modified_gmt":"2022-02-20T13:26:35","slug":"atarfe-se-unira-a-la-prestacion-conjunta-del-taxi-con-la-capital","status":"publish","type":"post","link":"https:\/\/miradordeatarfe.es\/?p=52437","title":{"rendered":"ATARFE SE UNIR\u00c1 A LA PRESTACI\u00d3N CONJUNTA DEL TAXI CON LA CAPITAL"},"content":{"rendered":"<header class=\"single-new-header\">\n<h3 class=\"single-title\" style=\"text-align: justify;\">El Ayuntamiento de GRANADA regula el \u00e1rea de prestaci\u00f3n conjunta del taxi de Granada e incorporar\u00e1 nuevos municipios<\/h3>\n<p class=\"single-subtitle\" style=\"text-align: justify;\">Tras la aprobaci\u00f3n de las normas complementaria, a Maracena, Cenes de la Vega, Pulianas y Peligros se unir\u00edan Albolote, Alfacar, Ahend\u00edn, <strong>Atarfe,<\/strong> Churriana de la Vega, Og\u00edjares y V\u00edznar<\/p>\n<\/header>\n<section>\n<div class=\"row single-new-content\">\n<div class=\"col-md-8 content-left\">\n<div class=\"single-new-content\">\n<p style=\"text-align: justify;\">La Junta de Gobierno Local da el visto bueno a la aprobaci\u00f3n definitiva de las normas complementarias del \u00e1rea territorial de la prestaci\u00f3n conjunta de transporte de viajeros en taxis, por lo que una vez se de cuenta al Pleno de febrero de este acuerdo, el Ayuntamiento de Granada iniciar\u00e1 el procedimiento para la integraci\u00f3n de nuevos municipios a este servicio.<ins id=\"revive-0-2\" data-revive-zoneid=\"48\" data-revive-id=\"3675e576db6d1cc6cb6554b6e5954dc7\" data-revive-seq=\"2\" data-revive-loaded=\"1\"><\/ins><\/p>\n<p style=\"text-align: justify;\">As\u00ed lo ha informado la concejala de Movilidad y Protecci\u00f3n Ciudadana, Raquel Ruz, quien en la comparecencia de prensa ofrecida tras la celebraci\u00f3n de la Junta de Gobierno Local, en la que ha estado acompa\u00f1ada por Miguel \u00c1ngel Fern\u00e1ndez Madrid, edil de Urbanismo y Obra P\u00fablica, ha informado de que en la actualidad Granada dispone de <strong>siete solicitudes<\/strong> de municipios interesados en integrar esta <strong>\u00e1rea de prestaci\u00f3n conjunta de taxis,<\/strong> entre los que se encuentran <strong>Alhend\u00edn, Atarfe, Alfacar, Albolote, Churriana de la Vega, Og\u00edjares y V\u00edznar.<\/strong> A su vez, ha indicado que <strong>H\u00faetor Vega<\/strong> ha iniciado los tr\u00e1mites para solicitar su integraci\u00f3n en dicha \u00e1rea de prestaci\u00f3n conjunta del taxi.<\/p>\n<p>FOTO: Parada de taxis en Granada capital | Foto: Javi Gea<\/p>\n<\/div>\n<\/div>\n<\/div>\n<\/section>\n","protected":false},"excerpt":{"rendered":"<p>El Ayuntamiento de GRANADA regula el \u00e1rea de prestaci\u00f3n conjunta del taxi de Granada e&#8230;<\/p>\n","protected":false},"author":1,"featured_media":52438,"comment_status":"closed","ping_status":"closed","sticky":false,"template":"","format":"standard","meta":{"_coblocks_attr":"","_coblocks_dimensions":"","_coblocks_responsive_height":"","_coblocks_accordion_ie_support":"","jetpack_post_was_ever_published":false,"_jetpack_newsletter_access":"","_jetpack_dont_email_post_to_subs":false,"_jetpack_newsletter_tier_id":0,"_jetpack_memberships_contains_paywalled_content":false,"_jetpack_memberships_contains_paid_content":false,"footnotes":"","jetpack_publicize_message":"","jetpack_publicize_feature_enabled":true,"jetpack_social_post_already_shared":true,"jetpack_social_options":{"image_generator_settings":{"template":"highway","default_image_id":0,"enabled":false},"version":2}},"categories":[2,6916,1161,7671,15],"tags":[129,4909],"class_list":["post-52437","post","type-post","status-publish","format-standard","has-post-thumbnail","hentry","category-atarfe","category-ayuntamiento-de-atarfe","category-ciudadania","category-politica","category-ultimas-noticias","tag-granada","tag-taxi"],"jetpack_publicize_connections":[],"jetpack_featured_media_url":"https:\/\/i0.wp.com\/miradordeatarfe.es\/wp-content\/uploads\/2022\/02\/FOTOS-Trafico-bus-metro-y-taxis-8-1010x673-1.jpg?fit=1010%2C673&ssl=1","jetpack_likes_enabled":true,"jetpack_sharing_enabled":true,"_links":{"self":[{"href":"https:\/\/miradordeatarfe.es\/index.php?rest_route=\/wp\/v2\/posts\/52437","targetHints":{"allow":["GET"]}}],"collection":[{"href":"https:\/\/miradordeatarfe.es\/index.php?rest_route=\/wp\/v2\/posts"}],"about":[{"href":"https:\/\/miradordeatarfe.es\/index.php?rest_route=\/wp\/v2\/types\/post"}],"author":[{"embeddable":true,"href":"https:\/\/miradordeatarfe.es\/index.php?rest_route=\/wp\/v2\/users\/1"}],"replies":[{"embeddable":true,"href":"https:\/\/miradordeatarfe.es\/index.php?rest_route=%2Fwp%2Fv2%2Fcomments&post=52437"}],"version-history":[{"count":1,"href":"https:\/\/miradordeatarfe.es\/index.php?rest_route=\/wp\/v2\/posts\/52437\/revisions"}],"predecessor-version":[{"id":52439,"href":"https:\/\/miradordeatarfe.es\/index.php?rest_route=\/wp\/v2\/posts\/52437\/revisions\/52439"}],"wp:featuredmedia":[{"embeddable":true,"href":"https:\/\/miradordeatarfe.es\/index.php?rest_route=\/wp\/v2\/media\/52438"}],"wp:attachment":[{"href":"https:\/\/miradordeatarfe.es\/index.php?rest_route=%2Fwp%2Fv2%2Fmedia&parent=52437"}],"wp:term":[{"taxonomy":"category","embeddable":true,"href":"https:\/\/miradordeatarfe.es\/index.php?rest_route=%2Fwp%2Fv2%2Fcategories&post=52437"},{"taxonomy":"post_tag","embeddable":true,"href":"https:\/\/miradordeatarfe.es\/index.php?rest_route=%2Fwp%2Fv2%2Ftags&post=52437"}],"curies":[{"name":"wp","href":"https:\/\/api.w.org\/{rel}","templated":true}]}}