{"id":52440,"date":"2022-02-23T08:23:24","date_gmt":"2022-02-23T07:23:24","guid":{"rendered":"https:\/\/miradordeatarfe.es\/?p=52440"},"modified":"2022-02-19T22:08:10","modified_gmt":"2022-02-19T21:08:10","slug":"la-pandemia-provoca-que-la-esperanza-de-vida-se-reduzca-en-un-ano-para-los-andaluces-segun-aguirre","status":"publish","type":"post","link":"https:\/\/miradordeatarfe.es\/?p=52440","title":{"rendered":"La pandemia provoca que la esperanza de vida se reduzca en \u00abun a\u00f1o\u00bb para los andaluces, seg\u00fan Aguirre"},"content":{"rendered":"<h3 class=\"single-subtitle\" style=\"text-align: justify;\">El responsable de Salud ha agregado que la previsi\u00f3n es que \u00abde aqu\u00ed a 15 d\u00edas\u00bb haya una \u00absituaci\u00f3n estable\u00bb, dado el volumen de vacunados<\/h3>\n<p style=\"text-align: justify;\">El consejero de Salud y Familias, Jes\u00fas Aguirre, ha lamentado que los dos a\u00f1os vividos con la pandemia por coronavirus, que ha sido \u00abun tsunami\u00bb, ha provocado que la esperanza de vida de los andaluces se reduzca en \u00abun a\u00f1o\u00bb, todo ello como consecuencia de los \u00abmiles de fallecidos\u00bb a los que \u00abno les tocaba\u00bb morir todav\u00eda y que lo han hecho a consecuencia del Covid-19.<ins id=\"revive-0-2\" data-revive-zoneid=\"48\" data-revive-id=\"3675e576db6d1cc6cb6554b6e5954dc7\" data-revive-seq=\"2\" data-revive-loaded=\"1\"><\/ins><\/p>\n<p style=\"text-align: justify;\">As\u00ed se ha expresado Aguirre este viernes en C\u00f3rdoba en la conferencia-coloquio &#8216;El modelo de Andaluc\u00eda en el abordaje de la pandemia&#8217;, en el marco del &#8216;Foro ABC C\u00f3rdoba&#8217;, donde ha afirmado, respecto a la evoluci\u00f3n de la pandemia, que en este momento \u00abno se atisban grandes nubarrones\u00bb, lo que le hace esperar una Semana Santa \u00abtranquila\u00bb con la llegada de una \u00abfase de estabilidad\u00bb, pero no de \u00abnormalidad\u00bb.<\/p>\n<div id=\"beacon_b6ed85c720\"><ins id=\"revive-0-4\" data-revive-zoneid=\"106\" data-revive-id=\"3675e576db6d1cc6cb6554b6e5954dc7\" data-revive-seq=\"4\" data-revive-loaded=\"1\"><img loading=\"lazy\" decoding=\"async\" src=\"https:\/\/track.adform.net\/adfserve\/?bn=52969846;1x1inv=1;srctype=3;ord=[timestamp]\" width=\"1\" height=\"1\" border=\"0\" \/><\/ins>En este sentido, el responsable de Salud ha agregado que la previsi\u00f3n es que \u00abde aqu\u00ed a 15 d\u00edas\u00bb haya una \u00absituaci\u00f3n estable\u00bb, dado que el volumen de ciudadanos vacunados con la pauta completa en Andaluc\u00eda es del \u00ab94,5%\u00bb entre los mayores de 12 a\u00f1os, \u00abm\u00e1s los andaluces que han adquirido la inmunidad natural\u00bb, y que la variante \u00d3micron \u00abest\u00e1 perdiendo efecto\u00bb, por lo que el problema ser\u00eda que apareciera \u00abuna variante nueva, ah\u00ed tendremos que tener cuidado\u00bb.<img loading=\"lazy\" decoding=\"async\" src=\"https:\/\/granadadigitaladserver.granadadigital.es\/www\/delivery\/lg.php?bannerid=0&amp;campaignid=0&amp;zoneid=36&amp;loc=https%3A%2F%2Fwww.granadadigital.es%2Fpandemia-covid-19-coronavirus-provoca-esperanza-vida-reduzca-un-ano-andaluces-segun-jesus-aguirre%2F&amp;cb=b6ed85c720\" alt=\"\" width=\"0\" height=\"0\" \/><\/div>\n<div class=\"code-block code-block-70b1b7fc60ecf882f79eef3c3eb82c3d code-block-40 ai-viewport-1 ai-viewport-2\" style=\"text-align: justify;\">\u00a0<\/div>\n<p style=\"text-align: justify;\">La sexta ola ha estado \u00abmuy cargada sobre la Atenci\u00f3n Primaria\u00bb, que ahora est\u00e1 en \u00abcifras de normalidad\u00bb, pues, tal y como ha detallado el consejero, \u00abel pico m\u00e1ximo de demora en Atenci\u00f3n Primaria fue el 28 de diciembre, con 5,87 d\u00edas de demora para ser atendido por el m\u00e9dico de familia, mientras que actualmente se encuentra en tres d\u00edas\u00bb, que es la media estad\u00edstica, a igual que ha ocurrido en las consultas telef\u00f3nicas.<\/p>\n<p style=\"text-align: justify;\"><ins id=\"revive-0-8\" data-revive-zoneid=\"107\" data-revive-id=\"3675e576db6d1cc6cb6554b6e5954dc7\" data-revive-seq=\"8\" data-revive-loaded=\"1\"><\/ins>La evoluci\u00f3n de esta ola hizo que el Comit\u00e9 de Expertos recomendara \u00abm\u00ednimas restricciones\u00bb debido a que \u00abel contagio era m\u00e1s a nivel de familias, por lo que no hab\u00eda que tomar medidas restrictivas\u00bb, excepto el pasaporte Covid, que ya ha deca\u00eddo y que ha funcionado como \u00abacicate para reticentes a la vacunaci\u00f3n\u00bb, consiguiendo \u00abdoblar el numero de personas que fueron a vacunarse\u00bb.<\/p>\n<p style=\"text-align: justify;\"><ins id=\"revive-0-11\" data-revive-zoneid=\"86\" data-revive-id=\"3675e576db6d1cc6cb6554b6e5954dc7\" data-revive-seq=\"11\" data-revive-loaded=\"1\"><\/ins>En este contexto, Aguirre se ha referido tambi\u00e9n a \u00abla supresi\u00f3n de medidas excepcionales como la tramitaci\u00f3n autom\u00e1tica de la baja laboral\u00bb, medida que se tom\u00f3 para evitar el colapso de la Atenci\u00f3n Primaria. \u00abAhora, cualquiera que se haga un test para dar la positividad de una baja le hacemos la confirmaci\u00f3n en el Sistema Sanitario P\u00fablico de Andaluc\u00eda\u00bb.<\/p>\n<p style=\"text-align: justify;\">La demora en Atenci\u00f3n Primaria conllev\u00f3 \u00abla puesta en marcha del Plan de Respuesta Adaptada a la Incidencia de Covid-19\u00bb con el objetivo de \u00abincrementar la capacidad de repuesta para disminuir las demoras\u00bb, al que se \u00abdedicaron 15 millones que van a ser aumentados\u00bb, ha subrayado.<\/p>\n<p style=\"text-align: justify;\">En este sentido, el consejero ha lamentado que \u00abes muy dif\u00edcil encontrar m\u00e9dicos para su contrataci\u00f3n como m\u00e9dicos de familia\u00bb, motivo por el que, \u00abpara abordar la presi\u00f3n asistencial\u00bb se recurri\u00f3 a la \u00abcontrataci\u00f3n de personal sanitario que se encontraba en la bolsa del Servicio Andaluz de Salud (SAS)\u00bb, con \u00ab97 m\u00e9dicos, 251 enfermeras y 39 profesionales de auxiliar administrativos\u00bb.<\/p>\n<p style=\"text-align: justify;\">\u00abAl no haber m\u00e9dicos en bolsa\u00bb, ha continuado, se les ofreci\u00f3 una \u00abjornada extraordinaria\u00bb que \u00abel 17,8% de m\u00e9dicos de Atenci\u00f3n Primaria\u00bb han aceptado. Hasta la fecha, \u00abse han autorizado 10.279 jornadas extraordinarias de cuatro horas como forma de amortiguar el d\u00e9ficit\u00bb de personal, adem\u00e1s de estar \u00abcontratando a m\u00e9dicos extracomunitarios con el t\u00edtulo de medicina general pero no de familia y m\u00e9dicos de la zona del Magreb, debido a la necesidad que tenemos\u00bb.<\/p>\n<p style=\"text-align: justify;\">\u00abSe ha implementado la figura del referente escolar con 400 profesionales enfermeras gestoras todas vinculadas a los colegios\u00bb y un total de 83 \u00abpara integrar en el sistema sociosanitario en las residencias de mayores\u00bb. \u00abHemos reorganizado todos los circuitos sanitarios, poniendo en marcha la consulta de acogida, que hasta ahora ha llevado a cabo \u00ab58.051\u00bb atenciones.<\/p>\n<h3 style=\"text-align: justify;\">Europa apuesta por Andaluc\u00eda<\/h3>\n<p style=\"text-align: justify;\">\u00abTodas estas medidas est\u00e1n integradas en el plan que ha asumido el Gobierno de la Naci\u00f3n\u00bb, ha recalcado Aguirre, celebrando que tambi\u00e9n \u00abEuropa ha apostado por el modelo de Atenci\u00f3n Sanitaria de Andaluc\u00eda\u00bb para extender el \u00abmodelo que hemos puesto en marcha teniendo en cuenta el d\u00e9ficit de profesionales que tenemos al resto de los pa\u00edses europeos\u00bb.<\/p>\n<p style=\"text-align: justify;\">Respecto al sistema de &#8216;Salud Responde&#8217;, el consejero ha se\u00f1alado que tiene \u00abuna media de 30.000 a 45.000 llamadas diarias\u00bb, mientras que en la parte \u00e1lgida de diciembre y enero eran \u00ab300.000 llamadas diarias, es imposible gestionarlo\u00bb. A d\u00eda de hoy, \u00abestamos en una media de 99,87 de llamadas a Salud Responde con un tiempo medio de espera de 3,44 segundos\u00bb y de \u00ab13,39 segundos de espera m\u00e1xima\u00bb.<\/p>\n<p style=\"text-align: justify;\">Asimismo, Aguirre ha puesto en valor que \u00abestamos reconstruyendo la sanidad p\u00fablica y la Atenci\u00f3n Primaria, y gran parte de las medidas van a pasar a ser estructurales\u00bb, todo ello despu\u00e9s de que en dos a\u00f1os haya habido \u00ab81.700 andaluces ingresados por Covid-19, m\u00e1s de 10.100 ingresos en UCI y 10.847 fallecidos estando hospitalizados\u00bb.<\/p>\n<p style=\"text-align: justify;\">Adem\u00e1s, se han realizado \u00abm\u00e1s de nueve millones de pruebas diagn\u00f3sticas de Covid-19\u00bb y hay \u00ab1.558 camas de hospitalizaci\u00f3n m\u00e1s de las que hab\u00eda en 2019\u00bb, mientras que \u00aba nivel UCI son 490 camas m\u00e1s\u00bb y \u00abun 20% m\u00e1s de profesionales sanitarios m\u00e1s que al principio de la pandemia y 17,5 millones de dosis puestas\u00bb.<\/p>\n<h3 style=\"text-align: justify;\">Gestiones de &#8216;Salud Responde&#8217;<\/h3>\n<p style=\"text-align: justify;\">&#8216;Salud Responde&#8217; ha pasado de resolver 48,8 millones de gestiones en 2019 a 70,4 en 2021, una subida del 44,1%\u00bb. Las llamadas han pasado \u00abde 9,1 a 19,6 millones\u00bb, y se ha incrementado en un 18,3% los operadores. As\u00ed, son el promedio de usuarios atendidos por tel\u00e9fono ha cambiado de \u00ab80.000 a 112.000\u00bb, mientras que la &#8216;app&#8217; ha pasado 36,6 a 53,2 millones. Adem\u00e1s, se han solicitado \u00ab461.000 bajas laborales\u00bb a trav\u00e9s de este servicio.<\/p>\n<p style=\"text-align: justify;\">Con respecto a las lista de espera quir\u00fargica, Aguirre ha resaltado que \u00abhemos bajado en 23.000 pacientes gracias a los gerentes hospitalarios\u00bb y los planes de contingencia de los hospitales\u00bb. Igualmente, \u00ablos pacientes fuera de plazo\u00bb, es decir, con m\u00e1s de 365 d\u00edas en lista, \u00abhan bajado en 10.816\u00bb.<\/p>\n<h3 style=\"text-align: justify;\">Mascarillas en las aulas<\/h3>\n<p style=\"text-align: justify;\">En respuesta a preguntas de los periodistas, el consejero ha se\u00f1alado que la decisi\u00f3n acerca del uso de las mascarillas en las aulas \u00abla toma el Gobierno central\u00bb pero, en su opini\u00f3n, \u00aben Andaluc\u00eda es un poquito precipitado\u00bb pues \u00abla franja de cero a cinco y de cinco a once a\u00f1os son de las de m\u00e1s incidencia acumulada\u00bb y se evaluar\u00e1 en marzo. As\u00ed, insistido en la importancia de la vacunaci\u00f3n a los ni\u00f1os de cinco a once a\u00f1os.<\/p>\n<p style=\"text-align: justify;\">Por otro lado, acerca de la posible bajada de los d\u00edas de aislamiento de los siete actuales a cinco, el consejero ha afirmado que a\u00fan hay que esperar \u00abevidencias cient\u00edficas\u00bb y, en cualquier caso, se abordar\u00e1 en el Consejo Interterritorial, pues deber\u00eda \u00abser una medida cohesionada\u00bb por todas las comunidades.<\/p>\n<h3 style=\"text-align: justify;\">Cuarta dosis<\/h3>\n<p style=\"text-align: justify;\">Con relaci\u00f3n al ofrecimiento de colaboraci\u00f3n de la sanidad privada, Aguirre ha afirmado que es \u00abimportante sumar con ellos\u00bb, porque \u00abla sanidad es \u00fanica, para todos\u00bb, mientras que ante la posibilidad de una cuarta dosis frente al Covid-19 Aguirre ha dicho que \u00abse est\u00e1 estudiando\u00bb una dosis de recuerdo a poblaciones diana de mayor riesgo, pero est\u00e1 a la espera de la Agencia Europea del Medicamento.<\/p>\n<p style=\"text-align: justify;\">Para concluir, el consejero ha afirmado que diciembre, enero y febrero son los meses \u00abdonde m\u00e1s aumenta la mortalidad\u00bb, pero entra en la \u00abmortalidad esperada\u00bb, proporcional a la que hab\u00eda en el a\u00f1o 2018 o 2019. Para concluir, ha detallado que el \u00ab80%\u00bb de los fallecidos contagiados \u00abmueren de Covid-19\u00bb, mientras que el \u00ab20% con Covid-19\u00bb pero por otros motivos.<\/p>\n","protected":false},"excerpt":{"rendered":"<p>El responsable de Salud ha agregado que la previsi\u00f3n es que \u00abde aqu\u00ed a 15&#8230;<\/p>\n","protected":false},"author":1,"featured_media":52441,"comment_status":"closed","ping_status":"closed","sticky":false,"template":"","format":"standard","meta":{"_coblocks_attr":"","_coblocks_dimensions":"","_coblocks_responsive_height":"","_coblocks_accordion_ie_support":"","jetpack_post_was_ever_published":false,"_jetpack_newsletter_access":"","_jetpack_dont_email_post_to_subs":false,"_jetpack_newsletter_tier_id":0,"_jetpack_memberships_contains_paywalled_content":false,"_jetpack_memberships_contains_paid_content":false,"footnotes":"","jetpack_publicize_message":"","jetpack_publicize_feature_enabled":true,"jetpack_social_post_already_shared":true,"jetpack_social_options":{"image_generator_settings":{"template":"highway","default_image_id":0,"enabled":false},"version":2}},"categories":[2,1161,7149,44,15,10],"tags":[8965,8966,55],"class_list":["post-52440","post","type-post","status-publish","format-standard","has-post-thumbnail","hentry","category-atarfe","category-ciudadania","category-coronavirus","category-noticias-de-hoy","category-ultimas-noticias","category-salud","tag-atencion-medica","tag-esperan-za-de-vida","tag-salud"],"jetpack_publicize_connections":[],"jetpack_featured_media_url":"https:\/\/i0.wp.com\/miradordeatarfe.es\/wp-content\/uploads\/2022\/02\/fotonoticia_20211214143829_1920.jpg?fit=1920%2C1282&ssl=1","jetpack_likes_enabled":true,"jetpack_sharing_enabled":true,"_links":{"self":[{"href":"https:\/\/miradordeatarfe.es\/index.php?rest_route=\/wp\/v2\/posts\/52440","targetHints":{"allow":["GET"]}}],"collection":[{"href":"https:\/\/miradordeatarfe.es\/index.php?rest_route=\/wp\/v2\/posts"}],"about":[{"href":"https:\/\/miradordeatarfe.es\/index.php?rest_route=\/wp\/v2\/types\/post"}],"author":[{"embeddable":true,"href":"https:\/\/miradordeatarfe.es\/index.php?rest_route=\/wp\/v2\/users\/1"}],"replies":[{"embeddable":true,"href":"https:\/\/miradordeatarfe.es\/index.php?rest_route=%2Fwp%2Fv2%2Fcomments&post=52440"}],"version-history":[{"count":1,"href":"https:\/\/miradordeatarfe.es\/index.php?rest_route=\/wp\/v2\/posts\/52440\/revisions"}],"predecessor-version":[{"id":52442,"href":"https:\/\/miradordeatarfe.es\/index.php?rest_route=\/wp\/v2\/posts\/52440\/revisions\/52442"}],"wp:featuredmedia":[{"embeddable":true,"href":"https:\/\/miradordeatarfe.es\/index.php?rest_route=\/wp\/v2\/media\/52441"}],"wp:attachment":[{"href":"https:\/\/miradordeatarfe.es\/index.php?rest_route=%2Fwp%2Fv2%2Fmedia&parent=52440"}],"wp:term":[{"taxonomy":"category","embeddable":true,"href":"https:\/\/miradordeatarfe.es\/index.php?rest_route=%2Fwp%2Fv2%2Fcategories&post=52440"},{"taxonomy":"post_tag","embeddable":true,"href":"https:\/\/miradordeatarfe.es\/index.php?rest_route=%2Fwp%2Fv2%2Ftags&post=52440"}],"curies":[{"name":"wp","href":"https:\/\/api.w.org\/{rel}","templated":true}]}}