{"id":52452,"date":"2022-02-20T11:16:02","date_gmt":"2022-02-20T10:16:02","guid":{"rendered":"https:\/\/miradordeatarfe.es\/?p=52452"},"modified":"2022-02-20T11:16:31","modified_gmt":"2022-02-20T10:16:31","slug":"granada-sale-a-la-calle-a-defender-la-sanidad-publica","status":"publish","type":"post","link":"https:\/\/miradordeatarfe.es\/?p=52452","title":{"rendered":"Granada sale a la calle a defender la sanidad p\u00fablica"},"content":{"rendered":"<h3>Una gran manifestaci\u00f3n por el centro de la capital clama por una atenci\u00f3n sanitaria \u00abdigna y de calidad\u00bb, mermada por los recortes a un personal sanitario ya al l\u00edmite, y que est\u00e1 sufriendo la ciudadan\u00eda, especialmente en unos centros de salud colapsados<\/h3>\n<div class=\"blq-img mainImg\">\n<div class=\"txt\">\n<div class=\"pie\">Cabecera de la manifestaci\u00f3n al iniciar su marcha en Reyes Cat\u00f3licos.<\/div>\n<\/div>\n<\/div>\n<div class=\"cuerpo\">\n<p>La ciudadan\u00eda de Granada ha salido a la calle este s\u00e1bado para defender la sanidad p\u00fablica, deteriorada hasta l\u00edmites casi inhumanos, impropios de un pa\u00eds que se considera avanzado y que presume de un estado del bienestar que se ha ca\u00eddo por los suelos en lo que a la atenci\u00f3n primaria se refiere.<\/p>\n<p>Citas para ver al m\u00e9dico de familia a m\u00e1s de dos semanas vista, colas en los centros de salud, urgencias saturadas por personas que acuden, desesperadas, ante la imposibilidad de que les atienda a tiempo su m\u00e9dico; profesionales sanitarios al l\u00edmite ya de sus fuerzas, f\u00edsicas y psicol\u00f3gicas, con una plantilla mermada y escasa de manera cr\u00f3nica&#8230;\u00a0<\/p>\n<p>Son muchos los motivos para salir a la calle a defender una atenci\u00f3n sanitaria p\u00fablica digna y de calidad. La movilizaci\u00f3n, convocada por los sindicatos CCOO y UGT, y apoyada por medio centenar de organizaciones sociales, plataformas, colectivos y partidos pol\u00edticos, ha partido desde Puerta Real para dirigirse por Reyes Cat\u00f3licos y Gran V\u00eda hasta la sede de la Junta en Granada, bajo el lema \u2018Es tu derecho\u2019, y se ha desarrollado al mismo tiempo en las ocho capitales andaluzas.<\/p>\n<div class=\"media media-element-container media-default\">\n<div id=\"file-76296\" class=\"file file-image file-image-jpeg\">\n<div class=\"content\"><img data-recalc-dims=\"1\" loading=\"lazy\" decoding=\"async\" class=\"media-element file-default\" src=\"https:\/\/i0.wp.com\/www.elindependientedegranada.es\/sites\/default\/files\/c13.jpg?resize=640%2C418&#038;ssl=1\" alt=\"\" width=\"640\" height=\"418\" data-delta=\"13\" \/><\/div>\n<\/div>\n<\/div>\n<p class=\"pie\">Una de las pancartas alerta de que los recortes en sanidad \u00abmatan\u00bb.\u00a0<\/p>\n<h4>\u00abMuchas personas est\u00e1n sufriendo\u00bb<\/h4>\n<p>Al inicio de la manifestaci\u00f3n, el secretario general de CCOO Granada, Daniel Mesa, ha afirmado que \u00abmuchas personas est\u00e1n viendo deteriorada su vida, su salud y est\u00e1n sufriendo\u00bb ante la falta de atenci\u00f3n sanitaria, especialmente en atenci\u00f3n primaria, \u00aby no tienen dinero para pagar la sanidad privada\u00bb. Ha acusado al Gobierno de la Junta de \u00abpretender la privatizaci\u00f3n\u00bb del sistema p\u00fablica sanitario y ha recordado que la sanidad \u00abes un derecho constitucional y del estatuto de autonom\u00eda\u00bb.\u00a0<\/p>\n<p>Por su parte, el l\u00edder provincial de UGT, Juan Francisco Mart\u00edn, ha incidido en que el medio rural \u00abse queda sin m\u00e9dicos\u00bb y se ha preguntado \u00abqu\u00e9 pasar\u00e1 cuando a 12.000 sanitarios les cumplan sus contratos\u00bb. \u00abEs una pena que los profesionales de la sanidad andaluza se tengan que ir a otras provincias y otros pa\u00edses\u00bb, ha dicho Mart\u00edn, porque \u00abaqu\u00ed se les hace contratos de d\u00edas, una semana, un mes y eso no es reforzar la sanidad andaluza\u00bb, ha apuntado Daniel Mesa, de CCOO.\u00a0<\/p>\n<div class=\"divdest\">\n<div class=\"media media-element-container media-default\">\n<div id=\"file-76284\" class=\"file file-image file-image-jpeg\">\n<h2 class=\"element-invisible\"><img data-recalc-dims=\"1\" loading=\"lazy\" decoding=\"async\" class=\"media-element file-default\" src=\"https:\/\/i0.wp.com\/www.elindependientedegranada.es\/sites\/default\/files\/c1.jpg?resize=640%2C441&#038;ssl=1\" alt=\"\" width=\"640\" height=\"441\" data-delta=\"1\" \/> <img data-recalc-dims=\"1\" loading=\"lazy\" decoding=\"async\" class=\"media-element file-default\" src=\"https:\/\/i0.wp.com\/www.elindependientedegranada.es\/sites\/default\/files\/c2.jpg?resize=640%2C480&#038;ssl=1\" alt=\"\" width=\"640\" height=\"480\" data-delta=\"2\" \/><\/h2>\n<\/div>\n<\/div>\n\n<div class=\"media media-element-container media-default\">\n<div id=\"file-76286\" class=\"file file-image file-image-jpeg\">\n<div class=\"content\"><img data-recalc-dims=\"1\" loading=\"lazy\" decoding=\"async\" class=\"media-element file-default\" src=\"https:\/\/i0.wp.com\/www.elindependientedegranada.es\/sites\/default\/files\/c3.jpg?resize=635%2C513&#038;ssl=1\" alt=\"\" width=\"635\" height=\"513\" data-delta=\"3\" \/><img data-recalc-dims=\"1\" loading=\"lazy\" decoding=\"async\" class=\"media-element file-default\" src=\"https:\/\/i0.wp.com\/www.elindependientedegranada.es\/sites\/default\/files\/c11.jpg?resize=639%2C378&#038;ssl=1\" alt=\"\" width=\"639\" height=\"378\" data-delta=\"4\" \/><\/div>\n<\/div>\n<\/div>\n<div class=\"media media-element-container media-default\">\n<div class=\"content\">\n<h2 class=\"element-invisible\"><img data-recalc-dims=\"1\" loading=\"lazy\" decoding=\"async\" class=\"media-element file-default\" src=\"https:\/\/i0.wp.com\/www.elindependientedegranada.es\/sites\/default\/files\/c8.jpg?resize=640%2C480&#038;ssl=1\" alt=\"\" width=\"640\" height=\"480\" data-delta=\"5\" \/> <img data-recalc-dims=\"1\" loading=\"lazy\" decoding=\"async\" class=\"media-element file-default\" src=\"https:\/\/i0.wp.com\/www.elindependientedegranada.es\/sites\/default\/files\/c5.jpg?resize=640%2C480&#038;ssl=1\" alt=\"\" width=\"640\" height=\"480\" data-delta=\"6\" \/><\/h2>\n<\/div>\n<\/div>\n<p><strong>La manifestaci\u00f3n<\/strong> ha contado con una nutrida participaci\u00f3n ciudadana, en la que se han exhibido pancartas de protesta, alusivas a los recortes sanitarios y a las dificultades para ser atendidos de una forma digna por la sanidad p\u00fablica que todos pagamos.\u00a0<\/div>\n<div class=\"divdest\">\n<div class=\"media media-element-container media-default\">\n<div class=\"content\">\n<h2 class=\"element-invisible\"><img data-recalc-dims=\"1\" loading=\"lazy\" decoding=\"async\" class=\"media-element file-default\" src=\"https:\/\/i0.wp.com\/www.elindependientedegranada.es\/sites\/default\/files\/c9.jpg?resize=640%2C480&#038;ssl=1\" alt=\"\" width=\"640\" height=\"480\" data-delta=\"7\" \/> <img data-recalc-dims=\"1\" loading=\"lazy\" decoding=\"async\" class=\"media-element file-default\" src=\"https:\/\/i0.wp.com\/www.elindependientedegranada.es\/sites\/default\/files\/c6.jpg?resize=640%2C442&#038;ssl=1\" alt=\"\" width=\"640\" height=\"442\" data-delta=\"8\" \/><\/h2>\n<\/div>\n<\/div>\n<div class=\"media media-element-container media-default\">\n<div id=\"file-76292\" class=\"file file-image file-image-jpeg\">\n<div class=\"content\"><img data-recalc-dims=\"1\" loading=\"lazy\" decoding=\"async\" class=\"media-element file-default\" src=\"https:\/\/i0.wp.com\/www.elindependientedegranada.es\/sites\/default\/files\/c12.jpg?resize=635%2C472&#038;ssl=1\" alt=\"\" width=\"635\" height=\"472\" data-delta=\"9\" \/> \u00a0\u00a0 <img data-recalc-dims=\"1\" loading=\"lazy\" decoding=\"async\" class=\"media-element file-default\" src=\"https:\/\/i0.wp.com\/www.elindependientedegranada.es\/sites\/default\/files\/c4.jpg?resize=640%2C480&#038;ssl=1\" alt=\"\" width=\"640\" height=\"480\" data-delta=\"12\" \/><\/div>\n<\/div>\n<\/div>\n<p>Adem\u00e1s de la presencia de afiliados y simpatizantes de UGT y CCOO, las dos organizaciones convocantes, la protesta ha estado apoyada por medio centenar de <strong>asociaciones, plataformas y colectivos sociales,<\/strong> que han mostrado su reivindicaci\u00f3n de una atenci\u00f3n de calidad, porque \u00abla sanidad p\u00fablica no se vende\u00bb, como dice uno de sus lemas.<\/div>\n<p><strong>La Sanidad P\u00fablica andaluza, en una situaci\u00f3n cr\u00edtica<\/strong><\/p>\n<p>La Mesa en Defensa de la Sanidad P\u00fablica, una de las organizaciones participantes en la protesta, ha mostrado esta semana en un comunicado la necesidad de dotar a la Sanidad P\u00fablica andaluza de un presupuesto \u201csuficiente\u201d( superior a 12278 M\u20ac) y que se devuelva progresivamente los recortes que desde 2010 se vienen realizando teniendo en cuenta el crecimiento de la poblaci\u00f3n andaluza y, sobre todo, de la poblaci\u00f3n de m\u00e1s de 64 a\u00f1os que es la que m\u00e1s recursos sanitarios va a necesitar.<\/p>\n<p>Un presupuesto que tiene que poder hacer frente al deterioro rampante de la Sanidad P\u00fablica, y prioritariamente, de la Atenci\u00f3n Primaria (pilar fundamental de nuestro modelo sanitario ) para que\u00a0 pueda asumir adem\u00e1s de su parte en el desaf\u00edo COVID sus principales misiones:\u00a0 \u00a0<\/p>\n<ul>\n<li>Atenci\u00f3n cl\u00ednica presencial (en menos de 48 h y 12 minutos por paciente).\u00a0<\/li>\n<li>Recuperar las urgencias en las zonas rurales.\u00a0<\/li>\n<li>Volver a una relaci\u00f3n estable entre los pacientes\u00a0 y sus facultativos\u00a0 y enfermeras de cabecera. Las consultas y tramites telem\u00e1ticos han puesto\u00a0 en evidencia la \u201cpobreza digital\u201d. Que ha perjudicaso sobre todo a los mayores y\/o los m\u00e1s desprotegidos.<\/li>\n<li>Retomar los programas de medicina comunitaria y preventiva\u00a0 que se est\u00e1n intentando llevar a cabo con grandes dificultades.<\/li>\n<\/ul>\n<p>Reclama abrir los centros de especialidades y al menos 20 hospitales andaluces en horario de tarde, para poder acortar las insoportables listas de espera actuales, sin acudir a los centros de medicina privada, m\u00e1s caros y de peor calidad. (850.000 andaluces en lista de espera).<\/p>\n<p>Pero todo esto solo se puede hacer con:<\/p>\n<ul>\n<li><strong>El incremento sustancial\u00a0<\/strong>de las plantillas de profesionales sanitarios y de resto de categor\u00edas, mediante contratos para plazas nuevas y estables.\u00a0<\/li>\n<li><strong>Equiparando\u00a0<\/strong>los salarios del personal sanitario andaluz a la media nacional\u00a0\u00a0<\/li>\n<\/ul>\n<p>Y con:\u00a0<\/p>\n<ul>\n<li>La\u00a0<strong>reversi\u00f3n progresiva<\/strong>\u00a0de las privatizaciones, conciertos y externalizaciones.<\/li>\n<\/ul>\n<p>\u00abNo podemos permitir que Andaluc\u00eda est\u00e9 a la cola ni que los andaluces y andaluzas tengamos menos medios para ser atendidos, ni que nuestros profesionales sanitarios est\u00e9n sufriendo precariedad y se vean obligados a irse fuera para poder tener un proyecto de vida y laboral\u00bb, expresa la Mesa.\u00a0<\/p>\n<div class=\"divdest\">\n<div class=\"media media-element-container media-default\">\n<div id=\"file-76293\" class=\"file file-image file-image-jpeg\">\n<h2 class=\"element-invisible\"><a href=\"https:\/\/www.elindependientedegranada.es\/file\/c7jpg\">c7.jpg<\/a><\/h2>\n<div class=\"content\"><img data-recalc-dims=\"1\" loading=\"lazy\" decoding=\"async\" class=\"media-element file-default\" src=\"https:\/\/i0.wp.com\/www.elindependientedegranada.es\/sites\/default\/files\/c7.jpg?resize=640%2C444&#038;ssl=1\" alt=\"\" width=\"640\" height=\"444\" data-delta=\"10\" \/> <img data-recalc-dims=\"1\" loading=\"lazy\" decoding=\"async\" class=\"media-element file-default\" src=\"https:\/\/i0.wp.com\/www.elindependientedegranada.es\/sites\/default\/files\/c10.jpg?resize=637%2C333&#038;ssl=1\" alt=\"\" width=\"637\" height=\"333\" data-delta=\"11\" \/><\/div>\n<\/div>\n<\/div>\n<p>Junto a las decenas de plataformas y colectivos, la protesta ha contado igualmente con el apoyo y participaci\u00f3n de <strong>partidos pol\u00edticos como el PSOE, Izquierda Unida o Adelante Andaluc\u00eda<\/strong>, entre otros. El PSOE pide un \u00abPlan de Choque inmediato de contrataci\u00f3n de personal en el sistema p\u00fablico\u00bb, que \u201cno necesita m\u00e1s conciertos con la privada, sino m\u00e1s bien refuerzo de personal y una adecuada organizaci\u00f3n del servicio para atender a la lucha contra el Covid como las funciones ordinarias que tiene encomendadas\u201d. Por su parte, Izquierda Unida\u00a0ha recordado que el despido de 8.000 sanitarios, \u00aba pesar de la cantidad de fondos recibidos por el Gobierno central, es solo uno de los ejemplos de la t\u00e1ctica privatizadora y fulminante en todo lo relativo a los servicios p\u00fablicos que el ejecutivo de San Telmo est\u00e1 perpetrando en todos los rincones de Andaluc\u00eda\u00bb. Mientras que Adelante Andaluc\u00eda expresa que la manifestaci\u00f3n es \u201cla mejor oportunidad para devolver todos esos aplausos que merecen los profesionales sanitarios que se han jugado la vida durante toda la pandemia\u201d.<\/div>\n<div class=\"divdest\">\n<div class=\"tiled-gallery type-rectangular tiled-gallery-unresized\" data-original-width=\"640\" data-carousel-extra='null' itemscope itemtype=\"http:\/\/schema.org\/ImageGallery\" > <div class=\"gallery-row\" style=\"width: 640px; height: 425px;\" data-original-width=\"640\" data-original-height=\"425\" > <div class=\"gallery-group images-1\" style=\"width: 320px; height: 425px;\" data-original-width=\"320\" data-original-height=\"425\" > <div class=\"tiled-gallery-item tiled-gallery-item-large\" itemprop=\"associatedMedia\" itemscope itemtype=\"http:\/\/schema.org\/ImageObject\"> <a href=\"https:\/\/miradordeatarfe.es\/?attachment_id=52454\" border=\"0\" itemprop=\"url\"> <meta itemprop=\"width\" content=\"316\"> <meta itemprop=\"height\" content=\"421\"> <img decoding=\"async\" class=\"\" data-attachment-id=\"52454\" data-orig-file=\"https:\/\/miradordeatarfe.es\/wp-content\/uploads\/2022\/02\/WhatsApp-Image-2022-02-19-at-13.02.59.jpeg\" data-orig-size=\"1200,1600\" data-comments-opened=\"\" data-image-meta=\"{&quot;aperture&quot;:&quot;0&quot;,&quot;credit&quot;:&quot;&quot;,&quot;camera&quot;:&quot;&quot;,&quot;caption&quot;:&quot;&quot;,&quot;created_timestamp&quot;:&quot;0&quot;,&quot;copyright&quot;:&quot;&quot;,&quot;focal_length&quot;:&quot;0&quot;,&quot;iso&quot;:&quot;0&quot;,&quot;shutter_speed&quot;:&quot;0&quot;,&quot;title&quot;:&quot;&quot;,&quot;orientation&quot;:&quot;0&quot;}\" data-image-title=\"WhatsApp Image 2022-02-19 at 13.02.59\" data-image-description=\"\" data-medium-file=\"https:\/\/i0.wp.com\/miradordeatarfe.es\/wp-content\/uploads\/2022\/02\/WhatsApp-Image-2022-02-19-at-13.02.59.jpeg?fit=225%2C300&#038;ssl=1\" data-large-file=\"https:\/\/i0.wp.com\/miradordeatarfe.es\/wp-content\/uploads\/2022\/02\/WhatsApp-Image-2022-02-19-at-13.02.59.jpeg?fit=640%2C853&#038;ssl=1\" src=\"https:\/\/i0.wp.com\/miradordeatarfe.es\/wp-content\/uploads\/2022\/02\/WhatsApp-Image-2022-02-19-at-13.02.59.jpeg?w=316&#038;h=421&#038;ssl=1\" srcset=\"https:\/\/i0.wp.com\/miradordeatarfe.es\/wp-content\/uploads\/2022\/02\/WhatsApp-Image-2022-02-19-at-13.02.59.jpeg?w=1200&amp;ssl=1 1200w, https:\/\/i0.wp.com\/miradordeatarfe.es\/wp-content\/uploads\/2022\/02\/WhatsApp-Image-2022-02-19-at-13.02.59.jpeg?resize=225%2C300&amp;ssl=1 225w, https:\/\/i0.wp.com\/miradordeatarfe.es\/wp-content\/uploads\/2022\/02\/WhatsApp-Image-2022-02-19-at-13.02.59.jpeg?resize=768%2C1024&amp;ssl=1 768w, https:\/\/i0.wp.com\/miradordeatarfe.es\/wp-content\/uploads\/2022\/02\/WhatsApp-Image-2022-02-19-at-13.02.59.jpeg?resize=1152%2C1536&amp;ssl=1 1152w\" width=\"316\" height=\"421\" loading=\"lazy\" data-original-width=\"316\" data-original-height=\"421\" itemprop=\"http:\/\/schema.org\/image\" title=\"WhatsApp Image 2022-02-19 at 13.02.59\" alt=\"WhatsApp Image 2022-02-19 at 13.02.59\" style=\"width: 316px; height: 421px;\" \/> <\/a> <\/div> <\/div> <!-- close group --> <div class=\"gallery-group images-1\" style=\"width: 320px; height: 425px;\" data-original-width=\"320\" data-original-height=\"425\" > <div class=\"tiled-gallery-item tiled-gallery-item-large\" itemprop=\"associatedMedia\" itemscope itemtype=\"http:\/\/schema.org\/ImageObject\"> <a href=\"https:\/\/miradordeatarfe.es\/?attachment_id=52455\" border=\"0\" itemprop=\"url\"> <meta itemprop=\"width\" content=\"316\"> <meta itemprop=\"height\" content=\"421\"> <img decoding=\"async\" class=\"\" data-attachment-id=\"52455\" data-orig-file=\"https:\/\/miradordeatarfe.es\/wp-content\/uploads\/2022\/02\/WhatsApp-Image-2022-02-19-at-17.25.50.jpeg\" data-orig-size=\"1200,1600\" data-comments-opened=\"\" data-image-meta=\"{&quot;aperture&quot;:&quot;0&quot;,&quot;credit&quot;:&quot;&quot;,&quot;camera&quot;:&quot;&quot;,&quot;caption&quot;:&quot;&quot;,&quot;created_timestamp&quot;:&quot;0&quot;,&quot;copyright&quot;:&quot;&quot;,&quot;focal_length&quot;:&quot;0&quot;,&quot;iso&quot;:&quot;0&quot;,&quot;shutter_speed&quot;:&quot;0&quot;,&quot;title&quot;:&quot;&quot;,&quot;orientation&quot;:&quot;0&quot;}\" data-image-title=\"WhatsApp Image 2022-02-19 at 17.25.50\" data-image-description=\"\" data-medium-file=\"https:\/\/i0.wp.com\/miradordeatarfe.es\/wp-content\/uploads\/2022\/02\/WhatsApp-Image-2022-02-19-at-17.25.50.jpeg?fit=225%2C300&#038;ssl=1\" data-large-file=\"https:\/\/i0.wp.com\/miradordeatarfe.es\/wp-content\/uploads\/2022\/02\/WhatsApp-Image-2022-02-19-at-17.25.50.jpeg?fit=640%2C853&#038;ssl=1\" src=\"https:\/\/i0.wp.com\/miradordeatarfe.es\/wp-content\/uploads\/2022\/02\/WhatsApp-Image-2022-02-19-at-17.25.50.jpeg?w=316&#038;h=421&#038;ssl=1\" srcset=\"https:\/\/i0.wp.com\/miradordeatarfe.es\/wp-content\/uploads\/2022\/02\/WhatsApp-Image-2022-02-19-at-17.25.50.jpeg?w=1200&amp;ssl=1 1200w, https:\/\/i0.wp.com\/miradordeatarfe.es\/wp-content\/uploads\/2022\/02\/WhatsApp-Image-2022-02-19-at-17.25.50.jpeg?resize=225%2C300&amp;ssl=1 225w, https:\/\/i0.wp.com\/miradordeatarfe.es\/wp-content\/uploads\/2022\/02\/WhatsApp-Image-2022-02-19-at-17.25.50.jpeg?resize=768%2C1024&amp;ssl=1 768w, https:\/\/i0.wp.com\/miradordeatarfe.es\/wp-content\/uploads\/2022\/02\/WhatsApp-Image-2022-02-19-at-17.25.50.jpeg?resize=1152%2C1536&amp;ssl=1 1152w\" width=\"316\" height=\"421\" loading=\"lazy\" data-original-width=\"316\" data-original-height=\"421\" itemprop=\"http:\/\/schema.org\/image\" title=\"WhatsApp Image 2022-02-19 at 17.25.50\" alt=\"WhatsApp Image 2022-02-19 at 17.25.50\" style=\"width: 316px; height: 421px;\" \/> <\/a> <\/div> <\/div> <!-- close group --> <\/div> <!-- close row --> <\/div>\n<p>Im\u00e1genes: IndeGranada<\/p><\/div>\n<div>imagen portada\u00a0 : MCV<\/div>\n<div>FOTOS FINALES : ANDREA<\/div>\n<div>https:\/\/www.elindependientedegranada.es\/ciudadania\/granada-sale-calle-defender-sanidad-publica<\/div>\n<\/div>\n<div>\n<div id=\"disqus_thread\">\u00a0<\/div>\n<\/div>\n","protected":false},"excerpt":{"rendered":"<p>Una gran manifestaci\u00f3n por el centro de la capital clama por una atenci\u00f3n sanitaria \u00abdigna&#8230;<\/p>\n","protected":false},"author":1,"featured_media":52453,"comment_status":"closed","ping_status":"closed","sticky":false,"template":"","format":"standard","meta":{"_coblocks_attr":"","_coblocks_dimensions":"","_coblocks_responsive_height":"","_coblocks_accordion_ie_support":"","jetpack_post_was_ever_published":false,"_jetpack_newsletter_access":"","_jetpack_dont_email_post_to_subs":false,"_jetpack_newsletter_tier_id":0,"_jetpack_memberships_contains_paywalled_content":false,"_jetpack_memberships_contains_paid_content":false,"footnotes":"","jetpack_publicize_message":"","jetpack_publicize_feature_enabled":true,"jetpack_social_post_already_shared":true,"jetpack_social_options":{"image_generator_settings":{"template":"highway","default_image_id":0,"enabled":false},"version":2}},"categories":[2,1161,44,15,10],"tags":[129,192,55],"class_list":["post-52452","post","type-post","status-publish","format-standard","has-post-thumbnail","hentry","category-atarfe","category-ciudadania","category-noticias-de-hoy","category-ultimas-noticias","category-salud","tag-granada","tag-manifestacion","tag-salud"],"jetpack_publicize_connections":[],"jetpack_featured_media_url":"https:\/\/i0.wp.com\/miradordeatarfe.es\/wp-content\/uploads\/2022\/02\/WhatsApp-Image-2022-02-20-at-11.06.50.jpeg?fit=2000%2C900&ssl=1","jetpack_likes_enabled":true,"jetpack_sharing_enabled":true,"_links":{"self":[{"href":"https:\/\/miradordeatarfe.es\/index.php?rest_route=\/wp\/v2\/posts\/52452","targetHints":{"allow":["GET"]}}],"collection":[{"href":"https:\/\/miradordeatarfe.es\/index.php?rest_route=\/wp\/v2\/posts"}],"about":[{"href":"https:\/\/miradordeatarfe.es\/index.php?rest_route=\/wp\/v2\/types\/post"}],"author":[{"embeddable":true,"href":"https:\/\/miradordeatarfe.es\/index.php?rest_route=\/wp\/v2\/users\/1"}],"replies":[{"embeddable":true,"href":"https:\/\/miradordeatarfe.es\/index.php?rest_route=%2Fwp%2Fv2%2Fcomments&post=52452"}],"version-history":[{"count":1,"href":"https:\/\/miradordeatarfe.es\/index.php?rest_route=\/wp\/v2\/posts\/52452\/revisions"}],"predecessor-version":[{"id":52456,"href":"https:\/\/miradordeatarfe.es\/index.php?rest_route=\/wp\/v2\/posts\/52452\/revisions\/52456"}],"wp:featuredmedia":[{"embeddable":true,"href":"https:\/\/miradordeatarfe.es\/index.php?rest_route=\/wp\/v2\/media\/52453"}],"wp:attachment":[{"href":"https:\/\/miradordeatarfe.es\/index.php?rest_route=%2Fwp%2Fv2%2Fmedia&parent=52452"}],"wp:term":[{"taxonomy":"category","embeddable":true,"href":"https:\/\/miradordeatarfe.es\/index.php?rest_route=%2Fwp%2Fv2%2Fcategories&post=52452"},{"taxonomy":"post_tag","embeddable":true,"href":"https:\/\/miradordeatarfe.es\/index.php?rest_route=%2Fwp%2Fv2%2Ftags&post=52452"}],"curies":[{"name":"wp","href":"https:\/\/api.w.org\/{rel}","templated":true}]}}