{"id":52460,"date":"2022-02-21T10:30:41","date_gmt":"2022-02-21T09:30:41","guid":{"rendered":"https:\/\/miradordeatarfe.es\/?p=52460"},"modified":"2022-02-20T14:26:59","modified_gmt":"2022-02-20T13:26:59","slug":"granada-y-la-magia-de-la-deportividad","status":"publish","type":"post","link":"https:\/\/miradordeatarfe.es\/?p=52460","title":{"rendered":"Granada y la magia de la deportividad"},"content":{"rendered":"<h3>Miles de aficionados al baloncesto fluyen por las calles de la ciudad en un ambiente de preciosa hermandad y disfrute con motivo de la Copa del Rey<\/h3>\n<p>Pasear estos d\u00edas por Granada supone respirar el ambiente m\u00e1s puro del baloncesto. Pero, sobre todo, respirar el ambiente m\u00e1s incre\u00edble de los valores del deporte. La hermandad entre aficiones, amantes del basket, turistas, viandantes, aut\u00f3ctonos o gente que nunca ha presenciado un partido es la t\u00f3nica constante durante la disputa de la Copa del Rey en la ciudad de la Alhambra. Una atm\u00f3sfera \u00fanica de la que deber\u00edan aprender otros deportes. Dejar de lado la competitividad por unir distintos colores para crear instant\u00e1neas preciosas con un objetivo com\u00fan: disfrutar.<\/p>\n<p>Aunque el torneo del KO arranc\u00f3 el jueves 17 de febrero, las calles de la ciudad ya luc\u00edan desde los d\u00edas previos motivos conmemorativos de la competici\u00f3n. Hac\u00eda 27 a\u00f1os que Granada no acog\u00eda este evento y quer\u00eda lucir hermosa para la ocasi\u00f3n. Im\u00e1genes de momentos hist\u00f3ricos por la Carrera de la V\u00edrgen, pisadas de los jugadores m\u00e1s emblem\u00e1ticos por los asfaltos, escenarios y stands en las plazas m\u00e1s concurridas\u2026 Todo estaba preparado para dar acogida a miles de aficionados procedentes de cualquier punto de la geograf\u00eda espa\u00f1ola.<\/p>\n<p>Porque, no solo de Real Madrid, Barcelona, Valencia, Joventut, Manresa, Murcia, Breog\u00e1n y Tenerife iban a ser los invitados. Tambi\u00e9n de equipos que ni tan siquiera participar\u00edan, como Baskonia o Canarias. La Copa del Rey ha demostrado a Granada, y Granada a la Copa del Rey, que es un torneo que va m\u00e1s all\u00e1 de lo deportivo. Es un lugar de encuentro anual en el que dar rienda suelta a la felicidad, a olvidar los problemas del d\u00eda a d\u00eda y hacer un par\u00e9ntesis en la rutina con la intenci\u00f3n de generar una fraternizaci\u00f3n imposible de ver en otros deportes, los cuales deber\u00edan aprender la lecci\u00f3n.<\/p>\n<p>Aunque la caldera que se crea en un renovad\u00edsimo Palacio de los Deportes es digna de presenciar, no es necesario poseer un abono para disfrutar de esta vivencia \u00fanica. Basta con deambular por las calles de Granada para gozarlo en primera persona.<\/p>\n<p>Lo m\u00e1s com\u00fan en las terrazas es ver las mesas repletas de personas, pero con una excepci\u00f3n que no deber\u00eda denominarse excepci\u00f3n. Si las ocupan un grupo de ocho personas, esas ocho portan camisetas de diferentes equipos. Las reuniones coloquiales de la muchedumbre deja im\u00e1genes llenas de multicolor. Y todos est\u00e1n invitados, porque con el paso de los minutos esas peque\u00f1as congregaciones van sumando efectivos a la fiesta.<\/p>\n<p><img data-recalc-dims=\"1\" decoding=\"async\" src=\"https:\/\/i0.wp.com\/i.ibb.co\/7YBzHF0\/20220219-123608-opt.jpg?w=640&#038;ssl=1\" alt=\"20220219-123608-opt\" \/><\/p>\n<p>El culmen de esta hermandad se produjo durante la matinal del s\u00e1bado. En el encuentro de las aficiones, que arranc\u00f3 en la Plaza Bib Rambla, miles de simpatizantes bailaban a ritmo de charanga y batucada. Una magia espectacular conquist\u00f3 el corto trayecto que existe entre el citado lugar hasta la Plaza de las Pasiegas. El paseo estuvo lleno de c\u00e1nticos, bufandas al viento y sonrisas en la cara. A los pies de la Catedral, los colores azul de Breog\u00e1n, naranja de Valencia, rojo de Murcia, verde de Joventut, azulgrana de Baskonia, amarillo de Canarias y un largo etc\u00e9tera conquistaron el centro neur\u00e1lgico de la capital nazar\u00ed.<\/p>\n<p>No sabemos cu\u00e1nto tiempo tendr\u00e1 que transcurrir hasta que Granada vuelva a ser escaparate del baloncesto. Por ganas no ser\u00e1, porque estos cuatro d\u00edas se han hecho muy cortos. Para granadinos y para invitados. Como dice alguno, <strong>\u201cla Copa del Rey aqu\u00ed es una vez en la vida, y hay que disfrutarla\u201d.<\/strong> Y tanto que disfrutaron. Y tanto que ense\u00f1aron la magia de los valores del deporte a toda Espa\u00f1a.<\/p>\n<p><strong><em>@Francalvo1996<\/em><\/strong><\/p>\n<p><strong><em>francalvo@granadaenjuego.com<\/em><\/strong><\/p>\n<p>https:\/\/www.granadaenjuego.com\/Polideportivo\/granada-y-la-magia-de-la-deportividad<\/p>\n","protected":false},"excerpt":{"rendered":"<p>Miles de aficionados al baloncesto fluyen por las calles de la ciudad en un ambiente&#8230;<\/p>\n","protected":false},"author":1,"featured_media":52461,"comment_status":"closed","ping_status":"closed","sticky":false,"template":"","format":"standard","meta":{"_coblocks_attr":"","_coblocks_dimensions":"","_coblocks_responsive_height":"","_coblocks_accordion_ie_support":"","jetpack_post_was_ever_published":false,"_jetpack_newsletter_access":"","_jetpack_dont_email_post_to_subs":false,"_jetpack_newsletter_tier_id":0,"_jetpack_memberships_contains_paywalled_content":false,"_jetpack_memberships_contains_paid_content":false,"footnotes":"","jetpack_publicize_message":"","jetpack_publicize_feature_enabled":true,"jetpack_social_post_already_shared":true,"jetpack_social_options":{"image_generator_settings":{"template":"highway","default_image_id":0,"enabled":false},"version":2}},"categories":[1161,182,44,15],"tags":[1229,8525,129],"class_list":["post-52460","post","type-post","status-publish","format-standard","has-post-thumbnail","hentry","category-ciudadania","category-deportes","category-noticias-de-hoy","category-ultimas-noticias","tag-baloncesto","tag-copa-del-rey","tag-granada"],"jetpack_publicize_connections":[],"jetpack_featured_media_url":"https:\/\/i0.wp.com\/miradordeatarfe.es\/wp-content\/uploads\/2022\/02\/imagen47001_0_ppal.jpg?fit=450%2C235&ssl=1","jetpack_likes_enabled":true,"jetpack_sharing_enabled":true,"_links":{"self":[{"href":"https:\/\/miradordeatarfe.es\/index.php?rest_route=\/wp\/v2\/posts\/52460","targetHints":{"allow":["GET"]}}],"collection":[{"href":"https:\/\/miradordeatarfe.es\/index.php?rest_route=\/wp\/v2\/posts"}],"about":[{"href":"https:\/\/miradordeatarfe.es\/index.php?rest_route=\/wp\/v2\/types\/post"}],"author":[{"embeddable":true,"href":"https:\/\/miradordeatarfe.es\/index.php?rest_route=\/wp\/v2\/users\/1"}],"replies":[{"embeddable":true,"href":"https:\/\/miradordeatarfe.es\/index.php?rest_route=%2Fwp%2Fv2%2Fcomments&post=52460"}],"version-history":[{"count":1,"href":"https:\/\/miradordeatarfe.es\/index.php?rest_route=\/wp\/v2\/posts\/52460\/revisions"}],"predecessor-version":[{"id":52462,"href":"https:\/\/miradordeatarfe.es\/index.php?rest_route=\/wp\/v2\/posts\/52460\/revisions\/52462"}],"wp:featuredmedia":[{"embeddable":true,"href":"https:\/\/miradordeatarfe.es\/index.php?rest_route=\/wp\/v2\/media\/52461"}],"wp:attachment":[{"href":"https:\/\/miradordeatarfe.es\/index.php?rest_route=%2Fwp%2Fv2%2Fmedia&parent=52460"}],"wp:term":[{"taxonomy":"category","embeddable":true,"href":"https:\/\/miradordeatarfe.es\/index.php?rest_route=%2Fwp%2Fv2%2Fcategories&post=52460"},{"taxonomy":"post_tag","embeddable":true,"href":"https:\/\/miradordeatarfe.es\/index.php?rest_route=%2Fwp%2Fv2%2Ftags&post=52460"}],"curies":[{"name":"wp","href":"https:\/\/api.w.org\/{rel}","templated":true}]}}