{"id":52502,"date":"2022-02-23T11:00:33","date_gmt":"2022-02-23T10:00:33","guid":{"rendered":"https:\/\/miradordeatarfe.es\/?p=52502"},"modified":"2022-02-22T13:43:12","modified_gmt":"2022-02-22T12:43:12","slug":"atarfe-curso-limpieza-de-superficies-y-desinfeccion-de-espacios-abiertos","status":"publish","type":"post","link":"https:\/\/miradordeatarfe.es\/?p=52502","title":{"rendered":"ATARFE: Curso Limpieza de Superficies y Desinfecci\u00f3n de Espacios Abiertos"},"content":{"rendered":"<h3>La Concejal\u00eda de Comercio y Empleo del Ayuntamiento de Atarfe colabora con Diputaci\u00f3n de Granada en el curso presencial LIMPIEZA DE SUPERFICIES Y DESINFECCI\u00d3N DE ESPACIOS ABIERTOS.<\/h3>\n<p>Gratuito, con pr\u00e1cticas profesionales en empresa. Plazas limitadas.<\/p>\n<p>El plazo de solicitud <strong>es del 21 de febrero al 7 de marzo de 2022<\/strong>.<\/p>\n<p>Curso Limpieza de Superficies y Desinfecci\u00f3n de Espacios Abiertos<\/p>\n<p>Fechas: marzo a julio de 2022. <br \/>\nHorario: de 9.00 horas a 14 horas. <br \/>\nLugar: instalaciones municipales de Atarfe. <br \/>\nDuraci\u00f3n: 425 horas.<\/p>\n<p>&nbsp;<\/p>\n<p>Para m\u00e1s informaci\u00f3n puede ponerse en contacto con Diputaci\u00f3n de Granada en los tel\u00e9fonos que aparecen en el cartel o bien en el Ayuntamiento de Atarfe llamando al tel\u00e9fono de contacto<strong> 676484703,<\/strong> le ayudaremos a tramitar la solicitud.<\/p>\n<p><a href=\"https:\/\/i0.wp.com\/miradordeatarfe.es\/wp-content\/uploads\/2022\/02\/WhatsApp-Image-2022-02-21-at-11.34.42.jpeg?ssl=1\"><img data-recalc-dims=\"1\" loading=\"lazy\" decoding=\"async\" class=\"alignnone size-full wp-image-52504\" src=\"https:\/\/i0.wp.com\/miradordeatarfe.es\/wp-content\/uploads\/2022\/02\/WhatsApp-Image-2022-02-21-at-11.34.42.jpeg?resize=640%2C905&#038;ssl=1\" alt=\"\" width=\"640\" height=\"905\" srcset=\"https:\/\/i0.wp.com\/miradordeatarfe.es\/wp-content\/uploads\/2022\/02\/WhatsApp-Image-2022-02-21-at-11.34.42.jpeg?w=1131&amp;ssl=1 1131w, https:\/\/i0.wp.com\/miradordeatarfe.es\/wp-content\/uploads\/2022\/02\/WhatsApp-Image-2022-02-21-at-11.34.42.jpeg?resize=212%2C300&amp;ssl=1 212w, https:\/\/i0.wp.com\/miradordeatarfe.es\/wp-content\/uploads\/2022\/02\/WhatsApp-Image-2022-02-21-at-11.34.42.jpeg?resize=724%2C1024&amp;ssl=1 724w, https:\/\/i0.wp.com\/miradordeatarfe.es\/wp-content\/uploads\/2022\/02\/WhatsApp-Image-2022-02-21-at-11.34.42.jpeg?resize=768%2C1086&amp;ssl=1 768w, https:\/\/i0.wp.com\/miradordeatarfe.es\/wp-content\/uploads\/2022\/02\/WhatsApp-Image-2022-02-21-at-11.34.42.jpeg?resize=1086%2C1536&amp;ssl=1 1086w\" sizes=\"auto, (max-width: 640px) 100vw, 640px\" \/><\/a><\/p>\n","protected":false},"excerpt":{"rendered":"<p>La Concejal\u00eda de Comercio y Empleo del Ayuntamiento de Atarfe colabora con Diputaci\u00f3n de Granada&#8230;<\/p>\n","protected":false},"author":1,"featured_media":52505,"comment_status":"closed","ping_status":"closed","sticky":false,"template":"","format":"standard","meta":{"_coblocks_attr":"","_coblocks_dimensions":"","_coblocks_responsive_height":"","_coblocks_accordion_ie_support":"","jetpack_post_was_ever_published":false,"_jetpack_newsletter_access":"","_jetpack_dont_email_post_to_subs":false,"_jetpack_newsletter_tier_id":0,"_jetpack_memberships_contains_paywalled_content":false,"_jetpack_memberships_contains_paid_content":false,"footnotes":"","jetpack_publicize_message":"","jetpack_publicize_feature_enabled":true,"jetpack_social_post_already_shared":true,"jetpack_social_options":{"image_generator_settings":{"template":"highway","default_image_id":0,"enabled":false},"version":2}},"categories":[2,6916,1161,44,6937,15],"tags":[8974,722],"class_list":["post-52502","post","type-post","status-publish","format-standard","has-post-thumbnail","hentry","category-atarfe","category-ayuntamiento-de-atarfe","category-ciudadania","category-noticias-de-hoy","category-sociedad","category-ultimas-noticias","tag-curso-de-limpieza","tag-diputacion"],"jetpack_publicize_connections":[],"jetpack_featured_media_url":"https:\/\/i0.wp.com\/miradordeatarfe.es\/wp-content\/uploads\/2022\/02\/curso-de-limpieza.jpg?fit=455%2C190&ssl=1","jetpack_likes_enabled":true,"jetpack_sharing_enabled":true,"_links":{"self":[{"href":"https:\/\/miradordeatarfe.es\/index.php?rest_route=\/wp\/v2\/posts\/52502","targetHints":{"allow":["GET"]}}],"collection":[{"href":"https:\/\/miradordeatarfe.es\/index.php?rest_route=\/wp\/v2\/posts"}],"about":[{"href":"https:\/\/miradordeatarfe.es\/index.php?rest_route=\/wp\/v2\/types\/post"}],"author":[{"embeddable":true,"href":"https:\/\/miradordeatarfe.es\/index.php?rest_route=\/wp\/v2\/users\/1"}],"replies":[{"embeddable":true,"href":"https:\/\/miradordeatarfe.es\/index.php?rest_route=%2Fwp%2Fv2%2Fcomments&post=52502"}],"version-history":[{"count":2,"href":"https:\/\/miradordeatarfe.es\/index.php?rest_route=\/wp\/v2\/posts\/52502\/revisions"}],"predecessor-version":[{"id":52506,"href":"https:\/\/miradordeatarfe.es\/index.php?rest_route=\/wp\/v2\/posts\/52502\/revisions\/52506"}],"wp:featuredmedia":[{"embeddable":true,"href":"https:\/\/miradordeatarfe.es\/index.php?rest_route=\/wp\/v2\/media\/52505"}],"wp:attachment":[{"href":"https:\/\/miradordeatarfe.es\/index.php?rest_route=%2Fwp%2Fv2%2Fmedia&parent=52502"}],"wp:term":[{"taxonomy":"category","embeddable":true,"href":"https:\/\/miradordeatarfe.es\/index.php?rest_route=%2Fwp%2Fv2%2Fcategories&post=52502"},{"taxonomy":"post_tag","embeddable":true,"href":"https:\/\/miradordeatarfe.es\/index.php?rest_route=%2Fwp%2Fv2%2Ftags&post=52502"}],"curies":[{"name":"wp","href":"https:\/\/api.w.org\/{rel}","templated":true}]}}