{"id":52516,"date":"2022-02-26T10:49:09","date_gmt":"2022-02-26T09:49:09","guid":{"rendered":"https:\/\/miradordeatarfe.es\/?p=52516"},"modified":"2022-02-23T12:46:08","modified_gmt":"2022-02-23T11:46:08","slug":"el-cante-jondo-en-blanco-y-negropor-reynaldo-fernandez-g","status":"publish","type":"post","link":"https:\/\/miradordeatarfe.es\/?p=52516","title":{"rendered":"\u00abEl cante jondo en blanco y negro\u00bbpor Reynaldo Fern\u00e1ndez G"},"content":{"rendered":"<header class=\"pg-head\">\n<h3>Tras el repaso pict\u00f3rico de los fines de semana anteriores, llega el turno de las im\u00e1genes que captaron las lentes de los primeros fot\u00f3grafos<\/h3>\n<p style=\"text-align: justify;\">El cante jondo ha estado presente desde los inicios de la fotograf\u00eda. Comenzaremos mencionando las primeras t\u00e9cnicas y aparatos, con el objetivo de identificarlas cuando se haga alusi\u00f3n a ellas en las obras de los fot\u00f3grafos, para centrarnos despu\u00e9s en las impresiones en blanco y negro del flamenco.<\/p>\n<\/header>\n<div class=\"gd\">\n<div class=\"gdu u16 u-first\">\n<div class=\"pg-body\">\n<div class=\"mce-body \" style=\"text-align: justify;\">\n<h2 class=\"mce\">Primeras t\u00e9cnicas y aparatos.<\/h2>\n<p class=\"mce\">Heliograf\u00eda (1820), caloptipo (1839) y Daguerrotipo (1839), marcar\u00e1n el inicio de la fotograf\u00eda. <strong class=\"mce\">Nic\u00e9phore Niepce<\/strong> denomin\u00f3 heliograf\u00edas a sus primeras im\u00e1genes positivas que obtuvo mediante placas de cobre plateadas recubiertas de bet\u00fan de judea. Las placas de cobre eran tratadas con un \u00e1cido, lo que las convert\u00eda en planchas de impresi\u00f3n similares a las grabadas al aguafuerte.<\/p>\n<p class=\"mce\">El calotipo fue inventado por<strong class=\"mce\"> W. H. Talbot,<\/strong> denominado tambi\u00e9n talbotipo. Se trataba de un negativo directo sobre papel, tratado con nitrato de plata y yoduro de potasio, sensibiliz\u00e1ndose en el instante previo a la toma, con nitrato de plata y \u00e1cido g\u00e1lico. Una vez revelado con nitrato de plata y fijado con tiosulfito de sodio, se introduc\u00eda en un ba\u00f1o de cera derretido, con el fin de que se volviese transparente, aunque el resultado final, en cuanto a nitidez, estaba muy alejado del daguerrotipo.<\/p>\n<p class=\"mce\">El <a class=\"mce\" href=\"https:\/\/www.granadahoy.com\/granada\/Alhambra-veintena-tesoros-artisticos-patrimonio_0_875013022.html\" rel=\"dofollow\"><strong class=\"mce\">daguerrotipo<\/strong><\/a> consist\u00eda en realizar una \u00fanica imagen sobre una placa de cobre cubierta de plata, muy bien pulimentada y sensibilizada, una hora antes, con vapores de yodo. \u00c9sta se revelaba con vapores de mercurio y se fijaba con sal marina, su contraste y nitidez eran excelentes pero el proceso resultaba caro.<\/p>\n<p class=\"mce\">En cuanto a las m\u00e1quinas fotogr\u00e1ficas podemos destacar la <strong class=\"mce\">c\u00e1mara estenopeica<\/strong>, caracterizada por no poseer lente, sino un peque\u00f1o agujero frontal realizado con una aguja, lo que equivaldr\u00eda a un diafragma aproximado de f\/128. Estas im\u00e1genes presentan todos los planos enfocados, aunque requieren largos tiempos de exposici\u00f3n. La introducci\u00f3n de una o varias lentes en el objetivo posibilit\u00f3 la utilizaci\u00f3n de diafragmas variables y por consiguiente poder acortar los tiempos de exposici\u00f3n.<\/p>\n<p class=\"mce\">En Espa\u00f1a se editaron numerosas traducciones del tratado de<strong class=\"mce\"> Daguerre<\/strong> desde 1839. En Granada, la <strong class=\"mce\">Sociedad Econ\u00f3mica de Amigos del Pa\u00eds<\/strong>, ofrec\u00eda el t\u00edtulo de socio de m\u00e9rito \u00aba qui\u00e9n ejecute dos ensayos con el daguerrotipo en presencia de una comisi\u00f3n de la Sociedad\u00bb, en 1841; y en Sevilla el primer daguerrotipo data de 1842.<\/p>\n<p class=\"mce\">La fotograf\u00eda estereosc\u00f3pica se inicia en 1839 populariz\u00e1ndose masivamente a partir de la <strong class=\"mce\">Exposici\u00f3n Universal de 1851.<\/strong><\/p>\n<p class=\"mce\">En 1851 Scott Arches reemplaz\u00f3 la alb\u00famina por el colodi\u00f3n, con lo que se di\u00f3 un paso importante que posteriormente se transformar\u00eda en el colodi\u00f3n seco. En 1871 se consegu\u00eda la emulsi\u00f3n seca al gelatino bromuro.<\/p>\n<h2 class=\"mce\">Primeras fotograf\u00edas del cante jondo.<\/h2>\n<p class=\"mce\">Del dibujo, el grabado y el lienzo el flamenco va a pasar a la fotograf\u00eda. En estos comienzos destacan los trabajos de tres grandes fot\u00f3grafos: <strong class=\"mce\">Jean Laurent, Charles Clifford y Emilio Beauchy<\/strong>.<\/p>\n<p class=\"mce\"><strong class=\"mce\">J. Laurent (Grazchizy 1816 &#8211; Madrid 1886)<\/strong> se estableci\u00f3 en Madrid en 1843, ostent\u00f3 el t\u00edtulo de <em class=\"mce\"><strong class=\"mce\">Fot\u00f3grafo de su Majestad la Reina<\/strong><\/em>\u00a0de 1861 a 1868. En el <a class=\"mce\" href=\"https:\/\/ipce.culturaydeporte.gob.es\/inicio.html\" rel=\"dofollow\"><strong class=\"mce\">Instituto del Patrimonio Cultural de Espa\u00f1a, del Ministerio de Cultura y Deporte<\/strong>,<\/a> se conservan negativos originales de vidrio de colodi\u00f3n h\u00famedo de J. Laurent y de J. Laurent y Compa\u00f1\u00eda. Tambi\u00e9n encontramos obras suyas en la Biblioteca Nacional de Espa\u00f1a o en el Museo del Prado, entre otras instituciones.<\/p>\n<div class=\"inset-auto\">\n<figure class=\"image-holder\"><span class=\"obj-img hmedia\"><a class=\"fn\" href=\"https:\/\/www.granadahoy.com\/2022\/02\/18\/ocio\/Laurent-Gitana-tocando-guitarra-foto_1657944854_152256392_1200x1680.jpg\" rel=\"enclosure\" type=\"image\/jpeg\">J. Laurent, Gitana tocando la guitarra, foto, 1865.<\/a><img data-recalc-dims=\"1\" loading=\"lazy\" decoding=\"async\" class=\"photo lazy\" src=\"https:\/\/i0.wp.com\/www.granadahoy.com\/2022\/02\/18\/ocio\/Laurent-Gitana-tocando-guitarra-foto_1657944854_152256392_1200x1680.jpg?resize=640%2C896&#038;ssl=1\" alt=\"J. Laurent, Gitana tocando la guitarra, foto, 1865.\" width=\"640\" height=\"896\" data-src=\"\/2022\/02\/18\/ocio\/Laurent-Gitana-tocando-guitarra-foto_1657944854_152256392_1200x1680.jpg\" \/><\/span><figcaption>\n<div class=\"footnote\">\n<p class=\"text\">J. Laurent, Gitana tocando la guitarra, foto, 1865. <wbr \/><\/p>\n<\/div>\n<\/figcaption><\/figure>\n<\/div>\n<p class=\"mce\">J. Laurent, <em class=\"mce\">Gitana tocando la guitarra,<\/em> foto, 1865.<\/p>\n<p class=\"mce\"><strong class=\"mce\">Charles Clifford<\/strong> (Gales c.1820 &#8211; Madrid 1863). Comenz\u00f3 con el daguerrotipo, pero en 1852 utiliz\u00f3 el calotipo y en 1856 el colodi\u00f3n h\u00famedo. Acompa\u00f1\u00f3 al viaje oficial de la reina Isabel II de Borb\u00f3n y familia real en 1862 por Andaluc\u00eda y Murcia. Junto a Laurent se considera uno de los pioneros de la fotograf\u00eda en Espa\u00f1a. Retrat\u00f3 a tipos populares, gitanos, cantaores y guitarristas, destacando, como ve\u00edamos en la pintura del XIX en art\u00edculos anteriores, la presencia abundante de mujeres guitarristas que se pierde en parte en el siglo XX para retomarse con fuerza en el siglo XXI.<\/p>\n<div class=\"inset-auto\">\n<figure class=\"image-holder\"><span class=\"obj-img hmedia\"><a class=\"fn\" href=\"https:\/\/www.granadahoy.com\/2022\/02\/18\/ocio\/Clifford-Gitanos-Granada-Alhambra_1657944856_152256585_1200x806.jpg\" rel=\"enclosure\" type=\"image\/jpeg\">Clifford Gitanos de Granada en la Alhambra<\/a><img data-recalc-dims=\"1\" loading=\"lazy\" decoding=\"async\" class=\"photo lazy\" src=\"https:\/\/i0.wp.com\/www.granadahoy.com\/2022\/02\/18\/ocio\/Clifford-Gitanos-Granada-Alhambra_1657944856_152256585_1200x806.jpg?resize=640%2C430&#038;ssl=1\" alt=\"Clifford Gitanos de Granada en la Alhambra\" width=\"640\" height=\"430\" data-src=\"\/2022\/02\/18\/ocio\/Clifford-Gitanos-Granada-Alhambra_1657944856_152256585_1200x806.jpg\" \/><\/span><figcaption>\n<div class=\"footnote\">\n<p class=\"text\">Clifford Gitanos de Granada en la Alhambra <wbr \/><\/p>\n<\/div>\n<\/figcaption><\/figure>\n<\/div>\n<p class=\"mce\">Charles Clifford,<em class=\"mce\"> Gitanos de Granada en la Alhambra<\/em>, 1862.<\/p>\n<p class=\"mce\"><strong class=\"mce\">Emilio Beauchy<\/strong> (Sevilla 1847-1928). Hijo y padre de fot\u00f3grafos, trabaj\u00f3 con alb\u00faminas. La imagen ic\u00f3nica de este autor es <em class=\"mce\"><strong class=\"mce\">Caf\u00e9 cantante<\/strong><\/em> de 1888. Sus fotograf\u00edas se conservan, entre otros lugares, en la Biblioteca Nacional de Espa\u00f1a y en la Universidad de Sevilla.<\/p>\n<div class=\"inset-auto\">\n<figure class=\"image-holder\"><span class=\"obj-img hmedia\"><a class=\"fn\" href=\"https:\/\/www.granadahoy.com\/2022\/02\/18\/ocio\/Emilio-Beauchy-Cafe-cantante_1657944859_152256634_1200x886.jpg\" rel=\"enclosure\" type=\"image\/jpeg\">Emilio Beauchy, Caf\u00e9 cantante, 1888.<\/a><img data-recalc-dims=\"1\" loading=\"lazy\" decoding=\"async\" class=\"photo lazy\" src=\"https:\/\/i0.wp.com\/www.granadahoy.com\/2022\/02\/18\/ocio\/Emilio-Beauchy-Cafe-cantante_1657944859_152256634_1200x886.jpg?resize=640%2C473&#038;ssl=1\" alt=\"Emilio Beauchy, Caf\u00e9 cantante, 1888.\" width=\"640\" height=\"473\" data-src=\"\/2022\/02\/18\/ocio\/Emilio-Beauchy-Cafe-cantante_1657944859_152256634_1200x886.jpg\" \/><\/span><figcaption>\n<div class=\"footnote\">\n<p class=\"text\">Emilio Beauchy, Caf\u00e9 cantante, 1888. <wbr \/><\/p>\n<\/div>\n<\/figcaption><\/figure>\n<\/div>\n<p class=\"mce\">Emilio Beauchy, <em class=\"mce\">Caf\u00e9 cantante,<\/em> 1888.<\/p>\n<p class=\"mce\">Mencionar a fot\u00f3grafos como <strong class=\"mce\">Antonio Esplugas<\/strong> a finales del XIX o <strong class=\"mce\">Cristian Franzen<\/strong> que en 1895 fotografi\u00f3 los ambientes nocturnos de Madrid.<\/p>\n<p class=\"mce\">De esta \u00e9poca es la obra del granadino <strong class=\"mce\">Jos\u00e9 Garc\u00eda Ayola<\/strong> (Granada 1836-1900) y su hijo, con sus tipos populares, Chorrojumo, gitanas y andaluzas, e im\u00e1genes del Sacromonte. Mont\u00f3 su estudio en torno a 1860, fue nombrado \u00abfot\u00f3grafo de c\u00e1mara\u00bb por la Casa Real. El<strong class=\"mce\"> Centro Cultural de Caja Granada<\/strong> realiz\u00f3 una exposici\u00f3n retrospectiva de su obra en 1997. Algunas de sus fotograf\u00eda se conservan en el <strong class=\"mce\">Museo de la Casa de los Tiros, en el Museo Arqueol\u00f3gico de Granada y en al Archivo de la Alhambra<\/strong>.<\/p>\n<p class=\"mce\"><strong class=\"mce\">Rafael Garz\u00f3n<\/strong> (Granada 1863-1923) es el otro gran fot\u00f3grafo granadino de esta etapa. Fue uno de los creadores de la \u00abgaler\u00eda tur\u00edstica\u00bb abriendo su estudio en la calle Real de la Alhambra. Sus fotograf\u00edas ilustrar\u00e1n numerosos libros, como <em class=\"mce\"><strong class=\"mce\">Granada. Gu\u00eda emocional<\/strong><\/em> (1911) del matrimonio Mart\u00ednez Sierra, libro modernista escrito en prosa po\u00e9tica. Retrat\u00f3 las zambras de Juan Amaya, y diversas escenas de baile del Sacromonte.<\/p>\n<p class=\"mce\"><strong class=\"mce\">Manuel Torres Molina<\/strong> (Granada 1883-1967) ser\u00e1 una figura destacada con temas, entre otros, de zambras y artistas del flamenco.<\/p>\n<p class=\"mce\"><strong class=\"mce\">Jos\u00e9 Echeg\u00fce<\/strong> (1933) publica <em class=\"mce\"><strong class=\"mce\">Espa\u00f1a tipos y trajes.<\/strong><\/em> <strong class=\"mce\">James J. Kriegsmann<\/strong> fotograf\u00eda a Sabicas en Nueva York en 1950.<\/p>\n<p class=\"mce\">En la segunda mitad del siglo XX, entre otros, tendremos a tres grandes figuras de la fotograf\u00eda flamenca: <strong class=\"mce\">Vicente Ib\u00e1\u00f1ez (1930-2010), Carlos Arbelos (1944-2010), e Isabel Steva &#8216;Colita&#8217; (1940)<\/strong>.<\/p>\n<div class=\"inset-auto\">\n<figure class=\"image-holder\"><span class=\"obj-img hmedia\"><a class=\"fn\" href=\"https:\/\/www.granadahoy.com\/2022\/02\/18\/ocio\/Jose-Garcia-Ayola-Zambra-Cujon_1657944862_152256780_1200x630.jpg\" rel=\"enclosure\" type=\"image\/jpeg\">Jos\u00e9 Garc\u00eda Ayola, Zambra del Cuj\u00f3n (1890)<\/a><img data-recalc-dims=\"1\" loading=\"lazy\" decoding=\"async\" class=\"photo lazy\" src=\"https:\/\/i0.wp.com\/www.granadahoy.com\/2022\/02\/18\/ocio\/Jose-Garcia-Ayola-Zambra-Cujon_1657944862_152256780_1200x630.jpg?resize=640%2C336&#038;ssl=1\" alt=\"Jos\u00e9 Garc\u00eda Ayola, Zambra del Cuj\u00f3n (1890)\" width=\"640\" height=\"336\" data-src=\"\/2022\/02\/18\/ocio\/Jose-Garcia-Ayola-Zambra-Cujon_1657944862_152256780_1200x630.jpg\" \/><\/span><figcaption>\n<div class=\"footnote\">\n<p class=\"text\">Jos\u00e9 Garc\u00eda Ayola, Zambra del Cuj\u00f3n (1890) <wbr \/><\/p>\n<\/div>\n<\/figcaption><\/figure>\n<\/div>\n<p class=\"mce\">Jos\u00e9 Garc\u00eda Ayola,<em class=\"mce\"> Zambra gitana<\/em> [Zambra del Cuj\u00f3n (Antonio Torcuato Mart\u00edn)], 1890.<\/p>\n<div class=\"inset-auto\">\n<figure class=\"image-holder\"><span class=\"obj-img hmedia\"><a class=\"fn\" href=\"https:\/\/www.granadahoy.com\/2022\/02\/18\/ocio\/Rafael-Garzon-Zambra-Capitan-Amaya_1657944866_152257022_1200x924.jpg\" rel=\"enclosure\" type=\"image\/jpeg\">Rafael Garz\u00f3n, Zambra del Capit\u00e1n Juan Amaya (1890)<\/a><img data-recalc-dims=\"1\" loading=\"lazy\" decoding=\"async\" class=\"photo lazy\" src=\"https:\/\/i0.wp.com\/www.granadahoy.com\/2022\/02\/18\/ocio\/Rafael-Garzon-Zambra-Capitan-Amaya_1657944866_152257022_1200x924.jpg?resize=640%2C493&#038;ssl=1\" alt=\"Rafael Garz\u00f3n, Zambra del Capit\u00e1n Juan Amaya (1890)\" width=\"640\" height=\"493\" data-src=\"\/2022\/02\/18\/ocio\/Rafael-Garzon-Zambra-Capitan-Amaya_1657944866_152257022_1200x924.jpg\" \/><\/span><figcaption>\n<div class=\"footnote\">\n<p class=\"text\">Rafael Garz\u00f3n, Zambra del Capit\u00e1n Juan Amaya (1890) <wbr \/><\/p>\n<\/div>\n<\/figcaption><\/figure>\n<\/div>\n<p class=\"mce\">Rafael Garz\u00f3n, <em class=\"mce\">Zambra del Capit\u00e1n Juan Ama<\/em>.<\/p>\n<\/div>\n<h2 style=\"text-align: justify;\"><small><\/small><small class=\"author\">Reynaldo Fern\u00e1ndez <\/small> <time class=\"dateline\">G<\/time><\/h2>\n<p style=\"text-align: justify;\">https:\/\/www.granadahoy.com\/ocio\/cante-jondo-blanco-negro_0_1657634774.html?utm_source=facebook.com&#038;utm_medium=socialshare&#038;utm_campaign=desktop<\/p>\n<p style=\"text-align: justify;\">foto: Imagen de Jos\u00e9 Garc\u00eda Ayola de la Zambra del Cuj\u00f3n (1890). <wbr \/> \/ <span class=\"author\">(Granada)<\/span><\/p>\n<\/div>\n<\/div>\n<\/div>\n","protected":false},"excerpt":{"rendered":"<p>Tras el repaso pict\u00f3rico de los fines de semana anteriores, llega el turno de las&#8230;<\/p>\n","protected":false},"author":1,"featured_media":52517,"comment_status":"closed","ping_status":"closed","sticky":false,"template":"","format":"standard","meta":{"_coblocks_attr":"","_coblocks_dimensions":"","_coblocks_responsive_height":"","_coblocks_accordion_ie_support":"","jetpack_post_was_ever_published":false,"_jetpack_newsletter_access":"","_jetpack_dont_email_post_to_subs":false,"_jetpack_newsletter_tier_id":0,"_jetpack_memberships_contains_paywalled_content":false,"_jetpack_memberships_contains_paid_content":false,"footnotes":"","jetpack_publicize_message":"","jetpack_publicize_feature_enabled":true,"jetpack_social_post_already_shared":true,"jetpack_social_options":{"image_generator_settings":{"template":"highway","default_image_id":0,"enabled":false},"version":2}},"categories":[1161,44,6937,15],"tags":[8682,236],"class_list":["post-52516","post","type-post","status-publish","format-standard","has-post-thumbnail","hentry","category-ciudadania","category-noticias-de-hoy","category-sociedad","category-ultimas-noticias","tag-cante-jondo","tag-fotografia"],"jetpack_publicize_connections":[],"jetpack_featured_media_url":"https:\/\/i0.wp.com\/miradordeatarfe.es\/wp-content\/uploads\/2022\/02\/Imagen-Garcia-Ayola-Zambra-Cujon_1657644596_152167674_667x375.jpg?fit=667%2C375&ssl=1","jetpack_likes_enabled":true,"jetpack_sharing_enabled":true,"_links":{"self":[{"href":"https:\/\/miradordeatarfe.es\/index.php?rest_route=\/wp\/v2\/posts\/52516","targetHints":{"allow":["GET"]}}],"collection":[{"href":"https:\/\/miradordeatarfe.es\/index.php?rest_route=\/wp\/v2\/posts"}],"about":[{"href":"https:\/\/miradordeatarfe.es\/index.php?rest_route=\/wp\/v2\/types\/post"}],"author":[{"embeddable":true,"href":"https:\/\/miradordeatarfe.es\/index.php?rest_route=\/wp\/v2\/users\/1"}],"replies":[{"embeddable":true,"href":"https:\/\/miradordeatarfe.es\/index.php?rest_route=%2Fwp%2Fv2%2Fcomments&post=52516"}],"version-history":[{"count":1,"href":"https:\/\/miradordeatarfe.es\/index.php?rest_route=\/wp\/v2\/posts\/52516\/revisions"}],"predecessor-version":[{"id":52518,"href":"https:\/\/miradordeatarfe.es\/index.php?rest_route=\/wp\/v2\/posts\/52516\/revisions\/52518"}],"wp:featuredmedia":[{"embeddable":true,"href":"https:\/\/miradordeatarfe.es\/index.php?rest_route=\/wp\/v2\/media\/52517"}],"wp:attachment":[{"href":"https:\/\/miradordeatarfe.es\/index.php?rest_route=%2Fwp%2Fv2%2Fmedia&parent=52516"}],"wp:term":[{"taxonomy":"category","embeddable":true,"href":"https:\/\/miradordeatarfe.es\/index.php?rest_route=%2Fwp%2Fv2%2Fcategories&post=52516"},{"taxonomy":"post_tag","embeddable":true,"href":"https:\/\/miradordeatarfe.es\/index.php?rest_route=%2Fwp%2Fv2%2Ftags&post=52516"}],"curies":[{"name":"wp","href":"https:\/\/api.w.org\/{rel}","templated":true}]}}