{"id":52527,"date":"2022-02-23T11:35:42","date_gmt":"2022-02-23T10:35:42","guid":{"rendered":"https:\/\/miradordeatarfe.es\/?p=52527"},"modified":"2022-05-26T10:04:34","modified_gmt":"2022-05-26T08:04:34","slug":"bronce-nacional-para-el-sub-23-manuel-jimenez-lopez-por-manuel-jimenez","status":"publish","type":"post","link":"https:\/\/miradordeatarfe.es\/?p=52527","title":{"rendered":"\u00abBRONCE NACIONAL PARA EL SUB 23 MANUEL JIM\u00c9NEZ L\u00d3PEZ.\u00bb por Manuel J\u00edmenez"},"content":{"rendered":"<h3 style=\"text-align: justify;\">Fren\u00e9tico fin de semana con multitud de frentes competitivos abiertos por toda la geograf\u00eda nacional, la delicia de cualquier buen aficionado al atletismo, ese que est\u00e1 viendo el Marat\u00f3n de Sevilla en TELEDEPORTE mientras por la Tablet sigue el Campeonato de Andaluc\u00eda Sub 18, por el m\u00f3vil el nacional Sub 23 y mirando el reloj para no llegar tarde a la salida del Gran Premio de Fondo de Albolote.<\/h3>\n<p style=\"text-align: justify;\">Comenzamos glosando la gesta del atleta local Manuel Jim\u00e9nez L\u00f3pez quien tras alcanzar la internacionalidad en el Europeo de Cross de Dubl\u00edn se plante\u00f3 salir de su zona de confort y hacer una apuesta arriesgada y bajarse de distancia, dejando el fondo que hasta ahora le hab\u00eda dado sus mayores logros y adentrarse en la jungla del medio fondo donde la vertiente t\u00e1ctica es tanto o m\u00e1s importante que la metab\u00f3lica.<\/p>\n<p style=\"text-align: justify;\">El resultado final no ha podido ser m\u00e1s alentador pues ha conseguido colgarse la medalla de bronce en el Campeonato de Espa\u00f1a Sub 23 disputado en Salamanca y ello a pesar de ser de los m\u00e1s j\u00f3venes de la categor\u00eda y disputar una final con 15 contendientes tras la recalificaci\u00f3n de todos los integrantes de una de las series por error de una jueza al tocar la campana una vuelta antes de las previstas.<\/p>\n<p style=\"text-align: justify;\">La concurrida final se desarroll\u00f3 a ritmo medio-lento con el pelot\u00f3n muy compacto donde primaba mantener una buena posici\u00f3n. A falta de 600 metros se desatan las hostilidades y se pasa de ir a 2.43 el 100 a bajar hasta un ritmo de 2.30 lo que l\u00f3gicamente hizo que se alargase el grupo y que cada uno luchara como pod\u00eda con el \u00e1cido l\u00e1ctico. El protagonista del ataque, Mohamed Attaoui, demostr\u00f3 estar en un dulce estado de forma pues tens\u00f3 la cuerda consiguiendo unos valiosos metros de ventaja que supo mantener hasta meta. Por detr\u00e1s los m\u00e1s fuertes a priori se jugaron los dos puestos vacantes del p\u00f3dium, imponi\u00e9ndose Alejandro Quijada a Manu b\u00e1sicamente por tener m\u00e1s bagaje en este tipo de pruebas. En cualquier caso se debe calificar de \u00e9xito el metal conseguido por nuestro paisano poniendo as\u00ed la primera pica en un territorio hasta ahora desconocido para \u00e9l.<\/p>\n<p>&nbsp;<\/p>\n<p style=\"text-align: justify;\">Por otro lado en el auton\u00f3mico Sub 18 indoor Atarfe cont\u00f3 con tres representantes del CIUDAD ATARFE, Pablo Lozano y Jorge Luis Torres toman parte en los 60 lisos obteniendo cronos de 7.37 y 7.44 que supone en ambos casos MMP, esto es lo que se llama llegar fino al campeonato. Por su parte, Carlos Pe\u00f1a Galindo parte en los 400 en los que hace un tiempo de 56.20 muy cerca de su tope personal.<\/p>\n<p style=\"text-align: justify;\">Tambi\u00e9n en Antequera se celebra un nuevo control federativo \u00faltima oportunidad para conseguir marca para los nacionales que aun quedan por disputarse. El CIUDAD ATARFE presenta al velocista Antonio Pe\u00f1a que se alinea en los 200 donde marca 24.03, el veterano Gustavo A. Herrera opta por el 400 donde realiza 1.02.11. Seguimos doblando distancia donde en el 800 Fco Javier Urquiza hace 2.03.71 y Pablo Mart\u00edn 2.06.18 cerrando participaci\u00f3n Marta Salas en longitud con unos prometedores 4.40.<\/p>\n<p style=\"text-align: justify;\">Tambi\u00e9n ha habido tiempo para la ruta, el buscando a Wally de la semana nos lleva hasta Sevilla donde se disputa su Marat\u00f3n Internacional en el que el vencedor, el et\u00edope Asar Abderehman\u00a0se hace con el record de la prueba con 2.04.42, la tambi\u00e9n et\u00edope Alemu Megertu se hace con la victoria y un espectacular crono de 2.18.50 que supone la 20\u00aa mejor marca de la historia, por su parte Ayad Landasem bate su compartido record nacional con 2.06.25. Como no Atarfe tambi\u00e9n cont\u00f3 con representaci\u00f3n, Germ\u00e1n Triana del CIUDAD ATARFE consigue un gran crono de 3.05.06. \u00a0\u00a0<\/p>\n<p style=\"text-align: justify;\">M\u00e1s ruta con el Gran Premio de Fondo de ALBOLOTE, una competici\u00f3n donde los atarfe\u00f1os son legi\u00f3n. El CIUDAD ATARFE con 15 atletas es el club m\u00e1s numeroso destacando Beatriz Quevedo 14\u00aa y Alejandro A\u00f1\u00f3n 18\u00ba, el Monta\u00f1a Atarfe y el Triatarfe presentan cuatro atletas cada uno destacando Jos\u00e9 F Fuentes por \u00e9stos (31) y Alberto Alc\u00e1ntara 28\u00aa por aqu\u00e9llos con Felisa Gonz\u00e1lez Sierra la 31\u00aa.<\/p>\n<p style=\"text-align: justify;\">Terminamos con una nueva entrega del circuito andaluz de Duatlon de Menores que hizo escala en T\u00edjola y en la que la Escuela de Triatlon Atarfe y el Triclub BabySchool present\u00f3 duatletas en todas las categor\u00edas: Manuel Torres-Alonso Garc\u00eda en prebenjam\u00edn (10-11), Abril Rodr\u00edguez (10), Ivan Montoro y \u00c1lvaro Guerrero (2-4) en Benjam\u00edn, Daniela Tall\u00f3n, Santiago N\u00fa\u00f1ez y Sandro Ramos (8-4-10) en alev\u00edn; Vera Ramos y Samuel Montoro (3-6) en infantil; Daniel soriano en cadete (25) y David Vill\u00e9n (7) en Juvenil integraron la expedici\u00f3n a tierras almerienses. \u00a0\u00a0<\/p>\n<p><a href=\"https:\/\/i0.wp.com\/miradordeatarfe.es\/wp-content\/uploads\/2022\/02\/IMG_1047.jpg?ssl=1\"><img data-recalc-dims=\"1\" loading=\"lazy\" decoding=\"async\" class=\"alignnone size-full wp-image-52530\" src=\"https:\/\/i0.wp.com\/miradordeatarfe.es\/wp-content\/uploads\/2022\/02\/IMG_1047.jpg?resize=640%2C625&#038;ssl=1\" alt=\"\" width=\"640\" height=\"625\" srcset=\"https:\/\/i0.wp.com\/miradordeatarfe.es\/wp-content\/uploads\/2022\/02\/IMG_1047.jpg?w=1169&amp;ssl=1 1169w, https:\/\/i0.wp.com\/miradordeatarfe.es\/wp-content\/uploads\/2022\/02\/IMG_1047.jpg?resize=300%2C293&amp;ssl=1 300w, https:\/\/i0.wp.com\/miradordeatarfe.es\/wp-content\/uploads\/2022\/02\/IMG_1047.jpg?resize=1024%2C1000&amp;ssl=1 1024w, https:\/\/i0.wp.com\/miradordeatarfe.es\/wp-content\/uploads\/2022\/02\/IMG_1047.jpg?resize=768%2C750&amp;ssl=1 768w\" sizes=\"auto, (max-width: 640px) 100vw, 640px\" \/><\/a><\/p>\n<div class=\"tiled-gallery type-rectangular tiled-gallery-unresized\" data-original-width=\"640\" data-carousel-extra='null' itemscope itemtype=\"http:\/\/schema.org\/ImageGallery\" > <div class=\"gallery-row\" style=\"width: 640px; height: 369px;\" data-original-width=\"640\" data-original-height=\"369\" > <div class=\"gallery-group images-1\" style=\"width: 420px; height: 369px;\" data-original-width=\"420\" data-original-height=\"369\" > <div class=\"tiled-gallery-item tiled-gallery-item-large\" itemprop=\"associatedMedia\" itemscope itemtype=\"http:\/\/schema.org\/ImageObject\"> <a href=\"https:\/\/miradordeatarfe.es\/?attachment_id=52532\" border=\"0\" itemprop=\"url\"> <meta itemprop=\"width\" content=\"416\"> <meta itemprop=\"height\" content=\"365\"> <img decoding=\"async\" class=\"\" data-attachment-id=\"52532\" data-orig-file=\"https:\/\/miradordeatarfe.es\/wp-content\/uploads\/2022\/02\/IMG_1049.jpg\" data-orig-size=\"1169,1026\" data-comments-opened=\"\" data-image-meta=\"{&quot;aperture&quot;:&quot;0&quot;,&quot;credit&quot;:&quot;&quot;,&quot;camera&quot;:&quot;&quot;,&quot;caption&quot;:&quot;&quot;,&quot;created_timestamp&quot;:&quot;1645489319&quot;,&quot;copyright&quot;:&quot;&quot;,&quot;focal_length&quot;:&quot;0&quot;,&quot;iso&quot;:&quot;0&quot;,&quot;shutter_speed&quot;:&quot;0&quot;,&quot;title&quot;:&quot;&quot;,&quot;orientation&quot;:&quot;1&quot;}\" data-image-title=\"IMG_1049\" data-image-description=\"\" data-medium-file=\"https:\/\/i0.wp.com\/miradordeatarfe.es\/wp-content\/uploads\/2022\/02\/IMG_1049.jpg?fit=300%2C263&#038;ssl=1\" data-large-file=\"https:\/\/i0.wp.com\/miradordeatarfe.es\/wp-content\/uploads\/2022\/02\/IMG_1049.jpg?fit=640%2C562&#038;ssl=1\" src=\"https:\/\/i0.wp.com\/miradordeatarfe.es\/wp-content\/uploads\/2022\/02\/IMG_1049.jpg?w=416&#038;h=365&#038;ssl=1\" srcset=\"https:\/\/i0.wp.com\/miradordeatarfe.es\/wp-content\/uploads\/2022\/02\/IMG_1049.jpg?w=1169&amp;ssl=1 1169w, https:\/\/i0.wp.com\/miradordeatarfe.es\/wp-content\/uploads\/2022\/02\/IMG_1049.jpg?resize=300%2C263&amp;ssl=1 300w, https:\/\/i0.wp.com\/miradordeatarfe.es\/wp-content\/uploads\/2022\/02\/IMG_1049.jpg?resize=1024%2C899&amp;ssl=1 1024w, https:\/\/i0.wp.com\/miradordeatarfe.es\/wp-content\/uploads\/2022\/02\/IMG_1049.jpg?resize=768%2C674&amp;ssl=1 768w\" width=\"416\" height=\"365\" loading=\"lazy\" data-original-width=\"416\" data-original-height=\"365\" itemprop=\"http:\/\/schema.org\/image\" title=\"IMG_1049\" alt=\"IMG_1049\" style=\"width: 416px; height: 365px;\" \/> <\/a> <\/div> <\/div> <!-- close group --> <div class=\"gallery-group images-2\" style=\"width: 220px; height: 369px;\" data-original-width=\"220\" data-original-height=\"369\" > <div class=\"tiled-gallery-item tiled-gallery-item-small\" itemprop=\"associatedMedia\" itemscope itemtype=\"http:\/\/schema.org\/ImageObject\"> <a href=\"https:\/\/miradordeatarfe.es\/?attachment_id=52531\" border=\"0\" itemprop=\"url\"> <meta itemprop=\"width\" content=\"216\"> <meta itemprop=\"height\" content=\"164\"> <img decoding=\"async\" class=\"\" data-attachment-id=\"52531\" data-orig-file=\"https:\/\/miradordeatarfe.es\/wp-content\/uploads\/2022\/02\/IMG_1048.jpg\" data-orig-size=\"1169,893\" data-comments-opened=\"\" data-image-meta=\"{&quot;aperture&quot;:&quot;0&quot;,&quot;credit&quot;:&quot;&quot;,&quot;camera&quot;:&quot;&quot;,&quot;caption&quot;:&quot;&quot;,&quot;created_timestamp&quot;:&quot;1645489284&quot;,&quot;copyright&quot;:&quot;&quot;,&quot;focal_length&quot;:&quot;0&quot;,&quot;iso&quot;:&quot;0&quot;,&quot;shutter_speed&quot;:&quot;0&quot;,&quot;title&quot;:&quot;&quot;,&quot;orientation&quot;:&quot;1&quot;}\" data-image-title=\"IMG_1048\" data-image-description=\"\" data-medium-file=\"https:\/\/i0.wp.com\/miradordeatarfe.es\/wp-content\/uploads\/2022\/02\/IMG_1048.jpg?fit=300%2C229&#038;ssl=1\" data-large-file=\"https:\/\/i0.wp.com\/miradordeatarfe.es\/wp-content\/uploads\/2022\/02\/IMG_1048.jpg?fit=640%2C489&#038;ssl=1\" src=\"https:\/\/i0.wp.com\/miradordeatarfe.es\/wp-content\/uploads\/2022\/02\/IMG_1048.jpg?w=216&#038;h=164&#038;ssl=1\" srcset=\"https:\/\/i0.wp.com\/miradordeatarfe.es\/wp-content\/uploads\/2022\/02\/IMG_1048.jpg?w=1169&amp;ssl=1 1169w, https:\/\/i0.wp.com\/miradordeatarfe.es\/wp-content\/uploads\/2022\/02\/IMG_1048.jpg?resize=300%2C229&amp;ssl=1 300w, https:\/\/i0.wp.com\/miradordeatarfe.es\/wp-content\/uploads\/2022\/02\/IMG_1048.jpg?resize=1024%2C782&amp;ssl=1 1024w, https:\/\/i0.wp.com\/miradordeatarfe.es\/wp-content\/uploads\/2022\/02\/IMG_1048.jpg?resize=768%2C587&amp;ssl=1 768w\" width=\"216\" height=\"164\" loading=\"lazy\" data-original-width=\"216\" data-original-height=\"164\" itemprop=\"http:\/\/schema.org\/image\" title=\"IMG_1048\" alt=\"IMG_1048\" style=\"width: 216px; height: 164px;\" \/> <\/a> <\/div> <div class=\"tiled-gallery-item tiled-gallery-item-small\" itemprop=\"associatedMedia\" itemscope itemtype=\"http:\/\/schema.org\/ImageObject\"> <a href=\"https:\/\/miradordeatarfe.es\/?attachment_id=52529\" border=\"0\" itemprop=\"url\"> <meta itemprop=\"width\" content=\"216\"> <meta itemprop=\"height\" content=\"197\"> <img decoding=\"async\" class=\"\" data-attachment-id=\"52529\" data-orig-file=\"https:\/\/miradordeatarfe.es\/wp-content\/uploads\/2022\/02\/IMG_1046.jpg\" data-orig-size=\"1169,1067\" data-comments-opened=\"\" data-image-meta=\"{&quot;aperture&quot;:&quot;0&quot;,&quot;credit&quot;:&quot;&quot;,&quot;camera&quot;:&quot;&quot;,&quot;caption&quot;:&quot;&quot;,&quot;created_timestamp&quot;:&quot;1645489191&quot;,&quot;copyright&quot;:&quot;&quot;,&quot;focal_length&quot;:&quot;0&quot;,&quot;iso&quot;:&quot;0&quot;,&quot;shutter_speed&quot;:&quot;0&quot;,&quot;title&quot;:&quot;&quot;,&quot;orientation&quot;:&quot;1&quot;}\" data-image-title=\"IMG_1046\" data-image-description=\"\" data-medium-file=\"https:\/\/i0.wp.com\/miradordeatarfe.es\/wp-content\/uploads\/2022\/02\/IMG_1046.jpg?fit=300%2C274&#038;ssl=1\" data-large-file=\"https:\/\/i0.wp.com\/miradordeatarfe.es\/wp-content\/uploads\/2022\/02\/IMG_1046.jpg?fit=640%2C584&#038;ssl=1\" src=\"https:\/\/i0.wp.com\/miradordeatarfe.es\/wp-content\/uploads\/2022\/02\/IMG_1046.jpg?w=216&#038;h=197&#038;ssl=1\" srcset=\"https:\/\/i0.wp.com\/miradordeatarfe.es\/wp-content\/uploads\/2022\/02\/IMG_1046.jpg?w=1169&amp;ssl=1 1169w, https:\/\/i0.wp.com\/miradordeatarfe.es\/wp-content\/uploads\/2022\/02\/IMG_1046.jpg?resize=300%2C274&amp;ssl=1 300w, https:\/\/i0.wp.com\/miradordeatarfe.es\/wp-content\/uploads\/2022\/02\/IMG_1046.jpg?resize=1024%2C935&amp;ssl=1 1024w, https:\/\/i0.wp.com\/miradordeatarfe.es\/wp-content\/uploads\/2022\/02\/IMG_1046.jpg?resize=768%2C701&amp;ssl=1 768w\" width=\"216\" height=\"197\" loading=\"lazy\" data-original-width=\"216\" data-original-height=\"197\" itemprop=\"http:\/\/schema.org\/image\" title=\"IMG_1046\" alt=\"IMG_1046\" style=\"width: 216px; height: 197px;\" \/> <\/a> <\/div> <\/div> <!-- close group --> <\/div> <!-- close row --> <\/div>\n","protected":false},"excerpt":{"rendered":"<p>Fren\u00e9tico fin de semana con multitud de frentes competitivos abiertos por toda la geograf\u00eda nacional,&#8230;<\/p>\n","protected":false},"author":1,"featured_media":52523,"comment_status":"closed","ping_status":"closed","sticky":false,"template":"","format":"standard","meta":{"_coblocks_attr":"","_coblocks_dimensions":"","_coblocks_responsive_height":"","_coblocks_accordion_ie_support":"","jetpack_post_was_ever_published":false,"_jetpack_newsletter_access":"","_jetpack_dont_email_post_to_subs":false,"_jetpack_newsletter_tier_id":0,"_jetpack_memberships_contains_paywalled_content":false,"_jetpack_memberships_contains_paid_content":false,"footnotes":"","jetpack_publicize_message":"","jetpack_publicize_feature_enabled":true,"jetpack_social_post_already_shared":true,"jetpack_social_options":{"image_generator_settings":{"template":"highway","default_image_id":0,"enabled":false},"version":2}},"categories":[2,182,6915,44,15],"tags":[81,85,123],"class_list":["post-52527","post","type-post","status-publish","format-standard","has-post-thumbnail","hentry","category-atarfe","category-deportes","category-opinion-de-manuel-jimenez","category-noticias-de-hoy","category-ultimas-noticias","tag-atarfe","tag-atletismo","tag-deportes"],"jetpack_publicize_connections":[],"jetpack_featured_media_url":"https:\/\/i0.wp.com\/miradordeatarfe.es\/wp-content\/uploads\/2022\/02\/MANU-SALAMANCA-sub-23-pc-feb-2022-carrera-.jpeg?fit=2048%2C1366&ssl=1","jetpack_likes_enabled":true,"jetpack_sharing_enabled":true,"_links":{"self":[{"href":"https:\/\/miradordeatarfe.es\/index.php?rest_route=\/wp\/v2\/posts\/52527","targetHints":{"allow":["GET"]}}],"collection":[{"href":"https:\/\/miradordeatarfe.es\/index.php?rest_route=\/wp\/v2\/posts"}],"about":[{"href":"https:\/\/miradordeatarfe.es\/index.php?rest_route=\/wp\/v2\/types\/post"}],"author":[{"embeddable":true,"href":"https:\/\/miradordeatarfe.es\/index.php?rest_route=\/wp\/v2\/users\/1"}],"replies":[{"embeddable":true,"href":"https:\/\/miradordeatarfe.es\/index.php?rest_route=%2Fwp%2Fv2%2Fcomments&post=52527"}],"version-history":[{"count":3,"href":"https:\/\/miradordeatarfe.es\/index.php?rest_route=\/wp\/v2\/posts\/52527\/revisions"}],"predecessor-version":[{"id":52557,"href":"https:\/\/miradordeatarfe.es\/index.php?rest_route=\/wp\/v2\/posts\/52527\/revisions\/52557"}],"wp:featuredmedia":[{"embeddable":true,"href":"https:\/\/miradordeatarfe.es\/index.php?rest_route=\/wp\/v2\/media\/52523"}],"wp:attachment":[{"href":"https:\/\/miradordeatarfe.es\/index.php?rest_route=%2Fwp%2Fv2%2Fmedia&parent=52527"}],"wp:term":[{"taxonomy":"category","embeddable":true,"href":"https:\/\/miradordeatarfe.es\/index.php?rest_route=%2Fwp%2Fv2%2Fcategories&post=52527"},{"taxonomy":"post_tag","embeddable":true,"href":"https:\/\/miradordeatarfe.es\/index.php?rest_route=%2Fwp%2Fv2%2Ftags&post=52527"}],"curies":[{"name":"wp","href":"https:\/\/api.w.org\/{rel}","templated":true}]}}