{"id":52565,"date":"2022-02-24T10:07:31","date_gmt":"2022-02-24T09:07:31","guid":{"rendered":"https:\/\/miradordeatarfe.es\/?p=52565"},"modified":"2022-02-23T14:34:23","modified_gmt":"2022-02-23T13:34:23","slug":"la-junta-concede-las-10-banderas-de-andalucia-en-granada","status":"publish","type":"post","link":"https:\/\/miradordeatarfe.es\/?p=52565","title":{"rendered":"La Junta concede las 10 Banderas de Andaluc\u00eda en Granada"},"content":{"rendered":"<h3 class=\"voc-sub-title\">El acto de entrega de estas distinciones ser\u00e1 el pr\u00f3ximo viernes 25 de febrero, a las 12 horas en el auditorio del Parque de las Ciencia<\/h3>\n<p class=\"voc-paragraph\">El Gobierno andaluz en Granada concede las distinciones con motivo de la celebraci\u00f3n del D\u00eda de Andaluc\u00eda en la provincia. Estas Banderas son concedidas a personalidades, empresas, instituciones y proyectos que han destacado en alguna de las modalidades premiadas, y que representan la defensa y la trayectoria a favor de la provincia de Granada.<\/p>\n<p class=\"voc-paragraph\">El acto de entrega de estas distinciones ser\u00e1 el pr\u00f3ximo viernes 25 de febrero, a las 12 horas en el auditorio del Parque de las Ciencias de la capital granadina, acto que ser\u00e1 retransmitido por streaming, a trav\u00e9s del canal de Facebook de la Junta de Andaluc\u00eda en Granada.<\/p>\n<p class=\"voc-paragraph\">El delegado del Gobierno, Pablo Garc\u00eda, agradece a todos los galardonados su implicaci\u00f3n con la provincia, siendo embajadores de la marca Andaluc\u00eda y Granada.<\/p>\n<div class=\"voc-detail__cmp voc-detail__cmp--title voc-detail__cmp--no-margin\">\n<h3 class=\"voc-detail__title\">Galardonados 2022<\/h3>\n<\/div>\n<p class=\"voc-paragraph\">&#8211;<strong>Encarna Xim\u00e9nez de Cisneros<\/strong> como Bandera de las Ciencias Sociales y las Letras, por su gran trayectoria profesional, fue la primera mujer presidenta de la Asociaci\u00f3n de la Prensa granadina, la primera mujer pregonera oficial de nuestra Semana Santa por todo ello y su dedicaci\u00f3n para dar a conocer la vida de Granada dentro y fuera de ella.<\/p>\n<p class=\"voc-paragraph\">&#8211;<strong>Banderas de las Artes, al Conservatorio Superior de M\u00fasica \u00abVictoria Eugenia<\/strong>\u00bb, centro destinado a la formaci\u00f3n de m\u00fasicos profesionales en las especialidades de Interpretaci\u00f3n, pedagog\u00eda, composici\u00f3n y direcci\u00f3n de orquesta. El Conservatorio cuenta con una extensa programaci\u00f3n, organizando una temporada de conciertos, talleres, concursos y jornadas de interpretaci\u00f3n.<\/p>\n<p class=\"voc-paragraph\"><strong>-David Valero Serrano<\/strong>, bastetano y medallista ol\u00edmpico en el circuito de Izu en los Juegos de Tokio 2020, en la prueba de bicicleta de monta\u00f1a, por su constante superaci\u00f3n y su ejemplo de constancia y trabajo, el Gobierno andaluz le concede la Bandera de Andaluc\u00eda del Deporte.<\/p>\n<p class=\"voc-paragraph\">&#8211;<strong>Bandera de la Solidaridad y La Concordia, Orden Hospitalaria de San Juan de Dios,<\/strong> una entidad de car\u00e1cter religioso, catalogada como ben\u00e9fico asistencial, cuyas obras tienen una orientaci\u00f3n p\u00fablica en su actividad, procurando establecer alianzas con otras instituciones, empresas, y colectivos a favor de las personas atendidas y el trabajo en red. Entre las variadas actividades que desarrolla se encuentran los programas de Obra Social para la atenci\u00f3n a personas en situaci\u00f3n o riesgo de exclusi\u00f3n social.<\/p>\n<p class=\"voc-paragraph\">&#8211;<strong>Mariscos Apolo,<\/strong> ser\u00e1 galardonado con la Bandera de la Econom\u00eda y la Empresa, por su crecimiento constante hasta situarse como una de las principales empresas del sector de los productos de congelados, tanto a nivel auton\u00f3mico como provincial importando, transformando y comercializando los productos del mar congelados.<\/p>\n<p class=\"voc-paragraph\">&#8211;<strong>Bandera de la Investigaci\u00f3n, La Ciencia y la Salud, Bidafarma<\/strong>, cooperativa de distribuci\u00f3n mayorista de medicamentos de amplia gama, con el fin de garantizar la distribuci\u00f3n en todas las farmacias de Espa\u00f1a. Bidafarma ha sido fundamental en los momentos m\u00e1s complicados de la pandemia donde han tenido que reforzar sus protocolos y actuaciones y han sido vitales en la colaboraci\u00f3n del reparto de las vacunas Covid.<\/p>\n<p class=\"voc-paragraph\">&#8211;<strong>Bodegas H.Calvente,<\/strong> Bandera a la Proyecci\u00f3n de la Provincia, esta peque\u00f1a bodega artesanal busca la excelencia en el fruto, cuidando de cada uno de los detalles en el proceso de elaboraci\u00f3n, producci\u00f3n y envasado, que dan como producto final uno de los mejores vinos del mundo. Exportando el producto de nuestra tierra y colocando el nombre de Granada en todos los rincones del planeta.<\/p>\n<p class=\"voc-paragraph\">&#8211;<strong>EFA EL SOTO<\/strong>, Bandera al M\u00e9rito Mediambiental, siendo un centro de formaci\u00f3n profesional donde se imparten Ciclos Formativos de Grado Medio y Superior con la solidez de m\u00e1s de cuarenta a\u00f1os de experiencia. Una iniciativa que naci\u00f3 en 1967 para los hijos de los agricultores que aporta una formaci\u00f3n que permite desarrollar y mejorar las condiciones de vida y trabajo que les rodea, con el fin de contribuir a la mejora de este.<\/p>\n<p class=\"voc-paragraph\">&#8211;<strong>Bandera a los Valores Humanos, Arenas de Armilla Cultura y Deporte Club de F\u00fatbol,<\/strong> es uno de los clubes m\u00e1s antiguos de la provincia de Granada que cumple 90 a\u00f1os de historia imprimiendo valores entre sus m\u00e1s de 500 j\u00f3venes.<\/p>\n<p class=\"voc-paragraph\">&#8211;<strong>Mercedes Moll de Miguel<\/strong> recibir\u00e1 la Bandera de Reconocimiento a La Especial Trayectoria. Empresaria, pol\u00edtica, maestra y enfermera, viuda y con cuatro hijos, fue una de las dos diputadas por la provincia de Granada en la legislatura constituyente, en su caso, por la Uni\u00f3n de Centro Democr\u00e1tico, UCD. Trabaj\u00f3 por la superaci\u00f3n de los estereotipos sexistas en el \u00e1mbito empresarial y militar, as\u00ed como para restituir los derechos de las viudas de los militares de ambos bandos en la guerra civil espa\u00f1ola. Fue vocal de la Comisi\u00f3n de Defensa, vicepresidenta segunda de la Comisi\u00f3n de Justicia y vicepresidenta segunda de la Comisi\u00f3n de Presidencia. Trabajo. Su trabajo ha merecido la Medalla de Oro al M\u00e9rito de la Ciudad de Granada.<\/p>\n","protected":false},"excerpt":{"rendered":"<p>El acto de entrega de estas distinciones ser\u00e1 el pr\u00f3ximo viernes 25 de febrero, a&#8230;<\/p>\n","protected":false},"author":1,"featured_media":52566,"comment_status":"closed","ping_status":"closed","sticky":false,"template":"","format":"standard","meta":{"_coblocks_attr":"","_coblocks_dimensions":"","_coblocks_responsive_height":"","_coblocks_accordion_ie_support":"","jetpack_post_was_ever_published":false,"_jetpack_newsletter_access":"","_jetpack_dont_email_post_to_subs":false,"_jetpack_newsletter_tier_id":0,"_jetpack_memberships_contains_paywalled_content":false,"_jetpack_memberships_contains_paid_content":false,"footnotes":"","jetpack_publicize_message":"","jetpack_publicize_feature_enabled":true,"jetpack_social_post_already_shared":true,"jetpack_social_options":{"image_generator_settings":{"template":"highway","default_image_id":0,"enabled":false},"version":2}},"categories":[1161,44,7671,15],"tags":[8982,8983],"class_list":["post-52565","post","type-post","status-publish","format-standard","has-post-thumbnail","hentry","category-ciudadania","category-noticias-de-hoy","category-politica","category-ultimas-noticias","tag-banderas-de-andalucia-2022","tag-personalidades"],"jetpack_publicize_connections":[],"jetpack_featured_media_url":"https:\/\/i0.wp.com\/miradordeatarfe.es\/wp-content\/uploads\/2022\/02\/banderas-andalucia-k7vE-U1601087277903ZhH-624x385%40Ideal.jpg?fit=621%2C374&ssl=1","jetpack_likes_enabled":true,"jetpack_sharing_enabled":true,"_links":{"self":[{"href":"https:\/\/miradordeatarfe.es\/index.php?rest_route=\/wp\/v2\/posts\/52565","targetHints":{"allow":["GET"]}}],"collection":[{"href":"https:\/\/miradordeatarfe.es\/index.php?rest_route=\/wp\/v2\/posts"}],"about":[{"href":"https:\/\/miradordeatarfe.es\/index.php?rest_route=\/wp\/v2\/types\/post"}],"author":[{"embeddable":true,"href":"https:\/\/miradordeatarfe.es\/index.php?rest_route=\/wp\/v2\/users\/1"}],"replies":[{"embeddable":true,"href":"https:\/\/miradordeatarfe.es\/index.php?rest_route=%2Fwp%2Fv2%2Fcomments&post=52565"}],"version-history":[{"count":1,"href":"https:\/\/miradordeatarfe.es\/index.php?rest_route=\/wp\/v2\/posts\/52565\/revisions"}],"predecessor-version":[{"id":52567,"href":"https:\/\/miradordeatarfe.es\/index.php?rest_route=\/wp\/v2\/posts\/52565\/revisions\/52567"}],"wp:featuredmedia":[{"embeddable":true,"href":"https:\/\/miradordeatarfe.es\/index.php?rest_route=\/wp\/v2\/media\/52566"}],"wp:attachment":[{"href":"https:\/\/miradordeatarfe.es\/index.php?rest_route=%2Fwp%2Fv2%2Fmedia&parent=52565"}],"wp:term":[{"taxonomy":"category","embeddable":true,"href":"https:\/\/miradordeatarfe.es\/index.php?rest_route=%2Fwp%2Fv2%2Fcategories&post=52565"},{"taxonomy":"post_tag","embeddable":true,"href":"https:\/\/miradordeatarfe.es\/index.php?rest_route=%2Fwp%2Fv2%2Ftags&post=52565"}],"curies":[{"name":"wp","href":"https:\/\/api.w.org\/{rel}","templated":true}]}}