{"id":52607,"date":"2022-02-28T13:10:07","date_gmt":"2022-02-28T12:10:07","guid":{"rendered":"https:\/\/miradordeatarfe.es\/?p=52607"},"modified":"2023-10-20T10:17:39","modified_gmt":"2023-10-20T08:17:39","slug":"almudena-es-una-biblioteca-por-remedios-sanchez","status":"publish","type":"post","link":"https:\/\/miradordeatarfe.es\/?p=52607","title":{"rendered":"\u00abALMUDENA ES UNA BIBLIOTECA\u00bb por  Remedios S\u00e1nchez"},"content":{"rendered":"<h3 align=\"JUSTIFY\"><span style=\"font-family: Times New Roman, serif;\"><span style=\"font-size: medium;\"><span lang=\"es-ES\">Pudo ser un parque de \u00e1rboles frondosos donde los primeros gorriones anunciaran la primavera; o bien una calle plena de movimiento, con transe\u00fantes en las aceras de estas \u00faltimas lluvias que refrescan las tardes de febrero. Pero no. Almudena (y, cuando hablamos en Espa\u00f1a de Almudena, todo el mundo sabe que nos referimos a Almudena Grandes) es ya una biblioteca. Y no una cualquiera. <\/span><\/span><\/span><\/h3>\n<p align=\"JUSTIFY\"><span style=\"font-family: Times New Roman, serif;\"><span style=\"font-size: medium;\"><span lang=\"es-ES\">Por petici\u00f3n de los vecinos, Almudena es la biblioteca de un barrio obrero, militante y solidario como es el Zaid\u00edn, donde sus habitantes se levantan pronto para ir a trabajar y saben plantar cara a la complejidad que supone vivir y a las decisiones injustas. Contra la arbitrariedad, los zaidineros tienen la palabra y ese ha sido tambi\u00e9n el talante y el talento de Almudena. Basta escuchar cualquier entrevista, cualquier declaraci\u00f3n de la autora de \u2018Los episodios de una guerra interminable\u2019, para entender que no ha podido ser m\u00e1s afortunada la decisi\u00f3n de la Comisi\u00f3n de Honores y Distinciones del Ayuntamiento de Granada -tomada por unanimidad-; y adelant\u00e1ndose, adem\u00e1s, a otras ciudades que tambi\u00e9n tienen contra\u00edda una deuda impagable con una escritora que hizo de la memoria de un tiempo de dolor y silencio, de la realidad agria de cuarenta a\u00f1os en blanco y negro, el motor de su trayectoria literaria y vital, una forma de implicarse en la construcci\u00f3n de un futuro mejor. Sin rencor, pero con memoria. Porque la escritura aut\u00e9ntica, ser una intelectual de cuerpo entero, implica posicionarse en las causas te\u00f3ricamente perdidas, siempre en defensa de la verdad del d\u00e9bil, de los que han sido ignorados, de la sangre derramada en tapias de cementerios, en cunetas de caminos olvidados, en fosas sin nombre. <\/span><\/span><\/span><\/p>\n<p align=\"JUSTIFY\"><span style=\"font-family: Times New Roman, serif;\"><span style=\"font-size: medium;\"><span lang=\"es-ES\">Almudena Grandes eligi\u00f3 visibilizar los horrores cometidos para que no se repitan,<\/span><\/span><\/span> <span style=\"font-family: Times New Roman, serif;\"><span style=\"font-size: medium;\"><span lang=\"es-ES\">tanta muerte de inocentes, las sombras angustiosas y mezquinas, aunque implicara navegar por mares dif\u00edciles con el viento en contra, enfrentarse a esa t\u00e1cita voluntad de borr\u00f3n y cuenta nueva que ya implic\u00f3 el cierre en falso que fue la Transici\u00f3n. Por eso su novel\u00edstica ha alcanzado el coraz\u00f3n de una ciudadan\u00eda que ha tomado conciencia de la Historia colectiva a trav\u00e9s de la rotunda transparencia de \u2018In\u00e9s y la alegr\u00eda\u2019, \u2018El lector de Julio Verne\u2019 o \u2018Las tres bodas de Manolita\u2019, entre tantas otras. Pudo haber elegido la confortabilidad de quedarse al margen, pero no casaba con su car\u00e1cter radicalmente comprometido. Bien sab\u00eda que ser coherente, decir verdades, trae consecuencias, intentos burdos de manipulaci\u00f3n del discurso o las ideas, pero Almudena eligi\u00f3 convertirse en lo que ya es: la necesaria heredera de Gald\u00f3s. Y, a pesar de que temprano madrug\u00f3 la madrugada con una mujer que con su esfuerzo se ha convertido en un pilar de las letras espa\u00f1olas contempor\u00e1neas, nos deja un legado sereno de \u00e9tica, feminismo y libertad. Por eso su voz no se apaga y, ahora, desde el Zaid\u00edn se abraza a los libros, la protegen los l\u00edmpidos estantes, y su palabra se perpet\u00faa en las manos de personas normales. Mientras, fuera, en la sosegada modestia que es la plaza de su nuevo hogar granadino, zurean las palomariegas, se posan levemente en cada letra de su nombre y luego revolotean, sin alejarse demasiado. Como si comprendieran que la justicia para las grandes figuras de la literatura, para Almudena, tiene su espacio natural en la alta dignidad de una biblioteca.<\/span><\/span><\/span><\/p>\n","protected":false},"excerpt":{"rendered":"<p>Pudo ser un parque de \u00e1rboles frondosos donde los primeros gorriones anunciaran la primavera; o&#8230;<\/p>\n","protected":false},"author":1,"featured_media":52609,"comment_status":"closed","ping_status":"closed","sticky":false,"template":"","format":"standard","meta":{"_coblocks_attr":"","_coblocks_dimensions":"","_coblocks_responsive_height":"","_coblocks_accordion_ie_support":"","jetpack_post_was_ever_published":false,"_jetpack_newsletter_access":"","_jetpack_dont_email_post_to_subs":false,"_jetpack_newsletter_tier_id":0,"_jetpack_memberships_contains_paywalled_content":false,"_jetpack_memberships_contains_paid_content":false,"footnotes":"","jetpack_publicize_message":"","jetpack_publicize_feature_enabled":true,"jetpack_social_post_already_shared":true,"jetpack_social_options":{"image_generator_settings":{"template":"highway","default_image_id":0,"enabled":false},"version":2}},"categories":[1161,7721,6914],"tags":[8731,1113],"class_list":["post-52607","post","type-post","status-publish","format-standard","has-post-thumbnail","hentry","category-ciudadania","category-mujeres-que-cambiaron-la-historia","category-opinion-de-reme-sanchez","tag-almudena-grandes","tag-biblioteca"],"jetpack_publicize_connections":[],"jetpack_featured_media_url":"https:\/\/i0.wp.com\/miradordeatarfe.es\/wp-content\/uploads\/2022\/02\/274152164_10221301291662828_8820053609650111733_n.jpg?fit=1080%2C720&ssl=1","jetpack_likes_enabled":true,"jetpack_sharing_enabled":true,"_links":{"self":[{"href":"https:\/\/miradordeatarfe.es\/index.php?rest_route=\/wp\/v2\/posts\/52607","targetHints":{"allow":["GET"]}}],"collection":[{"href":"https:\/\/miradordeatarfe.es\/index.php?rest_route=\/wp\/v2\/posts"}],"about":[{"href":"https:\/\/miradordeatarfe.es\/index.php?rest_route=\/wp\/v2\/types\/post"}],"author":[{"embeddable":true,"href":"https:\/\/miradordeatarfe.es\/index.php?rest_route=\/wp\/v2\/users\/1"}],"replies":[{"embeddable":true,"href":"https:\/\/miradordeatarfe.es\/index.php?rest_route=%2Fwp%2Fv2%2Fcomments&post=52607"}],"version-history":[{"count":2,"href":"https:\/\/miradordeatarfe.es\/index.php?rest_route=\/wp\/v2\/posts\/52607\/revisions"}],"predecessor-version":[{"id":52610,"href":"https:\/\/miradordeatarfe.es\/index.php?rest_route=\/wp\/v2\/posts\/52607\/revisions\/52610"}],"wp:featuredmedia":[{"embeddable":true,"href":"https:\/\/miradordeatarfe.es\/index.php?rest_route=\/wp\/v2\/media\/52609"}],"wp:attachment":[{"href":"https:\/\/miradordeatarfe.es\/index.php?rest_route=%2Fwp%2Fv2%2Fmedia&parent=52607"}],"wp:term":[{"taxonomy":"category","embeddable":true,"href":"https:\/\/miradordeatarfe.es\/index.php?rest_route=%2Fwp%2Fv2%2Fcategories&post=52607"},{"taxonomy":"post_tag","embeddable":true,"href":"https:\/\/miradordeatarfe.es\/index.php?rest_route=%2Fwp%2Fv2%2Ftags&post=52607"}],"curies":[{"name":"wp","href":"https:\/\/api.w.org\/{rel}","templated":true}]}}