{"id":52611,"date":"2022-03-02T11:43:27","date_gmt":"2022-03-02T10:43:27","guid":{"rendered":"https:\/\/miradordeatarfe.es\/?p=52611"},"modified":"2022-03-03T19:07:44","modified_gmt":"2022-03-03T18:07:44","slug":"manuel-jimenez-lopez-logra-clasificarse-como-finalista-en-el-campeonato-de-espana-absoluto-de-pista-cubierta","status":"publish","type":"post","link":"https:\/\/miradordeatarfe.es\/?p=52611","title":{"rendered":"MANUEL JIM\u00c9NEZ L\u00d3PEZ LOGRA CLASIFICARSE COMO FINALISTA EN EL CAMPEONATO DE ESPA\u00d1A ABSOLUTO DE PISTA CUBIERTA. por Manuel Jim\u00e9nez"},"content":{"rendered":"<h3 align=\"JUSTIFY\"><span style=\"font-family: Arial, serif;\">Fin de semana con competiciones a nivel nacional en categor\u00eda absoluta o \u00e9lite para algunos de nuestros representantes. <\/span><\/h3>\n<p align=\"JUSTIFY\"><span style=\"font-family: Arial, serif;\">De un lado, Manuel Jim\u00e9nez L\u00f3pez alcanza un nuevo objetivo en su carrera atl\u00e9tica al participar en un Campeonato de Espa\u00f1a absoluto, el de Pista Cubierta disputado en Ourense y meterse en la final de los 3000 m.l. donde termin\u00f3 duod\u00e9cimo clasificado.<\/span><\/p>\n<p align=\"JUSTIFY\"><span style=\"font-family: Arial, serif;\">La gesta de Manuel ha de ser debidamente valorada pues el acceso a la final estuvo bastante caro siendo precisamente \u00e9l quien marc\u00f3 el corte con una exigente marca de 8.08.50. Se disputaron dos series, en la primera hasta seis atletas consiguieron MMP lo que es indicativo de que el ritmo fue alto y constante y en la que algunos atletas se sacrificaron en pos del \u00e9xito de sus compa\u00f1eros. Con estos antecedentes los participantes en la segunda eliminatoria sab\u00edan que ten\u00edan que arriesgar e ir lanzados a un ritmo cercano a 2.40 el mil, fue Manu quien asumi\u00f3 la responsabilidad inicial y marc\u00f3 el paso en las primeras vueltas, a partir de ah\u00ed se sucedieron varios atletas en punta y aunque el crono final del vencedor fue superior a la de la primera Manuel supo dosificar y conquistar la \u00faltima plaza que daba acceso a la tan ansiada final. <\/span><\/p>\n<p align=\"JUSTIFY\"><span style=\"font-family: Arial, serif;\">El esfuerzo realizado le limit\u00f3 en la disputa de la final donde poco m\u00e1s pudo hacer pues aun no tiene ni la madurez ni el bagaje de kil\u00f3metros suficientes para correr dos pruebas a la m\u00e1xima exigencia en menos de 24 horas. La carrera fue ganada por un inconmensurable Adel Mechaal que volvi\u00f3 a hacer doblete al imponerse tambi\u00e9n en los 1500 y postul\u00e1ndose para obtener medalla en el pr\u00f3ximo Mundial Indoor a disputar en un par de semanas en Belgrado. <\/span><\/p>\n<p align=\"JUSTIFY\"><span style=\"font-family: Arial, serif;\">Por su parte, Paula Jim\u00e9nez L\u00f3pez no quiso ser menos que su hermano menor y consigue clasificarse para el Campeonato de Espa\u00f1a de Duatlon categor\u00eda \u00e9lite en el clasificatorio disputado en la localidad soriana de Berlanga de Duero. En un circuito super exigente en pleno p\u00e1ramo castellano Paula supo sacar provecho de su buena carrera a pie para recuperar las posiciones cedidas en el sector ciclista y alcanzar el hito que supondr\u00e1 tomar parte en el nacional de la especialidad a disputar en el mes de abril en la localidad asturiana de Avil\u00e9s.<\/span><\/p>\n<p align=\"JUSTIFY\"><span style=\"font-family: Arial, serif;\">Ambos hermanos entrenan a las \u00f3rdenes de Eduardo Ramos, alma mater de la Escuela de Triatlon y del Triclub Baby School, que puede estar m\u00e1s que satisfecho del rendimiento de sus pupilos y \u00e9stos de la calidad de sus entrenamientos. <\/span><\/p>\n<p align=\"JUSTIFY\"><a href=\"https:\/\/i0.wp.com\/miradordeatarfe.es\/wp-content\/uploads\/2022\/03\/IMG_1057.jpg?ssl=1\"><img data-recalc-dims=\"1\" loading=\"lazy\" decoding=\"async\" class=\"alignnone wp-image-52613 size-full\" src=\"https:\/\/i0.wp.com\/miradordeatarfe.es\/wp-content\/uploads\/2022\/03\/IMG_1057.jpg?resize=640%2C633&#038;ssl=1\" alt=\"\" width=\"640\" height=\"633\" srcset=\"https:\/\/i0.wp.com\/miradordeatarfe.es\/wp-content\/uploads\/2022\/03\/IMG_1057.jpg?w=1169&amp;ssl=1 1169w, https:\/\/i0.wp.com\/miradordeatarfe.es\/wp-content\/uploads\/2022\/03\/IMG_1057.jpg?resize=300%2C297&amp;ssl=1 300w, https:\/\/i0.wp.com\/miradordeatarfe.es\/wp-content\/uploads\/2022\/03\/IMG_1057.jpg?resize=1024%2C1013&amp;ssl=1 1024w, https:\/\/i0.wp.com\/miradordeatarfe.es\/wp-content\/uploads\/2022\/03\/IMG_1057.jpg?resize=768%2C760&amp;ssl=1 768w\" sizes=\"auto, (max-width: 640px) 100vw, 640px\" \/><\/a><\/p>\n<p align=\"JUSTIFY\"><span style=\"font-family: Arial, serif;\">Adem\u00e1s aprovechando el puente del d\u00eda de Andaluc\u00eda hemos tenido atletas participando en varias provincias colindantes: en Almer\u00eda el fondista Jos\u00e9 Antonio Justicia Ruiz del Universo Running ha sido sexto en la modalidad de 10 k de la I Carrera Bomberos Ciudad de Almer\u00eda a pesar de sufrir una ca\u00edda en la salida; en Mijas, Antonio Romero del Ciudad Atarfe participa en su peculiar Media Marat\u00f3n. <\/span><\/p>\n<p align=\"JUSTIFY\"><a href=\"https:\/\/i0.wp.com\/miradordeatarfe.es\/wp-content\/uploads\/2022\/03\/IMG_1060.jpg?ssl=1\"><img data-recalc-dims=\"1\" loading=\"lazy\" decoding=\"async\" class=\"alignnone wp-image-52614 size-full\" src=\"https:\/\/i0.wp.com\/miradordeatarfe.es\/wp-content\/uploads\/2022\/03\/IMG_1060.jpg?resize=640%2C631&#038;ssl=1\" alt=\"\" width=\"640\" height=\"631\" srcset=\"https:\/\/i0.wp.com\/miradordeatarfe.es\/wp-content\/uploads\/2022\/03\/IMG_1060.jpg?w=1169&amp;ssl=1 1169w, https:\/\/i0.wp.com\/miradordeatarfe.es\/wp-content\/uploads\/2022\/03\/IMG_1060.jpg?resize=300%2C296&amp;ssl=1 300w, https:\/\/i0.wp.com\/miradordeatarfe.es\/wp-content\/uploads\/2022\/03\/IMG_1060.jpg?resize=1024%2C1009&amp;ssl=1 1024w, https:\/\/i0.wp.com\/miradordeatarfe.es\/wp-content\/uploads\/2022\/03\/IMG_1060.jpg?resize=768%2C757&amp;ssl=1 768w\" sizes=\"auto, (max-width: 640px) 100vw, 640px\" \/><\/a><\/p>\n<p align=\"JUSTIFY\"><span style=\"font-family: Arial, serif;\">Terminamos con la presentaci\u00f3n del cartel oficial del II Duatlon de Menores Atarfe que se celebrar\u00e1 en nuestra ciudad el pr\u00f3ximo 26 de marzo y que ser\u00e1 Campeonato de Andaluc\u00eda en categor\u00eda Alev\u00edn adem\u00e1s de ser prueba puntuable de la II Liga Andaluza de Escuelas de Triatlon y del VIII Circuito Andaluz de Duatlon de Menores. <\/span><\/p>\n<p align=\"JUSTIFY\"><a href=\"https:\/\/i0.wp.com\/miradordeatarfe.es\/wp-content\/uploads\/2022\/03\/IMG_1059.jpg?ssl=1\"><img data-recalc-dims=\"1\" loading=\"lazy\" decoding=\"async\" class=\"alignnone wp-image-52615 size-full\" src=\"https:\/\/i0.wp.com\/miradordeatarfe.es\/wp-content\/uploads\/2022\/03\/IMG_1059.jpg?resize=640%2C607&#038;ssl=1\" alt=\"\" width=\"640\" height=\"607\" srcset=\"https:\/\/i0.wp.com\/miradordeatarfe.es\/wp-content\/uploads\/2022\/03\/IMG_1059.jpg?w=1169&amp;ssl=1 1169w, https:\/\/i0.wp.com\/miradordeatarfe.es\/wp-content\/uploads\/2022\/03\/IMG_1059.jpg?resize=300%2C285&amp;ssl=1 300w, https:\/\/i0.wp.com\/miradordeatarfe.es\/wp-content\/uploads\/2022\/03\/IMG_1059.jpg?resize=1024%2C971&amp;ssl=1 1024w, https:\/\/i0.wp.com\/miradordeatarfe.es\/wp-content\/uploads\/2022\/03\/IMG_1059.jpg?resize=768%2C729&amp;ssl=1 768w\" sizes=\"auto, (max-width: 640px) 100vw, 640px\" \/><\/a><\/p>\n<p align=\"JUSTIFY\">POR MANUEL JIM\u00c9NEZ<\/p>\n","protected":false},"excerpt":{"rendered":"<p>Fin de semana con competiciones a nivel nacional en categor\u00eda absoluta o \u00e9lite para algunos&#8230;<\/p>\n","protected":false},"author":1,"featured_media":52739,"comment_status":"closed","ping_status":"closed","sticky":false,"template":"","format":"standard","meta":{"_coblocks_attr":"","_coblocks_dimensions":"","_coblocks_responsive_height":"","_coblocks_accordion_ie_support":"","jetpack_post_was_ever_published":false,"_jetpack_newsletter_access":"","_jetpack_dont_email_post_to_subs":false,"_jetpack_newsletter_tier_id":0,"_jetpack_memberships_contains_paywalled_content":false,"_jetpack_memberships_contains_paid_content":false,"footnotes":"","jetpack_publicize_message":"","jetpack_publicize_feature_enabled":true,"jetpack_social_post_already_shared":true,"jetpack_social_options":{"image_generator_settings":{"template":"highway","default_image_id":0,"enabled":false},"version":2}},"categories":[2,182,186,6915,44,15],"tags":[81,85,123],"class_list":["post-52611","post","type-post","status-publish","format-standard","has-post-thumbnail","hentry","category-atarfe","category-deportes","category-instituciones","category-opinion-de-manuel-jimenez","category-noticias-de-hoy","category-ultimas-noticias","tag-atarfe","tag-atletismo","tag-deportes"],"jetpack_publicize_connections":[],"jetpack_featured_media_url":"https:\/\/i0.wp.com\/miradordeatarfe.es\/wp-content\/uploads\/2022\/03\/IMG_1058-1.jpg?fit=1169%2C1106&ssl=1","jetpack_likes_enabled":true,"jetpack_sharing_enabled":true,"_links":{"self":[{"href":"https:\/\/miradordeatarfe.es\/index.php?rest_route=\/wp\/v2\/posts\/52611","targetHints":{"allow":["GET"]}}],"collection":[{"href":"https:\/\/miradordeatarfe.es\/index.php?rest_route=\/wp\/v2\/posts"}],"about":[{"href":"https:\/\/miradordeatarfe.es\/index.php?rest_route=\/wp\/v2\/types\/post"}],"author":[{"embeddable":true,"href":"https:\/\/miradordeatarfe.es\/index.php?rest_route=\/wp\/v2\/users\/1"}],"replies":[{"embeddable":true,"href":"https:\/\/miradordeatarfe.es\/index.php?rest_route=%2Fwp%2Fv2%2Fcomments&post=52611"}],"version-history":[{"count":3,"href":"https:\/\/miradordeatarfe.es\/index.php?rest_route=\/wp\/v2\/posts\/52611\/revisions"}],"predecessor-version":[{"id":52740,"href":"https:\/\/miradordeatarfe.es\/index.php?rest_route=\/wp\/v2\/posts\/52611\/revisions\/52740"}],"wp:featuredmedia":[{"embeddable":true,"href":"https:\/\/miradordeatarfe.es\/index.php?rest_route=\/wp\/v2\/media\/52739"}],"wp:attachment":[{"href":"https:\/\/miradordeatarfe.es\/index.php?rest_route=%2Fwp%2Fv2%2Fmedia&parent=52611"}],"wp:term":[{"taxonomy":"category","embeddable":true,"href":"https:\/\/miradordeatarfe.es\/index.php?rest_route=%2Fwp%2Fv2%2Fcategories&post=52611"},{"taxonomy":"post_tag","embeddable":true,"href":"https:\/\/miradordeatarfe.es\/index.php?rest_route=%2Fwp%2Fv2%2Ftags&post=52611"}],"curies":[{"name":"wp","href":"https:\/\/api.w.org\/{rel}","templated":true}]}}