{"id":52634,"date":"2022-03-03T10:47:44","date_gmt":"2022-03-03T09:47:44","guid":{"rendered":"https:\/\/miradordeatarfe.es\/?p=52634"},"modified":"2022-03-02T12:19:09","modified_gmt":"2022-03-02T11:19:09","slug":"escolarizacion-para-el-curso-2022-2023-en-andalucia-plazos-y-criterios-de-admision","status":"publish","type":"post","link":"https:\/\/miradordeatarfe.es\/?p=52634","title":{"rendered":"ATARFE: Escolarizaci\u00f3n para el curso 2022\/2023 en Andaluc\u00eda: plazos y criterios de admisi\u00f3n"},"content":{"rendered":"<h3 class=\"voc-sub-title\" style=\"text-align: justify;\">El proceso de presentaci\u00f3n de solicitudes comenz\u00f3 el d\u00eda 1 y se extender\u00e1 durante todo el mes; la adjudicaci\u00f3n de plazas tendr\u00e1 lugar en mayo<\/h3>\n<div class=\"voc-detail\" data-voc-share-selection=\"\">\n<p class=\"voc-paragraph\" style=\"text-align: justify;\">El proceso de escolarizaci\u00f3n en Andaluc\u00eda para el ejercicio 2022\/2023 comenzar\u00e1 el pr\u00f3ximo d\u00eda 1 de marzo. Se abrir\u00e1 entonces el plazo para la presentaci\u00f3n de solicitudes de admisi\u00f3n en los 444 centros p\u00fablicos de la comunidad aut\u00f3noma para las ense\u00f1anzas de Educaci\u00f3n Infantil, Primaria, Educaci\u00f3n Especial, Educaci\u00f3n Secundaria Obligatoria (ESO) y Bachillerato. <strong>El mismo permanecer\u00e1 abierto hasta el d\u00eda 31 de dicho mes.<\/strong><\/p>\n<p class=\"voc-paragraph\" style=\"text-align: justify;\">Empezar\u00e1 entonces el proceso de adjudicaci\u00f3n de las 161.250 plazas p\u00fablicas y concertadas que la Consejer\u00eda de Educaci\u00f3n y Deporte de la Junta de Andaluc\u00eda oferta para el pr\u00f3ximo curso. Este viene pautado. Del d\u00eda 5 al 18 de abril se abrir\u00e1 la relaci\u00f3n baremada del alumnado solicitante, mientras que del 19 de abril al 3 de mayo se desarrollar\u00e1 el tr\u00e1mite de audiencia. El d\u00eda 16 de mayo, ser\u00e1 el sorteo p\u00fablico para dirimir empates.<\/p>\n<p class=\"voc-paragraph\" style=\"text-align: justify;\">Tan solo una jornada despu\u00e9s, el 17 de mayo, se publicar\u00e1 la resoluci\u00f3n del procedimiento de admisi\u00f3n, mientras que el 26 del mismo mes se publicar\u00e1 la resoluci\u00f3n de la adjudicaci\u00f3n de plaza del alumnado no admitido en los centros docentes elegidos como prioritarios, lo que se conoce como reubicaci\u00f3n. Del 27 de mayo al 26 de junio, se abre el lapso previsto para las reclamaciones o la presentaci\u00f3n de recursos, si bien entretanto, entre el 1 y el 8 de junio, la Junta habilitar\u00e1 el plazo de matriculaci\u00f3n para el segundo ciclo de Educaci\u00f3n Infantil, Primaria y Educaci\u00f3n Especial. Para la ESO y Bachillerato, este tramo va del d\u00eda 1 al 11 de julio.<\/p>\n<div class=\"voc-detail__cmp voc-detail__cmp--title voc-detail__cmp--no-margin\" style=\"text-align: justify;\">\n<h3 class=\"voc-detail__title\">Criterios<\/h3>\n<\/div>\n<p class=\"voc-paragraph\" style=\"text-align: justify;\">En aquellos casos en los que los colegios o institutos no disponen de suficientes plazas para cubrir todas las solicitudes, se aplicar\u00e1n los mismos criterios de admisi\u00f3n que el curso pasado. A los alumnos se les otorgar\u00e1n 14 puntos si disponen de hermanos en el centro y por proximidad al domicilio familiar. Son las circunstancias m\u00e1s beneficiosas en la adjudicaci\u00f3n de plazas. A partir de ah\u00ed, con menor prioridad, se analiza la renta per c\u00e1pita, si existe discapacidad en el estudiante que se va a matricular, si este pertenece a familia numerosa o el expediente acad\u00e9mico, entre otros factores.<\/p>\n<p class=\"voc-paragraph\" style=\"text-align: justify;\">Estos son todos los criterios y su equivalencia en puntos:<\/p>\n<div class=\"voc-detail__cmp\">\n<div class=\"voc-article-container\">\n<article class=\"voc-article voc-article--cmp-photo-text\">\n<div class=\"voc-img-container\">\n<div class=\"voc-horizontal voc-img-icon-link\"><img data-recalc-dims=\"1\" decoding=\"async\" class=\"lazy\" src=\"https:\/\/i0.wp.com\/static1.ideal.es\/www\/multimedia\/202202\/25\/media\/cortadas\/criterios-matriculacion-junta-andalucia-2022-23-kVII-U1601114280839Rd-624x805%40Ideal.jpg?w=640&#038;ssl=1\" alt=\"Criterios de admisi\u00f3n. \" data-original=\"\/\/static1.ideal.es\/www\/multimedia\/202202\/25\/media\/cortadas\/criterios-matriculacion-junta-andalucia-2022-23-kVII-U1601114280839Rd-624x805@Ideal.jpg\" \/><\/div>\n<p class=\"figure-caption \">Criterios de admisi\u00f3n. \/ <span class=\"voc-photo-author\"> JUNTA DE ANDALUC\u00cdA <\/span><\/p>\n<p><a class=\"voc-author\" title=\"CHEMA RUIZ ESPA\u00d1A\"><strong>CHEMA RUIZ ESPA\u00d1A<\/strong> <\/a><time><\/time><\/p>\n<p>FOTO: <span class=\"voc-photo-caption\">Una profesora da clase en un colegio de Granada. \/ <\/span><span class=\"voc-photo-author\">R. C.<\/span><\/p>\n<p>https:\/\/www.ideal.es\/andalucia\/escolarizacion-curso-20222023-andalucia-plazos-criterios-admision-20220225121536-nt.html<\/p>\n<\/div>\n<\/article>\n<\/div>\n<\/div>\n<\/div>\n","protected":false},"excerpt":{"rendered":"<p>El proceso de presentaci\u00f3n de solicitudes comenz\u00f3 el d\u00eda 1 y se extender\u00e1 durante todo&#8230;<\/p>\n","protected":false},"author":1,"featured_media":52635,"comment_status":"closed","ping_status":"closed","sticky":false,"template":"","format":"standard","meta":{"_coblocks_attr":"","_coblocks_dimensions":"","_coblocks_responsive_height":"","_coblocks_accordion_ie_support":"","jetpack_post_was_ever_published":false,"_jetpack_newsletter_access":"","_jetpack_dont_email_post_to_subs":false,"_jetpack_newsletter_tier_id":0,"_jetpack_memberships_contains_paywalled_content":false,"_jetpack_memberships_contains_paid_content":false,"footnotes":"","jetpack_publicize_message":"","jetpack_publicize_feature_enabled":true,"jetpack_social_post_already_shared":true,"jetpack_social_options":{"image_generator_settings":{"template":"highway","default_image_id":0,"enabled":false},"version":2}},"categories":[2,187,1161,44,6920],"tags":[81,526,2035],"class_list":["post-52634","post","type-post","status-publish","format-standard","has-post-thumbnail","hentry","category-atarfe","category-centros-educativos","category-ciudadania","category-noticias-de-hoy","category-tecnologia","tag-atarfe","tag-centros-educativos","tag-escolarizacion"],"jetpack_publicize_connections":[],"jetpack_featured_media_url":"https:\/\/i0.wp.com\/miradordeatarfe.es\/wp-content\/uploads\/2022\/03\/colegio-clase-granada-rc-kVII-U1601114280839LTD-624x385%40Ideal.jpg?fit=624%2C385&ssl=1","jetpack_likes_enabled":true,"jetpack_sharing_enabled":true,"_links":{"self":[{"href":"https:\/\/miradordeatarfe.es\/index.php?rest_route=\/wp\/v2\/posts\/52634","targetHints":{"allow":["GET"]}}],"collection":[{"href":"https:\/\/miradordeatarfe.es\/index.php?rest_route=\/wp\/v2\/posts"}],"about":[{"href":"https:\/\/miradordeatarfe.es\/index.php?rest_route=\/wp\/v2\/types\/post"}],"author":[{"embeddable":true,"href":"https:\/\/miradordeatarfe.es\/index.php?rest_route=\/wp\/v2\/users\/1"}],"replies":[{"embeddable":true,"href":"https:\/\/miradordeatarfe.es\/index.php?rest_route=%2Fwp%2Fv2%2Fcomments&post=52634"}],"version-history":[{"count":3,"href":"https:\/\/miradordeatarfe.es\/index.php?rest_route=\/wp\/v2\/posts\/52634\/revisions"}],"predecessor-version":[{"id":52650,"href":"https:\/\/miradordeatarfe.es\/index.php?rest_route=\/wp\/v2\/posts\/52634\/revisions\/52650"}],"wp:featuredmedia":[{"embeddable":true,"href":"https:\/\/miradordeatarfe.es\/index.php?rest_route=\/wp\/v2\/media\/52635"}],"wp:attachment":[{"href":"https:\/\/miradordeatarfe.es\/index.php?rest_route=%2Fwp%2Fv2%2Fmedia&parent=52634"}],"wp:term":[{"taxonomy":"category","embeddable":true,"href":"https:\/\/miradordeatarfe.es\/index.php?rest_route=%2Fwp%2Fv2%2Fcategories&post=52634"},{"taxonomy":"post_tag","embeddable":true,"href":"https:\/\/miradordeatarfe.es\/index.php?rest_route=%2Fwp%2Fv2%2Ftags&post=52634"}],"curies":[{"name":"wp","href":"https:\/\/api.w.org\/{rel}","templated":true}]}}