{"id":5265,"date":"2015-12-11T08:11:02","date_gmt":"2015-12-11T08:11:02","guid":{"rendered":"http:\/\/miradordeatarfe.es\/?p=5265"},"modified":"2015-12-12T15:19:54","modified_gmt":"2015-12-12T15:19:54","slug":"la-fibromialgia-ya-es-una-enfermedad-con-derecho-a-prestacion","status":"publish","type":"post","link":"https:\/\/miradordeatarfe.es\/?p=5265","title":{"rendered":"La fibromialgia ya es una enfermedad con derecho a prestaci\u00f3n"},"content":{"rendered":"<div class=\"group131_div1\">\n<div class=\"group131_div3\">\n<div class=\"group131_div_content5\">\n<div class=\"group131_div_content7\">\n<div class=\"news_ext_cont news_ext_img_mini\">\n<div class=\"news_ext_body2\">\n<p style=\"text-align: justify;\">El TSJC dictamina que la dolencia es motivo para obtener la invalidez permanente.Cada d\u00eda son m\u00e1s las sentencias que consideran que las personas que padecen fibromialgia, una enfermedad degenerativa que conlleva otras afecciones como la fatiga cr\u00f3nica y la depresi\u00f3n, tienen derecho a recibir las prestaciones de invalidez absoluta de la Seguridad Social.<\/p>\n<p style=\"text-align: justify;\"><!--more--><\/p>\n<p style=\"text-align: justify;\">El INSS no reconoce ning\u00fan tipo de prestaci\u00f3n, o s\u00f3lo lo hace de forma parcial, por lo que los afectados deben recurrir por v\u00eda judicial. Durante a\u00f1os, los tribunales rechazaban las peticiones. Pero ahora es diferente.<\/p>\n<p style=\"text-align: justify;\">La Sala de lo Social del Tribunal Superior de Justicia de Catalu\u00f1a dict\u00f3 una nueva sentencia \u2013el 28 de octubre de 2015- que da la raz\u00f3n a la demandante, una mujer de Girona trabajadora de una industria qu\u00edmica, porque \u201clas dolencias que padece configuran un cuadro que le impide un correcto desarrollo de todo tipo de trabajo, incluidas las tareas de naturaleza sedentaria que no requieren esfuerzos f\u00edsicos especialmente intensos\u201d.<\/p>\n<p style=\"text-align: justify;\"><strong>Se desestima el recurso de la Seguridad Social<\/strong><\/p>\n<p style=\"text-align: justify;\">La sentencia a\u00f1ade que la demandante \u00abse encuentra afectada por un trastorno mayor de car\u00e1cter grave, que se presenta con intensidad suficiente como para anular su capacidad laboral, a lo que se a\u00f1aden las restantes dolencias degenerativas\u00bb. Por todo ello, el TSJC desestima el recurso de suplicaci\u00f3n interpuesto por el Instituto Nacional de la Seguridad Social (INSS) contra la sentencia que ya dict\u00f3 el Juzgado de lo Social 1 de Girona en 2013<\/p>\n<p style=\"text-align: justify;\">El abogado de la demandante, Antonio D\u00edaz Tarrag\u00f3 explica que estas sentencias abren una puerta al futuro de los afectados, porque estos \u201cson tributarios de una incapacidad permanente absoluta con cuadros cr\u00f3nicas, persistentes, graves o severos\u201d. La degeneraci\u00f3n de la enfermedad sit\u00faa en este estadio a la mayor\u00eda de las personas que la padecen.<\/p>\n<\/div>\n<\/div>\n<div class=\"banner_horizontal\" style=\"text-align: justify;\"><\/div>\n<\/div>\n<\/div>\n<\/div>\n<\/div>\n<p style=\"text-align: justify;\">\n","protected":false},"excerpt":{"rendered":"<p>El TSJC dictamina que la dolencia es motivo para obtener la invalidez permanente.Cada d\u00eda son&#8230;<\/p>\n","protected":false},"author":1,"featured_media":0,"comment_status":"closed","ping_status":"closed","sticky":false,"template":"","format":"standard","meta":{"_coblocks_attr":"","_coblocks_dimensions":"","_coblocks_responsive_height":"","_coblocks_accordion_ie_support":"","jetpack_post_was_ever_published":false,"_jetpack_newsletter_access":"","_jetpack_dont_email_post_to_subs":false,"_jetpack_newsletter_tier_id":0,"_jetpack_memberships_contains_paywalled_content":false,"_jetpack_memberships_contains_paid_content":false,"footnotes":"","jetpack_publicize_message":"","jetpack_publicize_feature_enabled":true,"jetpack_social_post_already_shared":false,"jetpack_social_options":{"image_generator_settings":{"template":"highway","default_image_id":0,"enabled":false},"version":2}},"categories":[1161,186,15,10],"tags":[1012,1253,610,485],"class_list":["post-5265","post","type-post","status-publish","format-standard","hentry","category-ciudadania","category-instituciones","category-ultimas-noticias","category-salud","tag-derechos","tag-enfermedad","tag-fibromialgia","tag-prestaciones"],"jetpack_publicize_connections":[],"jetpack_featured_media_url":"","jetpack_likes_enabled":true,"jetpack_sharing_enabled":true,"_links":{"self":[{"href":"https:\/\/miradordeatarfe.es\/index.php?rest_route=\/wp\/v2\/posts\/5265","targetHints":{"allow":["GET"]}}],"collection":[{"href":"https:\/\/miradordeatarfe.es\/index.php?rest_route=\/wp\/v2\/posts"}],"about":[{"href":"https:\/\/miradordeatarfe.es\/index.php?rest_route=\/wp\/v2\/types\/post"}],"author":[{"embeddable":true,"href":"https:\/\/miradordeatarfe.es\/index.php?rest_route=\/wp\/v2\/users\/1"}],"replies":[{"embeddable":true,"href":"https:\/\/miradordeatarfe.es\/index.php?rest_route=%2Fwp%2Fv2%2Fcomments&post=5265"}],"version-history":[{"count":1,"href":"https:\/\/miradordeatarfe.es\/index.php?rest_route=\/wp\/v2\/posts\/5265\/revisions"}],"predecessor-version":[{"id":5266,"href":"https:\/\/miradordeatarfe.es\/index.php?rest_route=\/wp\/v2\/posts\/5265\/revisions\/5266"}],"wp:attachment":[{"href":"https:\/\/miradordeatarfe.es\/index.php?rest_route=%2Fwp%2Fv2%2Fmedia&parent=5265"}],"wp:term":[{"taxonomy":"category","embeddable":true,"href":"https:\/\/miradordeatarfe.es\/index.php?rest_route=%2Fwp%2Fv2%2Fcategories&post=5265"},{"taxonomy":"post_tag","embeddable":true,"href":"https:\/\/miradordeatarfe.es\/index.php?rest_route=%2Fwp%2Fv2%2Ftags&post=5265"}],"curies":[{"name":"wp","href":"https:\/\/api.w.org\/{rel}","templated":true}]}}