{"id":52651,"date":"2022-03-09T10:23:54","date_gmt":"2022-03-09T09:23:54","guid":{"rendered":"https:\/\/miradordeatarfe.es\/?p=52651"},"modified":"2023-10-20T10:14:55","modified_gmt":"2023-10-20T08:14:55","slug":"11-discursos-feministas-que-todo-hombre-deberia-escuchar","status":"publish","type":"post","link":"https:\/\/miradordeatarfe.es\/?p=52651","title":{"rendered":"11 discursos feministas que todo hombre deber\u00eda escuchar"},"content":{"rendered":"<header class=\"content-header standard-header\">\n<div class=\"content-header-inner\">\n<div class=\"content-dek standard-dek\" style=\"text-align: justify;\">\n<h3>Porque quiz\u00e1s te ayuden a comprender su causa<\/h3>\n<\/div>\n<\/div>\n<\/header>\n<div class=\"content-container standard-container\">\n<div class=\"standard-body\">\n<div class=\"article-body-content standard-body-content\">\n<p class=\"body-text\" style=\"text-align: justify;\">A todos se nos puso un nudito en la garganta cuando escuchamos <a class=\"body-link\" href=\"https:\/\/www.esquire.com\/es\/actualidad\/cine\/a14777877\/discurso-oprah-winfrey-globos-de-oro\/\" target=\"_blank\" rel=\"noopener\" data-href=\"https:\/\/www.esquire.com\/es\/actualidad\/cine\/a14777877\/discurso-oprah-winfrey-globos-de-oro\/\" data-vars-ga-outbound-link=\"https:\/\/www.esquire.com\/es\/actualidad\/cine\/a14777877\/discurso-oprah-winfrey-globos-de-oro\/\">hablar a Oprah Winfrey en la ceremonia de entrega e los Globos de Oro.<\/a> Vimos a toda la flor y nata del cine y la televisi\u00f3n hollywoodiense con los ojos anegados de l\u00e1grimas, conteniendo la respiraci\u00f3n, mientras la diosa del showbusiness arremet\u00eda con su discurso directo contra \u201clos hombres poderosos y brutales\u201d que durante tanto tiempo han dominado el cotarro. \u201cSu momento ha llegado. Se acab\u00f3 el tiempo\u201d, sentenci\u00f3. Su impacto fue tal que hasta se habl\u00f3 de que acabar\u00eda en la Casa Blanca. Ser\u00eda todo un cambio tras los desvar\u00edos del presidente machista, racista y cenutrio que gobierna el pa\u00eds, y a m\u00ed me har\u00eda muy feliz, aunque solo fuera por ver qu\u00e9 cara pone Trump al enterarse de que su reemplazo es una mujer negra nacida en la m\u00e1s abyecta pobreza.<\/p>\n<p class=\"body-text\" style=\"text-align: justify;\">Pero el discurso de Oprah no es el \u00fanico que merece la pena destacar. Ha habido y hay mujeres (y hombres) que han dejado bien claro, sin pelos en la lengua, que ya es hora de acabar con la supremac\u00eda machista y empezar con la aut\u00e9ntica igualdad, a trav\u00e9s de unos discursos que todo hombre que se precie deber\u00eda escuchar. En el \u00e1mbito laboral, en el hogar, en las relaciones de pareja, cuando salimos de juerga\u2026 los hombres y las mujeres somos iguales, con las mismas obligaciones y derechos, se nos debe juzgar siempre por el mismo rasero, y premiar por las mismas cualidades. Como bien defienden en estos once discursos feministas.<\/p>\n<p style=\"text-align: justify;\"><strong>Madonna en la entrega de los Billboard (2016)<\/strong><br \/>\nLa diosa del pop llor\u00f3 y nos hizo llorar a todos mientras relataba los episodios de sexismo y de misoginia, de intimidaci\u00f3n constante y de abuso implacable que tuvo que soportar al inicio de su carrera, la violaci\u00f3n que sufri\u00f3 a punta de pistola, los repetidos actos de violencia. La cantante explic\u00f3 adem\u00e1s que feminismo y sexualidad no son conceptos antag\u00f3nicos, como algunas personas pretenden hacernos creer. Dudo que las intelectuales francesas encabezadas por la Deneuve tengan a Madonna como ejemplo de puritanismo, aunque, despu\u00e9s de lo que he le\u00eddo en su manifiesto, qui\u00e9n sabe lo que piensan. Como prueba del acoso que ha sufrido la cantante, tenemos la entrevista que le hicieron en 1992 Martes y Trece para RTVE. Da verg\u00fcenza ajena.<\/p>\n<p><div class=\"jetpack-video-wrapper\"><iframe loading=\"lazy\" title=\"Madonna  entrevistada por martes y 13\" width=\"640\" height=\"480\" src=\"https:\/\/www.youtube.com\/embed\/pIak-52DInA?feature=oembed\" frameborder=\"0\" allow=\"accelerometer; autoplay; clipboard-write; encrypted-media; gyroscope; picture-in-picture; web-share\" referrerpolicy=\"strict-origin-when-cross-origin\" allowfullscreen><\/iframe><\/div>\n<\/p>\n<p style=\"text-align: justify;\"><a href=\"https:\/\/youtu.be\/pIak-52DInA\">https:\/\/youtu.be\/pIak-52DInA<\/a><\/p>\n<h3 style=\"text-align: justify;\"><strong>Chimamanda Ngozi Adichie en su charla TED (2012)<\/strong><\/h3>\n<p class=\"body-text\" style=\"text-align: justify;\">La novelista nigeriana Chimamanda Ngozi Adichie nos habla de feminismo, de c\u00f3mo ense\u00f1amos a nuestras hijas a tener ambici\u00f3n, pero no mucha. A aspirar al \u00e9xito, pero no demasiado\u2026 pues eso a los hombres les parece una amenaza.<\/p>\n<p class=\"body-text\" style=\"text-align: justify;\">Su mensaje es positivo, nos pide que comencemos a so\u00f1ar y planificar un mundo diferente, m\u00e1s justo, de hombres y mujeres m\u00e1s felices y m\u00e1s aut\u00e9nticos.<\/p>\n<h2 class=\"body-text\" style=\"text-align: justify;\">Puedes verla <a class=\"body-link\" href=\"https:\/\/www.ted.com\/talks\/chimamanda_ngozi_adichie_we_should_all_be_feminists?language=es#t-38467\" target=\"_blank\" rel=\"noopener\" data-href=\"https:\/\/www.ted.com\/talks\/chimamanda_ngozi_adichie_we_should_all_be_feminists?language=es#t-38467\" data-vars-ga-outbound-link=\"https:\/\/www.ted.com\/talks\/chimamanda_ngozi_adichie_we_should_all_be_feminists?language=es#t-38467\">aqu\u00ed<\/a>.<\/h2>\n<h3 style=\"text-align: justify;\"><strong>La respuesta de Helen Mirren al sexista Michael Parkinson (1975)<\/strong><\/h3>\n<p style=\"text-align: justify;\">No es un discurso, pero merece la pena echarle un vistazo. El periodista Michael Parkinson se atrevi\u00f3 a sugerir a Helen Mirren en una entrevista televisada que su \u201cequipamiento\u201d pod\u00eda no ser bueno para que se la considerase una actriz seria. Mirren, at\u00f3nita, le interrumpe. \u201cMe gustar\u00eda que explicaras qu\u00e9 es para ti \u201cmi equipamiento\u201d. \u201cTus atributos f\u00edsicos\u201d, suelta Parkinson. \u201c\u00bfMis dedos? \u00bfO acaso sugieres que las actrices serias no pueden tener pechos grandes?\u201d, pregunta directamente Mirren. En lugar de disculparse o evadir el tema a Parkinson solo se le ocurre a\u00f1adir: \u201cCreo que pueden distraer al espectador de tu actuaci\u00f3n\u201d. No, hombre, no. Cuando est\u00e1s en la mierda, no te muevas. Aunque en ingl\u00e9s todo suene m\u00e1s pomposo y m\u00e1s fino, en realidad las palabras de Parkinson eran un zafio \u201cVaya par de aldabas\u201d. Y habr\u00e1 quien se crea que eso es un cumplido.<\/p>\n<p><div class=\"jetpack-video-wrapper\"><iframe loading=\"lazy\" title=\"As\u00ed respondi\u00f3 Helen Mirren a una entrevista sexista en 1975\" width=\"640\" height=\"360\" src=\"https:\/\/www.youtube.com\/embed\/JghD-apdHAw?feature=oembed\" frameborder=\"0\" allow=\"accelerometer; autoplay; clipboard-write; encrypted-media; gyroscope; picture-in-picture; web-share\" referrerpolicy=\"strict-origin-when-cross-origin\" allowfullscreen><\/iframe><\/div>\n<\/p>\n<h3 style=\"text-align: justify;\"><strong>Emma Watson en su discurso de la campa\u00f1a HeForShe, en la ONU (2014)<\/strong><\/h3>\n<p style=\"text-align: justify;\">Para m\u00ed es una hero\u00edna con cara de \u00e1ngel y voluntad de hierro. El 20 de septiembre de 2014, la actriz y fil\u00e1ntropa dio un emotivo discurso en el que defendi\u00f3 la igualdad pol\u00edtica, econ\u00f3mica y social de los sexos, y en donde exhort\u00f3 a hombres y mujeres a luchar por la libertad y la igualdad. No entiendo por qu\u00e9 tiene tantos detractores, cuando su discurso es una llamada a la justicia y a la colaboraci\u00f3n, y su labor, como embajadora de buena voluntad de la ONU, la lleva a dejarse la piel en los pa\u00edses m\u00e1s remotos del mundo para acabar con la desigualdad.<\/p>\n<p><div class=\"jetpack-video-wrapper\"><iframe loading=\"lazy\" title=\"Emma Watson en la ONU Subtitulado en Espa\u00f1ol HD\" width=\"640\" height=\"360\" src=\"https:\/\/www.youtube.com\/embed\/xottL3JnaQw?feature=oembed\" frameborder=\"0\" allow=\"accelerometer; autoplay; clipboard-write; encrypted-media; gyroscope; picture-in-picture; web-share\" referrerpolicy=\"strict-origin-when-cross-origin\" allowfullscreen><\/iframe><\/div>\n<\/p>\n<h3 class=\"standard-body\" style=\"text-align: justify;\"><strong>Taylor Swift en los Grammy (2016)<\/strong><\/h3>\n<p class=\"standard-body\" style=\"text-align: justify;\">\nLa artista country no desperdici\u00f3 la oportunidad al recoger su Grammy como mejor artista de 2016 para plantarle cara a Kayne West, mediante este este mensaje reivindicativo: \u201cQuiero decir a todas las mujeres j\u00f3venes: habr\u00e1 gente en el camino que tratar\u00e1 de despreciar vuestro \u00e9xito o llevarse el cr\u00e9dito por vuestros logros o vuestra fama. Pero si te centras en el trabajo y no dejas que esa gente te confunda, alg\u00fan d\u00eda llegar\u00e1s a tu destino, mirar\u00e1s a tu alrededor y sabr\u00e1s que fuiste t\u00fa y la gente que te quiere los que te colocaron aqu\u00ed arriba, y ser\u00e1 el mejor sentimiento del mundo\u201d. La bronca entre West y Swift se remonta al a\u00f1o 2009 cuando el rapero interrumpi\u00f3 el discurso de agradecimiento de la cantante en la ceremonia de los MTV para decir que el premio que se llevaba Swift se lo merec\u00eda Beyonc\u00e9 y no ella<\/p>\n<p class=\"article-body-content standard-body-content\" style=\"text-align: justify;\">\n<p><div class=\"jetpack-video-wrapper\"><iframe loading=\"lazy\" title=\"Taylor Swift | Album of the Year | 58th GRAMMYs\" width=\"640\" height=\"360\" src=\"https:\/\/www.youtube.com\/embed\/dMCAEUb0h34?feature=oembed\" frameborder=\"0\" allow=\"accelerometer; autoplay; clipboard-write; encrypted-media; gyroscope; picture-in-picture; web-share\" referrerpolicy=\"strict-origin-when-cross-origin\" allowfullscreen><\/iframe><\/div>\n<\/p>\n<div class=\"embed embed-iframe embed-youtube show-on-consent media-loader media-loaded lazyloaded\" style=\"text-align: justify;\">\n<div class=\"embed-inner\">\u00a0<\/div>\n<\/div>\n<p class=\"article-body-content standard-body-content\" style=\"text-align: justify;\"><strong>Natalia de Molina en los Goya (2016)<\/strong><\/p>\n<div style=\"text-align: justify;\">\u00a0<\/div>\n<div class=\"article-body-content standard-body-content\" style=\"text-align: justify;\">Al ganar su Goya por Techo, por su interpretaci\u00f3n de Roc\u00edo, la actriz linarense lanz\u00f3 este breve pero rotundo mensaje a la industria cinematogr\u00e1fica: \u201cCreo que le cine tambi\u00e9n gana cuando se le da m\u00e1s espacio a las mujeres, que somos muchas\u201d. Profundamente emocionada, la actriz hizo un alegato en favor de todas las madres, reconociendo que todo lo conseguido se lo debe a la suya, al apoyo que siempre le ha dado.<\/div>\n<div class=\"article-body-content standard-body-content\" style=\"text-align: justify;\">\n<div id=\"ad-article-rail-2\" class=\"ad-container\">\n<div id=\"gpt_gal_2\" class=\"gpt-adslot noskim\" data-google-query-id=\"CPbrlpyop_YCFSynJwIdqY4GRw\">\n<h3><a href=\"https:\/\/youtu.be\/Jjo_l_vOIHY\">https:\/\/youtu.be\/Jjo_l_vOIHY<\/a><\/h3>\n<p>&nbsp;<\/p>\n<h3 id=\"google_ads_iframe_\/36117602\/hmies-esquire\/sexo\/breaker_5__container__\">\u00a0<strong>Patricia Arquette en los \u00d3scar (2015)<\/strong><\/h3>\n<\/div>\n<\/div>\n<p class=\"body-text\">La desigualdad salarial fue lo que denunci\u00f3 Patricia Arquette cuando fue a recoger la estatuilla por su interpretaci\u00f3n en <em>Boyhood<\/em>. Dedic\u00f3 el premio a todas las mujeres \u201cque dieron a luz a cada contribuyente y ciudadano\u201d. Record\u00f3 que a pesar de que las mujeres han luchado por apoyar otros muchos colectivos, hab\u00eda llegado el momento de \u201cluchar por los suyos propios y conseguir la igualdad salarial de una vez por todas\u201d.<\/p>\n<p class=\"body-text\">La actriz cree que su discurso le cost\u00f3 muy caro, pues pas\u00f3 mucho tiempo despu\u00e9s de la ceremonia sin recibir ofertas laborales. Al final en 2017 trabaj\u00f3 en <em>Permanent<\/em>, una comedia juvenil que no se ha estrenado en nuestro pa\u00eds, y ahora mismo presta su voz en <em>Toy Story 4<\/em>. Esperemos que esa inactividad se debiera solo a una mala racha que ya pas\u00f3.<\/p>\n<\/div>\n<p><div class=\"jetpack-video-wrapper\"><iframe loading=\"lazy\" title=\"Discurso de Patricia Arquette en los premios Oscar 2015\" width=\"640\" height=\"360\" src=\"https:\/\/www.youtube.com\/embed\/yIFSJZf6yYs?feature=oembed\" frameborder=\"0\" allow=\"accelerometer; autoplay; clipboard-write; encrypted-media; gyroscope; picture-in-picture; web-share\" referrerpolicy=\"strict-origin-when-cross-origin\" allowfullscreen><\/iframe><\/div>\n<\/p>\n<div class=\"article-body-content standard-body-content\" style=\"text-align: justify;\">\n<h3 class=\"body-text\"><strong>Barack y Michelle Obama, respectivamente<\/strong><\/h3>\n<p class=\"body-text\">Con motivo de su 55 cumplea\u00f1os, el (entonces) presidente de los Estados Unidos, Obama habl\u00f3 sobre c\u00f3mo sus dos hijas le hicieron comprender la importancia de la igualdad de g\u00e9nero y darse cuenta de que a\u00fan existe un largo camino para que las mujeres consigan las mismas condiciones laborales que los hombres. Pero a la que realmente hay que escuchar es a su mujer Michelle, que en 2016, en plena campa\u00f1a electoral, arremeti\u00f3 contra Donald Trump, contra su falta de respeto, a hombres y mujeres, por sus continuos comentarios machistas. \u201cSiento esto de manera personal. Los comentarios vergonzosos sobre nuestros cuerpos, la falta de respeto a nuestras ambiciones y a nuestro intelecto, la idea de que puedes hacerle cualquier cosa a una mujer. Es cruel. Da miedo. Y la verdad es que hace da\u00f1o\u201d. Estoy de acuerdo: eso es lo que m\u00e1s rabia da de Trump; por m\u00e1s sandeces que suelte, la verdad es que duelen. Me hieren sus est\u00fapidos comentarios contra las mujeres, los inmigrantes, los pobres, me hace da\u00f1o su socarroner\u00eda, su desprecio y su estulticia.<\/p>\n<p><div class=\"jetpack-video-wrapper\"><iframe loading=\"lazy\" title=\"Michelle Obama acaba a Donald Trump con un discurso feminista (subtitulado en espa\u00f1ol)\" width=\"640\" height=\"360\" src=\"https:\/\/www.youtube.com\/embed\/w_YoX6Wo88g?feature=oembed\" frameborder=\"0\" allow=\"accelerometer; autoplay; clipboard-write; encrypted-media; gyroscope; picture-in-picture; web-share\" referrerpolicy=\"strict-origin-when-cross-origin\" allowfullscreen><\/iframe><\/div>\n<\/p>\n<h3><strong>Justin Trudeau, siempre<\/strong><\/h3>\n<p>Este hombre nos hace suspirar a todas, yo, cada vez que abre la boca, lo encuentro m\u00e1s sexy. En sus discursos deja siempre claro algo que todos deber\u00edamos saber, que feminismo no es lo contrario del machismo, feminismo no aboga por la supremac\u00eda de la mujer sobre el hombre, sino por la igualdad entre sexos. Yo soy feminista, mi marido es feminista, mis hermanos son feministas, Ricky Gervais es feminista, Alan Alda, Antonio Banderas: todos deber\u00edamos serlo.<\/p>\n<p><div class=\"jetpack-video-wrapper\"><iframe loading=\"lazy\" title=\"Justin Trudeau on Why He&#039;s a Feminist\" width=\"640\" height=\"360\" src=\"https:\/\/www.youtube.com\/embed\/ACT0FNZ440A?feature=oembed\" frameborder=\"0\" allow=\"accelerometer; autoplay; clipboard-write; encrypted-media; gyroscope; picture-in-picture; web-share\" referrerpolicy=\"strict-origin-when-cross-origin\" allowfullscreen><\/iframe><\/div>\n<\/p>\n<div id=\"article-ad-breaker-leaderboard-3\" class=\"ad-container\">\n<div id=\"gpt_lb_3\" class=\"gpt-adslot noskim\" data-google-query-id=\"COrniZyop_YCFSWQJwIdNnUMDA\">\n<h3><strong>Ricky Gervais en los Globos de Oro (2016)<\/strong><\/h3>\n<p class=\"body-text\">Se declara feminista y lo es, activamente. Cuando present\u00f3 los Globos de Oro en 2016, tres veces denunci\u00f3, con esa c\u00e1ustica acidez suya, las diferencias salariales entre hombres y mujeres.<\/p>\n<div class=\"embed embed-image embed-image-center embed-image-medium\" data-align=\"center\" data-size=\"medium\">\n<div class=\"embed-inner crop-original\">\n<div class=\"embed-image-wrap aspect-ratio-original\"><picture class=\"\"><source srcset=\"https:\/\/hips.hearstapps.com\/hmg-prod.s3.amazonaws.com\/images\/ricky-gervais-1516264507.jpg?crop=1xw:1xh;center,top&amp;resize=768:*\" media=\"(min-width: 61.25rem)\" data-srcset=\"https:\/\/hips.hearstapps.com\/hmg-prod.s3.amazonaws.com\/images\/ricky-gervais-1516264507.jpg?crop=1xw:1xh;center,top&amp;resize=768:*\" \/><source srcset=\"https:\/\/hips.hearstapps.com\/hmg-prod.s3.amazonaws.com\/images\/ricky-gervais-1516264507.jpg?crop=1xw:1xh;center,top&amp;resize=980:*\" media=\"(min-width: 48rem)\" data-srcset=\"https:\/\/hips.hearstapps.com\/hmg-prod.s3.amazonaws.com\/images\/ricky-gervais-1516264507.jpg?crop=1xw:1xh;center,top&amp;resize=980:*\" \/><source srcset=\"https:\/\/hips.hearstapps.com\/hmg-prod.s3.amazonaws.com\/images\/ricky-gervais-1516264507.jpg?crop=1xw:1xh;center,top&amp;resize=640:*\" media=\"(min-width: 30rem)\" data-srcset=\"https:\/\/hips.hearstapps.com\/hmg-prod.s3.amazonaws.com\/images\/ricky-gervais-1516264507.jpg?crop=1xw:1xh;center,top&amp;resize=640:*\" \/><img data-recalc-dims=\"1\" decoding=\"async\" class=\"lazyimage lazyloaded\" title=\"Ricky Gervais sobre feminismo\" src=\"https:\/\/i0.wp.com\/hips.hearstapps.com\/hmg-prod.s3.amazonaws.com\/images\/ricky-gervais-1516264507.jpg?w=640&#038;ssl=1\" alt=\"Ricky Gervais sobre feminismo\" data-src=\"https:\/\/hips.hearstapps.com\/hmg-prod.s3.amazonaws.com\/images\/ricky-gervais-1516264507.jpg?crop=1xw:1xh;center,top&amp;resize=480:*\" \/><\/picture><\/div>\n<\/div>\n<\/div>\n<\/div>\n<\/div>\n<div class=\"embed-inner crop-original\">\n<div class=\"social-button-group embed-image-social-button-group\" data-share-location=\"social-btns-image\">\n<div class=\"social-button social-button-pinterest embed-image-social-button social-share-button\" role=\"none\" data-tracking-id=\"share-button-pinterest\">\u00a0<\/div>\n<\/div>\n<\/div>\n<div class=\"embed-image-info\">Ricky Gervais explica que la palabra feminista no es un insulto, sino que se aplica a todo el que cree que las mujeres deber\u00edan tener los mismos derechos que los hombres.<\/p>\n<div class=\"image-credit embed-image-credit\"><span class=\"image-copyright\">Twitter<\/span><\/div>\n<\/div>\n<p class=\"body-text\">Tambi\u00e9n se meti\u00f3 con los est\u00fapidos clich\u00e9s que parece ser que circulan por Hollywood sobre el fracaso comercial de las pel\u00edculas con protagonistas femeninas. Es de los discursos m\u00e1s suaves de Gervais, consigue lanzar sus pullas, pero esta vez resultan hasta amables. Aun as\u00ed, merece la pena un visionado.<\/p>\n<\/div>\n<h3 style=\"text-align: justify;\"><a href=\"https:\/\/youtu.be\/-gltjeoFnWs\">https:\/\/youtu.be\/-gltjeoFnWs<\/a><\/h3>\n<div style=\"text-align: justify;\">\u00a0<\/div>\n<div class=\"article-body-content standard-body-content\">\n<h3 class=\"body-text\" style=\"text-align: justify;\"><strong>Clara Campoamor (1931)<\/strong><\/h3>\n<p class=\"body-text\" style=\"text-align: justify;\">No podemos ver en televisi\u00f3n el discurso que en 1931 dio Clara Campoamor en la C\u00e1mara de Diputados en defensa del voto de la mujer, pero s\u00ed que podemos <a class=\"body-link\" href=\"https:\/\/elpais.com\/sociedad\/2006\/10\/01\/actualidad\/1159653602_850215.html\" target=\"_blank\" rel=\"noopener\" data-href=\"https:\/\/elpais.com\/sociedad\/2006\/10\/01\/actualidad\/1159653602_850215.html\" data-vars-ga-outbound-link=\"https:\/\/elpais.com\/sociedad\/2006\/10\/01\/actualidad\/1159653602_850215.html\">leerlo<\/a>. Su <a class=\"body-link\" href=\"https:\/\/elpais.com\/sociedad\/2006\/10\/01\/actualidad\/1159653602_850215.html\" target=\"_blank\" rel=\"noopener\" data-href=\"https:\/\/elpais.com\/sociedad\/2006\/10\/01\/actualidad\/1159653602_850215.html\" data-vars-ga-outbound-link=\"https:\/\/elpais.com\/sociedad\/2006\/10\/01\/actualidad\/1159653602_850215.html\">transcripci\u00f3n<\/a> muestra un discurso valiente y sincero. Debi\u00f3 de calar en el hemiciclo, formado en su gran mayor\u00eda por hombres, pues consigui\u00f3 ese mismo a\u00f1o que por primera vez en Espa\u00f1a la mujer pudiera acudir a las urnas, mucho antes que en otros pa\u00edses europeos como Francia, Italia y Suiza.<\/p>\n<\/div>\n<div class=\"content-rail standard-rail\">\n<div class=\"vertical-ad standard-article-vertical-ad\">\n<div id=\"gpt-ad-vertical-top\" class=\"ad-container\">\n<div id=\"gpt_gal_a\" class=\"gpt-adslot noskim\" data-google-query-id=\"CK21jpSop_YCFTpBpAQdXUsEQA\">\n<h3><a href=\"https:\/\/youtu.be\/IUP31B950KQ\">https:\/\/youtu.be\/IUP31B950KQ<\/a><\/h3>\n<div>\u00a0<\/div>\n<\/div>\n<\/div>\n<\/div>\n<div class=\"deferred-recirculation-module\" data-template=\"#recirculation-module-template\">\n<div class=\"byline-with-image\">\n<div>\u00a0<\/div>\n<div class=\"byline \"><span class=\"\"><strong>Por <\/strong><a class=\"byline-name\" href=\"https:\/\/www.esquire.com\/es\/author\/208543\/rosa-marti\/\" data-vars-ga-ux-element=\"Byline\" data-vars-ga-call-to-action=\"Rosa Mart\u00ed\"><span class=\"byline-name\"><strong>Rosa Mart\u00ed<\/strong><\/span><\/a><\/span><\/div>\n<\/div>\n<div>https:\/\/www.esquire.com\/es\/sexo\/a15157250\/mejores-discursos-feministas\/<\/div>\n<div>FOTO: <span class=\"image-copyright\">Getty Images<\/span><\/div>\n<\/div>\n<\/div>\n<\/div>\n<\/div>\n<\/div>\n","protected":false},"excerpt":{"rendered":"<p>Porque quiz\u00e1s te ayuden a comprender su causa A todos se nos puso un nudito&#8230;<\/p>\n","protected":false},"author":1,"featured_media":52652,"comment_status":"closed","ping_status":"closed","sticky":false,"template":"","format":"standard","meta":{"_coblocks_attr":"","_coblocks_dimensions":"","_coblocks_responsive_height":"","_coblocks_accordion_ie_support":"","jetpack_post_was_ever_published":false,"_jetpack_newsletter_access":"","_jetpack_dont_email_post_to_subs":false,"_jetpack_newsletter_tier_id":0,"_jetpack_memberships_contains_paywalled_content":false,"_jetpack_memberships_contains_paid_content":false,"footnotes":"","jetpack_publicize_message":"","jetpack_publicize_feature_enabled":true,"jetpack_social_post_already_shared":true,"jetpack_social_options":{"image_generator_settings":{"template":"highway","default_image_id":0,"enabled":false},"version":2}},"categories":[1161,14,6937,15],"tags":[3603,41,19],"class_list":["post-52651","post","type-post","status-publish","format-standard","has-post-thumbnail","hentry","category-ciudadania","category-feminismo","category-sociedad","category-ultimas-noticias","tag-discursos","tag-feminismo","tag-mujeres"],"jetpack_publicize_connections":[],"jetpack_featured_media_url":"https:\/\/i0.wp.com\/miradordeatarfe.es\/wp-content\/uploads\/2022\/03\/oprah-winfreylr-1516259350.jpg?fit=980%2C654&ssl=1","jetpack_likes_enabled":true,"jetpack_sharing_enabled":true,"_links":{"self":[{"href":"https:\/\/miradordeatarfe.es\/index.php?rest_route=\/wp\/v2\/posts\/52651","targetHints":{"allow":["GET"]}}],"collection":[{"href":"https:\/\/miradordeatarfe.es\/index.php?rest_route=\/wp\/v2\/posts"}],"about":[{"href":"https:\/\/miradordeatarfe.es\/index.php?rest_route=\/wp\/v2\/types\/post"}],"author":[{"embeddable":true,"href":"https:\/\/miradordeatarfe.es\/index.php?rest_route=\/wp\/v2\/users\/1"}],"replies":[{"embeddable":true,"href":"https:\/\/miradordeatarfe.es\/index.php?rest_route=%2Fwp%2Fv2%2Fcomments&post=52651"}],"version-history":[{"count":2,"href":"https:\/\/miradordeatarfe.es\/index.php?rest_route=\/wp\/v2\/posts\/52651\/revisions"}],"predecessor-version":[{"id":52654,"href":"https:\/\/miradordeatarfe.es\/index.php?rest_route=\/wp\/v2\/posts\/52651\/revisions\/52654"}],"wp:featuredmedia":[{"embeddable":true,"href":"https:\/\/miradordeatarfe.es\/index.php?rest_route=\/wp\/v2\/media\/52652"}],"wp:attachment":[{"href":"https:\/\/miradordeatarfe.es\/index.php?rest_route=%2Fwp%2Fv2%2Fmedia&parent=52651"}],"wp:term":[{"taxonomy":"category","embeddable":true,"href":"https:\/\/miradordeatarfe.es\/index.php?rest_route=%2Fwp%2Fv2%2Fcategories&post=52651"},{"taxonomy":"post_tag","embeddable":true,"href":"https:\/\/miradordeatarfe.es\/index.php?rest_route=%2Fwp%2Fv2%2Ftags&post=52651"}],"curies":[{"name":"wp","href":"https:\/\/api.w.org\/{rel}","templated":true}]}}