{"id":52667,"date":"2022-03-07T10:03:03","date_gmt":"2022-03-07T09:03:03","guid":{"rendered":"https:\/\/miradordeatarfe.es\/?p=52667"},"modified":"2022-03-06T12:45:48","modified_gmt":"2022-03-06T11:45:48","slug":"el-gobierno-dispuesto-a-sacar-la-prostitucion-de-la-ley-del-solo-si-es-si","status":"publish","type":"post","link":"https:\/\/miradordeatarfe.es\/?p=52667","title":{"rendered":"El Gobierno, dispuesto a sacar la prostituci\u00f3n de la ley del &#8216;solo s\u00ed es s\u00ed&#8217;"},"content":{"rendered":"<h3 class=\"voc-sub-title\" style=\"text-align: justify;\">Era la exigencia de ERC, JxCat, PNV y Bildu al Gobierno, los socios sin los que no sacar\u00e1 adelante una norma que convierte en agresi\u00f3n todo acto contra la libertad sexual no consentido<\/h3>\n<div class=\"voc-detail\" style=\"text-align: justify;\" data-voc-share-selection=\"\">\n<p class=\"voc-paragraph\">El Gobierno abre la puerta a sacar de la ley del solo s\u00ed es s\u00ed&#8217; las medidas penales contra la prostituci\u00f3n si de esa manera facilita la pronta aprobaci\u00f3n de la ley, que est\u00e1 en la fase de enmiendas. As\u00ed lo indic\u00f3 este martes en el Congreso la secretaria de Estado de Igualdad, \u00c1ngela Rodr\u00edguez.<\/p>\n<p class=\"voc-paragraph\">La decisi\u00f3n de que los due\u00f1os de prost\u00edbulos o quien habitualmente alquila locales para favorecer y lucrarse con la explotaci\u00f3n sexual de otro, aunque sea con su consentimiento, ingresen en prisi\u00f3n es una reforma que amenaza con impedir la aprobaci\u00f3n del resto de la norma.<\/p>\n<\/div>\n<p class=\"voc-paragraph\" style=\"text-align: justify;\">Esta persecuci\u00f3n de los proxenetas y de la industria de la prostituci\u00f3n, con la inclusi\u00f3n en el C\u00f3digo Penal del delito de tercer\u00eda locativa, cuenta con la oposici\u00f3n de fondo de ERC, JxCat o Bildu, que consideran que la medida atenta contra la libertad de elecci\u00f3n de las prostitutas, y con la objeci\u00f3n de forma del PNV, que lo ve como un pegote en una ley hecha, fundamentalmente, para convertir en delito de agresi\u00f3n todo acto contra la libertad sexual no consentido. Sin el apoyo de los nacionalistas, el Ejecutivo no podr\u00e1 aprobar una ley que rechazan tanto PP como Vox.<\/p>\n<div class=\"voc-detail__cmp voc-detail__cmp--title voc-detail__cmp--no-margin\" style=\"text-align: justify;\">\n<h3 class=\"voc-detail__title\">A la ley de Trata<\/h3>\n<\/div>\n<p class=\"voc-paragraph\" style=\"text-align: justify;\">Eso s\u00ed, si el PSOE acepta sacar este bloque de medidas de la norma ahora en tr\u00e1mite es porque pretende incluirlas, incluso endurecidas, en la futura ley de Trata que ya elabora el Ministerio de Igualdad. Unidas Podemos es algo m\u00e1s flexible, tambi\u00e9n aspira a que la tercer\u00eda locativa se incluya en la ley de Trata, pero aceptar\u00eda incluso debatir esta posibilidad.<\/p>\n<p class=\"voc-paragraph\" style=\"text-align: justify;\">La ley del &#8216;solo s\u00ed es s\u00ed&#8217; cambia todo el cap\u00edtulo de delitos sexuales del C\u00f3digo Penal. La existencia o no de consentimiento por parte de la v\u00edctima es el centro de la nueva regulaci\u00f3n. Desaparece el abuso y todo acto no consentido ser\u00e1 agresi\u00f3n sexual y toda agresi\u00f3n con penetraci\u00f3n, violaci\u00f3n. Ya no ser\u00e1 preciso que medie violencia o intimidaci\u00f3n para condenar por ambas categor\u00edas. Pero no se limita solo a los delitos sexuales. Se ocupa de todos las violencias contra las mujeres por el hecho de serlo. Por ello extiende la asistencia y protecci\u00f3n que ya existe para las v\u00edctimas de la violencia de g\u00e9nero a todas las v\u00edctimas de las violencias machistas<\/p>\n<div class=\"voc-info-container\">\n<h3 class=\"voc-title\" style=\"text-align: justify;\"><a class=\"voc-author\" title=\"ALFONSO TORICES\" href=\"https:\/\/www.leonoticias.com\/autor\/alfonso-torices-118.html\">ALFONSO TORICES<\/a><\/h3>\n<p style=\"text-align: justify;\">FOTO: <span class=\"voc-photo-caption\">La secretaria de Estado de Igualdad y contra la Violencia de G\u00e9nero, \u00c1ngela Rodr\u00edguez, comparece en la comisi\u00f3n de Seguimiento y Evaluaci\u00f3n de los Acuerdos del Pacto de Estado en materia de Violencia de G\u00e9nero. \/ <\/span><span class=\"voc-photo-author\">EFE<\/span><\/p>\n<p>https:\/\/www.leonoticias.com\/sociedad\/gobierno-abre-sacar-20220301202504-ntrc.html<\/p>\n<p>&nbsp;<\/p>\n<\/div>\n","protected":false},"excerpt":{"rendered":"<p>Era la exigencia de ERC, JxCat, PNV y Bildu al Gobierno, los socios sin los&#8230;<\/p>\n","protected":false},"author":1,"featured_media":52668,"comment_status":"closed","ping_status":"closed","sticky":false,"template":"","format":"standard","meta":{"_coblocks_attr":"","_coblocks_dimensions":"","_coblocks_responsive_height":"","_coblocks_accordion_ie_support":"","jetpack_post_was_ever_published":false,"_jetpack_newsletter_access":"","_jetpack_dont_email_post_to_subs":false,"_jetpack_newsletter_tier_id":0,"_jetpack_memberships_contains_paywalled_content":false,"_jetpack_memberships_contains_paid_content":false,"footnotes":"","jetpack_publicize_message":"","jetpack_publicize_feature_enabled":true,"jetpack_social_post_already_shared":true,"jetpack_social_options":{"image_generator_settings":{"template":"highway","default_image_id":0,"enabled":false},"version":2}},"categories":[1161,14,44,7671,6937,15],"tags":[47,41,21],"class_list":["post-52667","post","type-post","status-publish","format-standard","has-post-thumbnail","hentry","category-ciudadania","category-feminismo","category-noticias-de-hoy","category-politica","category-sociedad","category-ultimas-noticias","tag-8-de-marzo","tag-feminismo","tag-igualdad"],"jetpack_publicize_connections":[],"jetpack_featured_media_url":"https:\/\/i0.wp.com\/miradordeatarfe.es\/wp-content\/uploads\/2022\/03\/angela-rodriguez-efe-kCbD-RObwXpw3EmedRjsfv0UGuxM-624x385%40RC.jpg?fit=624%2C385&ssl=1","jetpack_likes_enabled":true,"jetpack_sharing_enabled":true,"_links":{"self":[{"href":"https:\/\/miradordeatarfe.es\/index.php?rest_route=\/wp\/v2\/posts\/52667","targetHints":{"allow":["GET"]}}],"collection":[{"href":"https:\/\/miradordeatarfe.es\/index.php?rest_route=\/wp\/v2\/posts"}],"about":[{"href":"https:\/\/miradordeatarfe.es\/index.php?rest_route=\/wp\/v2\/types\/post"}],"author":[{"embeddable":true,"href":"https:\/\/miradordeatarfe.es\/index.php?rest_route=\/wp\/v2\/users\/1"}],"replies":[{"embeddable":true,"href":"https:\/\/miradordeatarfe.es\/index.php?rest_route=%2Fwp%2Fv2%2Fcomments&post=52667"}],"version-history":[{"count":1,"href":"https:\/\/miradordeatarfe.es\/index.php?rest_route=\/wp\/v2\/posts\/52667\/revisions"}],"predecessor-version":[{"id":52669,"href":"https:\/\/miradordeatarfe.es\/index.php?rest_route=\/wp\/v2\/posts\/52667\/revisions\/52669"}],"wp:featuredmedia":[{"embeddable":true,"href":"https:\/\/miradordeatarfe.es\/index.php?rest_route=\/wp\/v2\/media\/52668"}],"wp:attachment":[{"href":"https:\/\/miradordeatarfe.es\/index.php?rest_route=%2Fwp%2Fv2%2Fmedia&parent=52667"}],"wp:term":[{"taxonomy":"category","embeddable":true,"href":"https:\/\/miradordeatarfe.es\/index.php?rest_route=%2Fwp%2Fv2%2Fcategories&post=52667"},{"taxonomy":"post_tag","embeddable":true,"href":"https:\/\/miradordeatarfe.es\/index.php?rest_route=%2Fwp%2Fv2%2Ftags&post=52667"}],"curies":[{"name":"wp","href":"https:\/\/api.w.org\/{rel}","templated":true}]}}