{"id":52670,"date":"2022-03-04T09:34:57","date_gmt":"2022-03-04T08:34:57","guid":{"rendered":"https:\/\/miradordeatarfe.es\/?p=52670"},"modified":"2022-03-02T13:53:21","modified_gmt":"2022-03-02T12:53:21","slug":"el-gobierno-aprueba-el-curriculo-de-primaria-para-el-curso-que-viene","status":"publish","type":"post","link":"https:\/\/miradordeatarfe.es\/?p=52670","title":{"rendered":"El Gobierno aprueba el curr\u00edculo de Primaria para el curso que viene"},"content":{"rendered":"<div class=\"cte\">\n<h3 style=\"text-align: justify;\"><strong>El Real Decreto modifica la ordenaci\u00f3n y la organizaci\u00f3n de las ense\u00f1anzas, recuperando los tres ciclos de dos cursos cada uno, y atender\u00e1 de forma prioritaria los efectos que las desigualdades de diversos or\u00edgenes tienen en el aprendizaje y evoluci\u00f3n de los ni\u00f1os y las ni\u00f1as<\/strong><\/h3>\n<ul style=\"text-align: justify;\">\n<li><strong>Las comunidades aut\u00f3nomas ser\u00e1n las responsables de establecer el curr\u00edculo de esta etapa a partir de las ense\u00f1anzas m\u00ednimas establecidas por este Real Decreto<\/strong><\/li>\n<\/ul>\n<p style=\"text-align: justify;\">El Consejo de Ministros ha aprobado este martes el Real Decreto que fija la ordenaci\u00f3n y las ense\u00f1anzas m\u00ednimas de la Educaci\u00f3n Primaria, que establece un curr\u00edculo basado en competencias y orientado a facilitar el desarrollo educativo y la formaci\u00f3n integral de los alumnos y alumnas. Esta etapa volver\u00e1 a tener tres ciclos de dos cursos y atender\u00e1 de forma prioritaria los efectos que las desigualdades de diversos or\u00edgenes tienen en el aprendizaje y evoluci\u00f3n de los ni\u00f1os y las ni\u00f1as.<\/p>\n<p style=\"text-align: justify;\">La finalidad de la Educaci\u00f3n Primaria es facilitar los aprendizajes de la expresi\u00f3n y comprensi\u00f3n oral, la lectura, la escritura, el c\u00e1lculo, las habilidades l\u00f3gicas y matem\u00e1ticas, la adquisici\u00f3n de nociones b\u00e1sicas de la cultura, y el h\u00e1bito de convivencia, as\u00ed como los de estudio y trabajo, el sentido art\u00edstico, la creatividad y la afectividad, con el fin de garantizar una formaci\u00f3n integral que contribuya al pleno desarrollo de su personalidad, y de prepararlos para cursar la Educaci\u00f3n Secundaria Obligatoria.<\/p>\n<p style=\"text-align: justify;\">Para ello, se establecen ocho competencias clave para esta etapa: competencia en comunicaci\u00f3n ling\u00fc\u00edstica; pluriling\u00fce; matem\u00e1tica y en ciencia, tecnolog\u00eda e ingenier\u00eda; digital; personal, social y de aprender a aprender; ciudadana; emprendedora; y competencia en conciencia y expresi\u00f3n culturales.<\/p>\n<p style=\"text-align: justify;\">Adem\u00e1s de estas competencias, el Real Decreto establece las \u00e1reas en las que se organizan: Conocimiento del Medio Natural, Social y Cultural; Educaci\u00f3n Art\u00edstica; Educaci\u00f3n F\u00edsica; Lengua Castellana y Literatura y, si la hubiere, Lengua Cooficial y Literatura, Lengua Extranjera y Matem\u00e1ticas. A esto se a\u00f1adir\u00e1 Educaci\u00f3n en Valores C\u00edvicos y \u00c9ticos, que deber\u00e1 programarse en alguno de los cursos del tercer ciclo, y una segunda lengua extranjera, otra lengua cooficial y\/o un \u00e1rea de car\u00e1cter transversal, si las comunidades aut\u00f3nomas as\u00ed lo deciden.<\/p>\n<p style=\"text-align: justify;\">Ser\u00e1n, precisamente, las comunidades aut\u00f3nomas las responsables de establecer el curr\u00edculo de esta etapa a partir de las ense\u00f1anzas m\u00ednimas fijadas por el Gobierno en este Real Decreto. Los centros educativos y el profesorado adaptar\u00e1n las ense\u00f1anzas a los ni\u00f1os y ni\u00f1as que conforman sus grupos.<\/p>\n<p style=\"text-align: justify;\">Este Real Decreto se suma al Real Decreto por el que se establece la ordenaci\u00f3n y las ense\u00f1anzas m\u00ednimas de la <a href=\"https:\/\/educagob.educacionyfp.gob.es\/curriculo\/nuevo-curriculo\/menu-curriculos-basicos\/ed-infantil.html\">Educaci\u00f3n Infantil<\/a>, <a href=\"https:\/\/www.educacionyfp.gob.es\/prensa\/actualidad\/2022\/02\/2022001-rdinfantil.html\">aprobado el 1 de febrero<\/a>, que por primera vez regula y dota de car\u00e1cter educativo al primer ciclo de 0 a 3 a\u00f1os.<\/p>\n<p style=\"text-align: justify;\"><strong>Evaluaci\u00f3n global y continua<\/strong><\/p>\n<p style=\"text-align: justify;\">Esta nueva ordenaci\u00f3n para la Educaci\u00f3n Primaria, que empezar\u00e1 a implantarse en los primeros cursos de cada ciclo en el curso escolar 2022-2023, establece asimismo que la evaluaci\u00f3n del alumnado ser\u00e1 \u201cglobal, continua y formativa\u201d y que \u201ctendr\u00e1 en cuenta el grado de desarrollo de las competencias clave\u201d con las que el alumnado aprende a desarrollar estrategias que le permitan responder a los retos del mundo actual.<\/p>\n<p style=\"text-align: justify;\">Cuando el progreso de un alumno o alumna no sea el adecuado, se establecer\u00e1n medidas de refuerzo educativo y las decisiones sobre la promoci\u00f3n ser\u00e1n tomadas de forma colegiada por todo el equipo docente a la finalizaci\u00f3n de cada uno de los tres ciclos. La repetici\u00f3n ser\u00e1, en todo caso, una medida excepcional.<\/p>\n<p style=\"text-align: justify;\"><strong>Nuevo Centro de Referencia Nacional especializado en fabricaci\u00f3n mec\u00e1nica<\/strong><\/p>\n<p style=\"text-align: justify;\">Por otro lado, el Consejo de Ministros ha aprobado tambi\u00e9n la creaci\u00f3n de un nuevo Centro de Referencia Nacional (CRN) de la familia de Fabricaci\u00f3n Mec\u00e1nica en el \u00e1mbito de la Formaci\u00f3n Profesional. Se trata del Centro Nacional de Formaci\u00f3n Profesional para el Empleo de Construcciones Met\u00e1licas de Oviedo que, a partir de ahora, se convierte en un centro de referencia en su \u00e1rea, y pasa a formar parte de la red de Centros de Referencia Nacional de Espa\u00f1a, que suma un total de 39.<\/p>\n<p style=\"text-align: justify;\">Este centro, especializado en el sector de construcciones met\u00e1licas y fundici\u00f3n, servir\u00e1 para promover redes de colaboraci\u00f3n con empresas, detectar nuevas cualificaciones profesionales, o participar en los procedimientos de evaluaci\u00f3n y acreditaci\u00f3n de competencias profesionales, entre otros.<\/p>\n<p style=\"text-align: justify;\">Con esta nueva creaci\u00f3n, el MEFP sigue fortaleciendo el tejido de estos centros referentes en el sistema de Formaci\u00f3n Profesional que realizan acciones de innovaci\u00f3n, experimentaci\u00f3n y formaci\u00f3n.<\/p>\n<p style=\"text-align: justify;\">La <a href=\"https:\/\/www.educacionyfp.gob.es\/destacados\/nueva-ley-fp.html\">futura Ley Org\u00e1nica de Ordenaci\u00f3n e Integraci\u00f3n de la Formaci\u00f3n Profesional<\/a>, actualmente en tramitaci\u00f3n parlamentaria, impulsar\u00e1 la conexi\u00f3n de los Centros de Referencia Nacional con el tejido productivo de su entorno, para garantizar un sistema de formaci\u00f3n de calidad, acorde con las necesidades de cualificaci\u00f3n de los perfiles profesionales.<\/p>\n<ul>\n<li><strong><a title=\"Enlace externo, se abre en ventana nueva.\" href=\"http:\/\/www.boe.es\/boe\/dias\/2022\/02\/02\/pdfs\/BOE-A-2022-1654.pdf\" target=\"_blank\" rel=\"external noopener\">Real Decreto por el que se establece la ordenaci\u00f3n y las ense\u00f1anzas m\u00ednimas de la Educaci\u00f3n Infantil<span class=\"ns\">Enlace externo, se abre en ventana nueva<\/span><\/a> <img data-recalc-dims=\"1\" loading=\"lazy\" decoding=\"async\" title=\"BOE\" src=\"https:\/\/i0.wp.com\/www.educacionyfp.gob.es\/docroot\/img\/iconos\/13\/ico-boe.gif?resize=30%2C13&#038;ssl=1\" alt=\"BOE\" width=\"30\" height=\"13\" \/><\/strong><\/li>\n<li><strong><a title=\"Enlace externo, se abre en ventana nueva.\" href=\"https:\/\/www.boe.es\/boe\/dias\/2022\/03\/02\/pdfs\/BOE-A-2022-3296.pdf\" target=\"_blank\" rel=\"external noopener\">Real Decreto por el que se establecen la ordenaci\u00f3n y las ense\u00f1anzas m\u00ednimas de la Educaci\u00f3n Primaria<span class=\"ns\">Enlace externo, se abre en ventana nueva<\/span><\/a> <img data-recalc-dims=\"1\" loading=\"lazy\" decoding=\"async\" title=\"BOE\" src=\"https:\/\/i0.wp.com\/www.educacionyfp.gob.es\/docroot\/img\/iconos\/13\/ico-boe.gif?resize=30%2C13&#038;ssl=1\" alt=\"BOE\" width=\"30\" height=\"13\" \/><\/strong><\/li>\n<\/ul>\n<\/div>\n","protected":false},"excerpt":{"rendered":"<p>El Real Decreto modifica la ordenaci\u00f3n y la organizaci\u00f3n de las ense\u00f1anzas, recuperando los tres&#8230;<\/p>\n","protected":false},"author":1,"featured_media":52671,"comment_status":"closed","ping_status":"closed","sticky":false,"template":"","format":"standard","meta":{"_coblocks_attr":"","_coblocks_dimensions":"","_coblocks_responsive_height":"","_coblocks_accordion_ie_support":"","jetpack_post_was_ever_published":false,"_jetpack_newsletter_access":"","_jetpack_dont_email_post_to_subs":false,"_jetpack_newsletter_tier_id":0,"_jetpack_memberships_contains_paywalled_content":false,"_jetpack_memberships_contains_paid_content":false,"footnotes":"","jetpack_publicize_message":"","jetpack_publicize_feature_enabled":true,"jetpack_social_post_already_shared":true,"jetpack_social_options":{"image_generator_settings":{"template":"highway","default_image_id":0,"enabled":false},"version":2}},"categories":[187,1161,44,7671,6937,15],"tags":[1806,1390,8994],"class_list":["post-52670","post","type-post","status-publish","format-standard","has-post-thumbnail","hentry","category-centros-educativos","category-ciudadania","category-noticias-de-hoy","category-politica","category-sociedad","category-ultimas-noticias","tag-infantil","tag-primaria","tag-real-decreto"],"jetpack_publicize_connections":[],"jetpack_featured_media_url":"https:\/\/i0.wp.com\/miradordeatarfe.es\/wp-content\/uploads\/2022\/03\/clase-colegio-n.garcia-k7PG-RE9yzGQqZim6leqhK6OJl5J-624x385%40RC.jpg?fit=624%2C385&ssl=1","jetpack_likes_enabled":true,"jetpack_sharing_enabled":true,"_links":{"self":[{"href":"https:\/\/miradordeatarfe.es\/index.php?rest_route=\/wp\/v2\/posts\/52670","targetHints":{"allow":["GET"]}}],"collection":[{"href":"https:\/\/miradordeatarfe.es\/index.php?rest_route=\/wp\/v2\/posts"}],"about":[{"href":"https:\/\/miradordeatarfe.es\/index.php?rest_route=\/wp\/v2\/types\/post"}],"author":[{"embeddable":true,"href":"https:\/\/miradordeatarfe.es\/index.php?rest_route=\/wp\/v2\/users\/1"}],"replies":[{"embeddable":true,"href":"https:\/\/miradordeatarfe.es\/index.php?rest_route=%2Fwp%2Fv2%2Fcomments&post=52670"}],"version-history":[{"count":1,"href":"https:\/\/miradordeatarfe.es\/index.php?rest_route=\/wp\/v2\/posts\/52670\/revisions"}],"predecessor-version":[{"id":52672,"href":"https:\/\/miradordeatarfe.es\/index.php?rest_route=\/wp\/v2\/posts\/52670\/revisions\/52672"}],"wp:featuredmedia":[{"embeddable":true,"href":"https:\/\/miradordeatarfe.es\/index.php?rest_route=\/wp\/v2\/media\/52671"}],"wp:attachment":[{"href":"https:\/\/miradordeatarfe.es\/index.php?rest_route=%2Fwp%2Fv2%2Fmedia&parent=52670"}],"wp:term":[{"taxonomy":"category","embeddable":true,"href":"https:\/\/miradordeatarfe.es\/index.php?rest_route=%2Fwp%2Fv2%2Fcategories&post=52670"},{"taxonomy":"post_tag","embeddable":true,"href":"https:\/\/miradordeatarfe.es\/index.php?rest_route=%2Fwp%2Fv2%2Ftags&post=52670"}],"curies":[{"name":"wp","href":"https:\/\/api.w.org\/{rel}","templated":true}]}}