{"id":52686,"date":"2022-03-03T08:08:52","date_gmt":"2022-03-03T07:08:52","guid":{"rendered":"https:\/\/miradordeatarfe.es\/?p=52686"},"modified":"2022-03-02T14:12:53","modified_gmt":"2022-03-02T13:12:53","slug":"el-22-del-2-de-los-2-antonios-machado-y-forges","status":"publish","type":"post","link":"https:\/\/miradordeatarfe.es\/?p=52686","title":{"rendered":"El 22 del 2 de los 2 Antonios: Machado y Forges"},"content":{"rendered":"<div class=\"row \">\n<div class=\"col-12 col-md-9 \">\n<h3 style=\"text-align: justify;\">El 22 de febrero ha sido intenso en nostalgias. Forges y Machado: los dos Antonios. Un aniversario tan redondo como los 80 a\u00f1os de la muerte del poeta provoc\u00f3 que casi todos los medios de comunicaci\u00f3n le dedicaran un recuerdo. El otro Antonio, el grand\u00e9rrimo Fraguas, nos dej\u00f3 plantados hace menos tiempo; hace solo un a\u00f1o, pero la coincidencia de las fechas har\u00e1 que siempre, siempre, siempre\u2026 se les recuerde a la vez e inseparables cada 22 de febrero.<\/h3>\n<div style=\"text-align: justify;\">\nLos dos fallecieron el mismo d\u00eda y los dos recibieron sepultura al d\u00eda siguiente. Fueron distintas las circunstancias (peor la de Machado) y muy diferentes los duelos (inmejorable el de Fraguas). Ojal\u00e1 no hubiera tenido que formar parte del cortejo de Forges, pero, vista la inevitabilidad, me felicito por haber podido estar de principio a fin. Pude ir al velatorio m\u00e1s pluridisciplinar que he visto en mi vida; sin postureos por parte de la inmensa mayor\u00eda de los que acudieron: actores, cantantes, periodistas, panaderos, pol\u00edticos, actrices, humoristas, fil\u00f3logas, dibujantes, escritores, profesores, hosteleros, m\u00fasicos\u2026 Aquella sala del tanatorio de la M-30 era un chorreo continuo de gente.<\/div>\n<div style=\"text-align: justify;\">\nPude asistir tambi\u00e9n al d\u00eda siguiente a la ceremonia previa a la cremaci\u00f3n, en una min\u00fascula y cutre sala laica que no pudo acoger ni a una cuarta parte de los que acudieron; mientras, en la espaciosa, c\u00f3moda y adornad\u00edsima sala religiosa de al lado se celebraba un funeral en la que no se cubr\u00eda, ni de lejos, la mitad del aforo. Y tambi\u00e9n fui al entierro de las cenizas. Suerte que andaba por all\u00ed el compa\u00f1ero Ram\u00f3n Lobo y pudimos ocupar aquellas cuatro o cinco horas de espera de la forma m\u00e1s \u201cforgiana\u201d posible: haciendo tiempo visitando el antiguo cementerio civil y arrim\u00e1ndonos despu\u00e9s un cocido en un bar de barrio mientras daban las cuatro y media de la tarde.<br \/>\nEs una costumbre que tiene el periodista Ram\u00f3n Lobo esa de, tras una ceremonia de cremaci\u00f3n en la que quedan arrumbados todos los arreglos florales en la puerta del crematorio, birlar con el permiso de la familia unas cuantas flores para llevarlas a unas elegidas tumbas del antiguo cementerio civil. Busc\u00f3 los mejores claveles, hizo un ramo, enfilamos hacia abajo la Avenida de Daroca y entramos al Civil. Qu\u00e9 fr\u00edo. Y cu\u00e1nto sol.<\/div>\n<div style=\"text-align: justify;\">\nFuimos dejando claveles rojos en las tumbas de unos cuantos revoltosos que, con el benepl\u00e1cito de To\u00f1o Fraguas, Ram\u00f3n Lobo hab\u00eda mangado a las coronas de Forges. Don P\u00edo Baroja tuvo su flor, y la periodista Carmen de Burgos \u201cColombine\u201d, y Arturo Soria, y el teniente Castillo, y Pablo Iglesias, y un par de conocidos de Ram\u00f3n Lobo, y dos o tres librepensadores m\u00e1s, y Maravilla Leal -la primera enterrada en el civil, suicida y castigada a finales del siglo XIX por la Iglesia a no tocar tierra bendecida-, y Juli\u00e1n Besteiro y Giner de los R\u00edos, y Blas de Otero\u2026 En el muro donde fusilaron a las Trece Rosas, junto a la puerta de O\u2019Donnell del cementerio de La Almudena, quedaron los dos \u00faltimos claveles de Antonio.<\/div>\n<div style=\"text-align: justify;\">\nUna pena que la corona que sufri\u00f3 el atraco llegara un tanto perjudicada a la sepultura que esperaba a Forges. Pero ni se notaba; hab\u00eda tal acumulaci\u00f3n de flores rodeando toda la tumba y amontonadas sobre la l\u00e1pida por los empleados del cementerio que las hab\u00edan llevado hasta all\u00ed, que cuando una de las hijas de Antonio vio el jard\u00edn all\u00ed acumulado, se espant\u00f3: \u201c\u00a1\u00bfEsa es la tumba de mi padre?! \u00a1Pero si parece la de una corista\u2026!\u201d. Es una Fraguas, est\u00e1 claro. Y me mord\u00ed los labios por dentro para que no se escapara la carcajada.<\/div>\n<div style=\"text-align: justify;\">\nHubo que hacer tiempo mientras llegaba la urna con las cenizas. Cada uno mataba el tiempo como pod\u00eda: Pilar, la viuda, comentando los planes para el dise\u00f1o de la nueva l\u00e1pida; muchos dando pase\u00edtos cortos para que aquella despedida definitiva pasara pronto o no llegara nunca; casi todos con las gafas de sol puestas para ocultar unos ojos enrojecidos que parec\u00edan reci\u00e9n salidos de un after; otros, leyendo las cintas de las coronas\u2026 Una de la radio, otra del Opus, esta otra de unos comunistas\u2026 Si Forges tuvo en su entierro dos coronas enviadas por una prelatura fundamentalista cat\u00f3lica y por un partido de la extrema izquierda, una de dos, o lo ha hecho muy bien o algunos no han entendido nada. O las dos cosas. (Mira que si Ram\u00f3n Lobo retir\u00f3 los claveles de la corona que enviaron los fans de Escriv\u00e1 de Balaguer\u2026). Qu\u00e9 justicia tan po\u00e9tica ser\u00eda que las flores del Opus hubieran acabado en las tumbas del cementerio civil a los que se les neg\u00f3 entierro en sagrado\u2026<\/div>\n<div style=\"text-align: justify;\">\nTambi\u00e9n disfrut\u00f3 Forges de una corona que no era suya. Y otro fallecido incinerado aquella misma ma\u00f1ana se llev\u00f3 alguna de Antonio, porque se juntaron demasiadas coronas y hubo alg\u00fan despiste en la adjudicaci\u00f3n. Al menos la corona que firmaba una compa\u00f1\u00eda de teatro y donde dec\u00eda \u201cGracias por ense\u00f1arnos \u2018La flor de la maravilla\u2019\u201d, esa, seguro, no era para Forges.<\/div>\n<div style=\"text-align: justify;\">\nSe echaron encima las cuatro y media, lleg\u00f3 Forges, rod\u00f3 la l\u00e1pida y, al m\u00e1s puro estilo egipcio, To\u00f1o Fraguas no dej\u00f3 que su padre se fuera a la tumba sin las ofrendas de su instrumental: papel con la forma de las vi\u00f1etas, una de sus plumas y el pa\u00f1o de algod\u00f3n usado, con manchas de tinta, que utilizaba\u00a0para limpiarlas.<br \/>\nY ya est\u00e1, Antonio, solo quer\u00eda contarte que pasaron muchas cosas el d\u00eda de tu entierro y que me hiciste re\u00edr. He estado un a\u00f1o esperando para poder dec\u00edrtelo. Antes no he podido.<\/div>\n<\/div>\n<\/div>\n<div class=\"col-12 col-md-5\" style=\"text-align: justify;\">\n<h3>Nieves Concostrina<\/h3>\n<\/div>\n<div class=\"row mt-5\">\n<div class=\"col-12 col-md-2  text-center\">\n<div style=\"text-align: justify;\">https:\/\/www.revistaadios.es\/articulo\/88\/El-22-del-2-de-los-2-Antonios-Machado-y-Forges.html<\/div>\n<\/div>\n<\/div>\n","protected":false},"excerpt":{"rendered":"<p>El 22 de febrero ha sido intenso en nostalgias. Forges y Machado: los dos Antonios&#8230;.<\/p>\n","protected":false},"author":1,"featured_media":52687,"comment_status":"closed","ping_status":"closed","sticky":false,"template":"","format":"standard","meta":{"_coblocks_attr":"","_coblocks_dimensions":"","_coblocks_responsive_height":"","_coblocks_accordion_ie_support":"","jetpack_post_was_ever_published":false,"_jetpack_newsletter_access":"","_jetpack_dont_email_post_to_subs":false,"_jetpack_newsletter_tier_id":0,"_jetpack_memberships_contains_paywalled_content":false,"_jetpack_memberships_contains_paid_content":false,"footnotes":"","jetpack_publicize_message":"","jetpack_publicize_feature_enabled":true,"jetpack_social_post_already_shared":true,"jetpack_social_options":{"image_generator_settings":{"template":"highway","default_image_id":0,"enabled":false},"version":2}},"categories":[1161,44,6937,15],"tags":[820,388],"class_list":["post-52686","post","type-post","status-publish","format-standard","has-post-thumbnail","hentry","category-ciudadania","category-noticias-de-hoy","category-sociedad","category-ultimas-noticias","tag-muerte","tag-recuerdos"],"jetpack_publicize_connections":[],"jetpack_featured_media_url":"https:\/\/i0.wp.com\/miradordeatarfe.es\/wp-content\/uploads\/2022\/03\/Tumba-Forges.jpg?fit=709%2C419&ssl=1","jetpack_likes_enabled":true,"jetpack_sharing_enabled":true,"_links":{"self":[{"href":"https:\/\/miradordeatarfe.es\/index.php?rest_route=\/wp\/v2\/posts\/52686","targetHints":{"allow":["GET"]}}],"collection":[{"href":"https:\/\/miradordeatarfe.es\/index.php?rest_route=\/wp\/v2\/posts"}],"about":[{"href":"https:\/\/miradordeatarfe.es\/index.php?rest_route=\/wp\/v2\/types\/post"}],"author":[{"embeddable":true,"href":"https:\/\/miradordeatarfe.es\/index.php?rest_route=\/wp\/v2\/users\/1"}],"replies":[{"embeddable":true,"href":"https:\/\/miradordeatarfe.es\/index.php?rest_route=%2Fwp%2Fv2%2Fcomments&post=52686"}],"version-history":[{"count":1,"href":"https:\/\/miradordeatarfe.es\/index.php?rest_route=\/wp\/v2\/posts\/52686\/revisions"}],"predecessor-version":[{"id":52688,"href":"https:\/\/miradordeatarfe.es\/index.php?rest_route=\/wp\/v2\/posts\/52686\/revisions\/52688"}],"wp:featuredmedia":[{"embeddable":true,"href":"https:\/\/miradordeatarfe.es\/index.php?rest_route=\/wp\/v2\/media\/52687"}],"wp:attachment":[{"href":"https:\/\/miradordeatarfe.es\/index.php?rest_route=%2Fwp%2Fv2%2Fmedia&parent=52686"}],"wp:term":[{"taxonomy":"category","embeddable":true,"href":"https:\/\/miradordeatarfe.es\/index.php?rest_route=%2Fwp%2Fv2%2Fcategories&post=52686"},{"taxonomy":"post_tag","embeddable":true,"href":"https:\/\/miradordeatarfe.es\/index.php?rest_route=%2Fwp%2Fv2%2Ftags&post=52686"}],"curies":[{"name":"wp","href":"https:\/\/api.w.org\/{rel}","templated":true}]}}